{"id":8877,"date":"2023-08-21T14:58:07","date_gmt":"2023-08-21T17:58:07","guid":{"rendered":"https:\/\/grandelojams.org.br\/?p=4239"},"modified":"2025-06-20T16:17:56","modified_gmt":"2025-06-20T19:17:56","slug":"em-bonito-i-festival-maconico-do-sudoeste-supera-as-expectativas","status":"publish","type":"post","link":"https:\/\/grandelojams.org.br\/es\/em-bonito-i-festival-maconico-do-sudoeste-supera-as-expectativas\/","title":{"rendered":"I FESTIVAL MA\u00c7\u00d4NICO DO SUDOESTE MARCA DIA DO MA\u00c7OM, EM BONITO"},"content":{"rendered":"<p style=\"text-align: left;\">Aconteceu neste final de semana no munic\u00edpio de Bonito, em comemora\u00e7\u00e3o ao Dia do Ma\u00e7om, o I Festival Ma\u00e7\u00f4nico do Sudoeste. Foram dois dias de bastante atividade e cerca de 300 pessoas, de v\u00e1rias regi\u00f5es do Estado, prestigiaram o evento.<\/p>\n<p>A abertura do Festival aconteceu no s\u00e1bado pela manh\u00e3, no sal\u00e3o de festas da Loja Gon\u00e7alves Ledo, \u00a0com caf\u00e9 da manh\u00e3 e mensagem de boas vindas das lojas anfitri\u00e3s, feita pelo Delegado Regional, da S\u00e9tima Regi\u00e3o da GLEMS, irm\u00e3o Sergio Silva de Souza que falou em nome do Ven\u2234 M\u2234 da BARLS Estrela do Sudoeste, N\u00ba 10, de Guia Lopes; \u00a0do Ven\u2234 M\u2234 Rubens de Souza Lopes, da BARLS Estrela do Apa, N\u00ba 9, de Bela Vista; do Ven\u2234 M\u2234 Assis do Carmo, da ARLS Retirada da Laguna, N\u00ba 37, de Jardim e do Ven\u2234 M\u2234 Diego Nantes, da BARLS Gon\u00e7alves Ledo N\u00ba 16, de Bonito.<\/p>\n<p><img fetchpriority=\"high\" decoding=\"async\" class=\"size-medium wp-image-4251 aligncenter\" src=\"https:\/\/grandelojams.org.br\/wp-content\/uploads\/2023\/08\/palestra-jordao2-300x225.jpeg\" alt=\"\" width=\"300\" height=\"225\" \/><\/p>\n<p>Foi dada a palavra ao Seren\u00edssimo Gr\u00e3o-Mestre, ir\u2234 Ademar de Souza Freitas, que parabenizou os organizadores. Em seguida aconteceu a palestra com o ir\u2234 Jord\u00e3o Abreu J\u00fanior, que falou sobre \u201cA Busca da Felicidade\u201d.<\/p>\n<p>Ainda pela manh\u00e3 foi realizada, no templo, uma reuni\u00e3o administrativa com o Gr\u00e3o-Mestre, onde aproveitou para prestar contas da gest\u00e3o e falar das a\u00e7\u00f5es e dos eventos que a Grande Loja est\u00e1 organizando ainda para o ano de 2023.<\/p>\n<p>\u201cEsse \u00e9 um momento importante para colocarmos os irm\u00e3os da regi\u00e3o a par do que j\u00e1 promovemos e tamb\u00e9m do que estamos fazendo pela nossa Ordem, em Mato Grosso do Sul. Aproveitamos para destacar, entre os eventos que iremos realizar, os Encontros de Neg\u00f3cios das Fronteiras, Brasil\/Bol\u00edvia que acontece nos dias 08 e 09 de setembro, em Corumb\u00e1 e Brasil\/Paraguay que acontece nos dias 15 e 16 de setembro, em Ponta Por\u00e3. Neste \u00faltimo j\u00e1 temos confirmada a presen\u00e7a do Governador do Estado, Eduardo Riedel, que ser\u00e1 um dos palestrantes, onde teremos tamb\u00e9m a participa\u00e7\u00e3o de v\u00e1rias autoridades do lado paraguaio\u201d, ressaltou o Gr\u00e3o-Mestre.<\/p>\n<p><img decoding=\"async\" class=\"size-medium wp-image-4246 aligncenter\" src=\"https:\/\/grandelojams.org.br\/wp-content\/uploads\/2023\/08\/cunhadas3-300x169.jpeg\" alt=\"\" width=\"300\" height=\"169\" \/><\/p>\n<p>Paralela a reuni\u00e3o administrativa foi feita uma confraterniza\u00e7\u00e3o entre as cunhadas, no sal\u00e3o de festas da Loja Gon\u00e7alves Ledo, onde aconteceu diversas atividades de intera\u00e7\u00e3o e ainda sorteio de brindes entre as participantes. \u201cComo \u00e9 bom nos reunirmos em fam\u00edlia ma\u00e7\u00f4nica. Estreitar os la\u00e7os de amizade e poder ter um momento de descontra\u00e7\u00e3o e alegria\u201d, relata cunhada Lourdinha, esposa do Gr\u00e3o-Mestre.<\/p>\n<p>Ap\u00f3s o t\u00e9rmino das atividades matinais, um almo\u00e7o foi servido no Esporte Clube Uni\u00e3o, de Bonito, local onde aconteceu os jogos das semifinais da Copa Ma\u00e7\u00f4nica de Futebol 7 e a fase eliminat\u00f3ria do Campeonato de Truco, no per\u00edodo da tarde, onde tamb\u00e9m foi realizado um Bingo Beneficente, entre as cunhadas.<\/p>\n<p>O domingo, 20 de agosto, data em que se comemora no Brasil, o Dia do Ma\u00e7om, foi bastante festivo. Aconteceram as finais da Copa Ma\u00e7\u00f4nica e do Torneio de Truco, a entrega das premia\u00e7\u00f5es, uma ora\u00e7\u00e3o de agradecimento feita pelo Eminente Gr\u00e3o-Mestre Adjunto, ir\u2234 Heron dos Santos Filho e o encerramento das atividades com um delicioso churrasco.<\/p>\n<p><img decoding=\"async\" class=\"alignnone size-medium wp-image-4249 aligncenter\" src=\"https:\/\/grandelojams.org.br\/wp-content\/uploads\/2023\/08\/oracao-Dia-do-Macom-300x169.jpeg\" alt=\"\" width=\"300\" height=\"169\" \/><\/p>\n\n","protected":false},"excerpt":{"rendered":"<p>Aconteceu neste final de semana no munic\u00edpio de Bonito, em comemora\u00e7\u00e3o ao Dia do Ma\u00e7om, o I Festival Ma\u00e7\u00f4nico do Sudoeste. Foram dois dias de bastante atividade e cerca de 300 pessoas, de v\u00e1rias regi\u00f5es do Estado, prestigiaram o evento. A abertura do Festival aconteceu no s\u00e1bado pela manh\u00e3, no sal\u00e3o de festas da Loja [&hellip;]<\/p>\n","protected":false},"author":1,"featured_media":9436,"comment_status":"open","ping_status":"open","sticky":false,"template":"","format":"standard","meta":{"footnotes":""},"categories":[55],"tags":[121,122,61,123],"class_list":["post-8877","post","type-post","status-publish","format-standard","has-post-thumbnail","hentry","category-palavra-do-s-g-m","tag-festival-de-bonito","tag-festival-maconico","tag-glems","tag-i-festival-maconico-do-sudoeste"],"yoast_head":"<!-- This site is optimized with the Yoast SEO plugin v26.3 - https:\/\/yoast.com\/wordpress\/plugins\/seo\/ -->\n<title>I FESTIVAL MA\u00c7\u00d4NICO DO SUDOESTE MARCA DIA DO MA\u00c7OM, EM BONITO - GLEMS<\/title>\n<meta name=\"robots\" content=\"index, follow, max-snippet:-1, max-image-preview:large, max-video-preview:-1\" \/>\n<link rel=\"canonical\" href=\"https:\/\/grandelojams.org.br\/es\/em-bonito-i-festival-maconico-do-sudoeste-supera-as-expectativas\/\" \/>\n<meta property=\"og:locale\" content=\"pt_BR\" \/>\n<meta property=\"og:type\" content=\"article\" \/>\n<meta property=\"og:title\" content=\"I FESTIVAL MA\u00c7\u00d4NICO DO SUDOESTE MARCA DIA DO MA\u00c7OM, EM BONITO - GLEMS\" \/>\n<meta property=\"og:description\" content=\"Aconteceu neste final de semana no munic\u00edpio de Bonito, em comemora\u00e7\u00e3o ao Dia do Ma\u00e7om, o I Festival Ma\u00e7\u00f4nico do Sudoeste. Foram dois dias de bastante atividade e cerca de 300 pessoas, de v\u00e1rias regi\u00f5es do Estado, prestigiaram o evento. A abertura do Festival aconteceu no s\u00e1bado pela manh\u00e3, no sal\u00e3o de festas da Loja [&hellip;]\" \/>\n<meta property=\"og:url\" content=\"https:\/\/grandelojams.org.br\/es\/em-bonito-i-festival-maconico-do-sudoeste-supera-as-expectativas\/\" \/>\n<meta property=\"og:site_name\" content=\"GLEMS\" \/>\n<meta property=\"article:published_time\" content=\"2023-08-21T17:58:07+00:00\" \/>\n<meta property=\"article:modified_time\" content=\"2025-06-20T19:17:56+00:00\" \/>\n<meta property=\"og:image\" content=\"https:\/\/grandelojams.org.br\/es\/wp-content\/uploads\/2023\/08\/abertura-672x372-1.jpeg\" \/>\n\t<meta property=\"og:image:width\" content=\"672\" \/>\n\t<meta property=\"og:image:height\" content=\"372\" \/>\n\t<meta property=\"og:image:type\" content=\"image\/jpeg\" \/>\n<meta name=\"author\" content=\"admin\" \/>\n<meta name=\"twitter:card\" content=\"summary_large_image\" \/>\n<meta name=\"twitter:label1\" content=\"Escrito por\" \/>\n\t<meta name=\"twitter:data1\" content=\"admin\" \/>\n\t<meta name=\"twitter:label2\" content=\"Est. tempo de leitura\" \/>\n\t<meta name=\"twitter:data2\" content=\"4 minutos\" \/>\n<script type=\"application\/ld+json\" class=\"yoast-schema-graph\">{\"@context\":\"https:\/\/schema.org\",\"@graph\":[{\"@type\":\"WebPage\",\"@id\":\"https:\/\/grandelojams.org.br\/es\/em-bonito-i-festival-maconico-do-sudoeste-supera-as-expectativas\/\",\"url\":\"https:\/\/grandelojams.org.br\/es\/em-bonito-i-festival-maconico-do-sudoeste-supera-as-expectativas\/\",\"name\":\"I FESTIVAL MA\u00c7\u00d4NICO DO SUDOESTE MARCA DIA DO MA\u00c7OM, EM BONITO - GLEMS\",\"isPartOf\":{\"@id\":\"https:\/\/grandelojams.org.br\/es\/#website\"},\"primaryImageOfPage\":{\"@id\":\"https:\/\/grandelojams.org.br\/es\/em-bonito-i-festival-maconico-do-sudoeste-supera-as-expectativas\/#primaryimage\"},\"image\":{\"@id\":\"https:\/\/grandelojams.org.br\/es\/em-bonito-i-festival-maconico-do-sudoeste-supera-as-expectativas\/#primaryimage\"},\"thumbnailUrl\":\"https:\/\/grandelojams.org.br\/es\/wp-content\/uploads\/2023\/08\/abertura-672x372-1.jpeg\",\"datePublished\":\"2023-08-21T17:58:07+00:00\",\"dateModified\":\"2025-06-20T19:17:56+00:00\",\"author\":{\"@id\":\"https:\/\/grandelojams.org.br\/es\/#\/schema\/person\/5da1c0de136fe7cc6dea7d22b535752b\"},\"breadcrumb\":{\"@id\":\"https:\/\/grandelojams.org.br\/es\/em-bonito-i-festival-maconico-do-sudoeste-supera-as-expectativas\/#breadcrumb\"},\"inLanguage\":\"pt-BR\",\"potentialAction\":[{\"@type\":\"ReadAction\",\"target\":[\"https:\/\/grandelojams.org.br\/es\/em-bonito-i-festival-maconico-do-sudoeste-supera-as-expectativas\/\"]}]},{\"@type\":\"ImageObject\",\"inLanguage\":\"pt-BR\",\"@id\":\"https:\/\/grandelojams.org.br\/es\/em-bonito-i-festival-maconico-do-sudoeste-supera-as-expectativas\/#primaryimage\",\"url\":\"https:\/\/grandelojams.org.br\/es\/wp-content\/uploads\/2023\/08\/abertura-672x372-1.jpeg\",\"contentUrl\":\"https:\/\/grandelojams.org.br\/es\/wp-content\/uploads\/2023\/08\/abertura-672x372-1.jpeg\",\"width\":672,\"height\":372},{\"@type\":\"BreadcrumbList\",\"@id\":\"https:\/\/grandelojams.org.br\/es\/em-bonito-i-festival-maconico-do-sudoeste-supera-as-expectativas\/#breadcrumb\",\"itemListElement\":[{\"@type\":\"ListItem\",\"position\":1,\"name\":\"In\u00edcio\",\"item\":\"https:\/\/grandelojams.org.br\/es\/\"},{\"@type\":\"ListItem\",\"position\":2,\"name\":\"I FESTIVAL MA\u00c7\u00d4NICO DO SUDOESTE MARCA DIA DO MA\u00c7OM, EM BONITO\"}]},{\"@type\":\"WebSite\",\"@id\":\"https:\/\/grandelojams.org.br\/es\/#website\",\"url\":\"https:\/\/grandelojams.org.br\/es\/\",\"name\":\"GLEMS\",\"description\":\"Grande Loja Ma\u00e7\u00f4nica do Mato Grosso do Sul\",\"potentialAction\":[{\"@type\":\"SearchAction\",\"target\":{\"@type\":\"EntryPoint\",\"urlTemplate\":\"https:\/\/grandelojams.org.br\/es\/?s={search_term_string}\"},\"query-input\":{\"@type\":\"PropertyValueSpecification\",\"valueRequired\":true,\"valueName\":\"search_term_string\"}}],\"inLanguage\":\"pt-BR\"},{\"@type\":\"Person\",\"@id\":\"https:\/\/grandelojams.org.br\/es\/#\/schema\/person\/5da1c0de136fe7cc6dea7d22b535752b\",\"name\":\"admin\",\"image\":{\"@type\":\"ImageObject\",\"inLanguage\":\"pt-BR\",\"@id\":\"https:\/\/grandelojams.org.br\/es\/#\/schema\/person\/image\/\",\"url\":\"https:\/\/secure.gravatar.com\/avatar\/786137a0e890f9b53660f24bf8ec01ff8c644974de881f5aedc68bd0708ea113?s=96&d=mm&r=g\",\"contentUrl\":\"https:\/\/secure.gravatar.com\/avatar\/786137a0e890f9b53660f24bf8ec01ff8c644974de881f5aedc68bd0708ea113?s=96&d=mm&r=g\",\"caption\":\"admin\"},\"sameAs\":[\"https:\/\/mondayde.com.br\/clientes\/template1\"],\"url\":\"https:\/\/grandelojams.org.br\/es\/author\/admin\/\"}]}<\/script>\n<!-- \/ Yoast SEO plugin. -->","yoast_head_json":{"title":"I FESTIVAL MA\u00c7\u00d4NICO DO SUDOESTE MARCA DIA DO MA\u00c7OM, EM BONITO - GLEMS","robots":{"index":"index","follow":"follow","max-snippet":"max-snippet:-1","max-image-preview":"max-image-preview:large","max-video-preview":"max-video-preview:-1"},"canonical":"https:\/\/grandelojams.org.br\/es\/em-bonito-i-festival-maconico-do-sudoeste-supera-as-expectativas\/","og_locale":"pt_BR","og_type":"article","og_title":"I FESTIVAL MA\u00c7\u00d4NICO DO SUDOESTE MARCA DIA DO MA\u00c7OM, EM BONITO - GLEMS","og_description":"Aconteceu neste final de semana no munic\u00edpio de Bonito, em comemora\u00e7\u00e3o ao Dia do Ma\u00e7om, o I Festival Ma\u00e7\u00f4nico do Sudoeste. Foram dois dias de bastante atividade e cerca de 300 pessoas, de v\u00e1rias regi\u00f5es do Estado, prestigiaram o evento. A abertura do Festival aconteceu no s\u00e1bado pela manh\u00e3, no sal\u00e3o de festas da Loja [&hellip;]","og_url":"https:\/\/grandelojams.org.br\/es\/em-bonito-i-festival-maconico-do-sudoeste-supera-as-expectativas\/","og_site_name":"GLEMS","article_published_time":"2023-08-21T17:58:07+00:00","article_modified_time":"2025-06-20T19:17:56+00:00","og_image":[{"width":672,"height":372,"url":"https:\/\/grandelojams.org.br\/es\/wp-content\/uploads\/2023\/08\/abertura-672x372-1.jpeg","type":"image\/jpeg"}],"author":"admin","twitter_card":"summary_large_image","twitter_misc":{"Escrito por":"admin","Est. tempo de leitura":"4 minutos"},"schema":{"@context":"https:\/\/schema.org","@graph":[{"@type":"WebPage","@id":"https:\/\/grandelojams.org.br\/es\/em-bonito-i-festival-maconico-do-sudoeste-supera-as-expectativas\/","url":"https:\/\/grandelojams.org.br\/es\/em-bonito-i-festival-maconico-do-sudoeste-supera-as-expectativas\/","name":"I FESTIVAL MA\u00c7\u00d4NICO DO SUDOESTE MARCA DIA DO MA\u00c7OM, EM BONITO - GLEMS","isPartOf":{"@id":"https:\/\/grandelojams.org.br\/es\/#website"},"primaryImageOfPage":{"@id":"https:\/\/grandelojams.org.br\/es\/em-bonito-i-festival-maconico-do-sudoeste-supera-as-expectativas\/#primaryimage"},"image":{"@id":"https:\/\/grandelojams.org.br\/es\/em-bonito-i-festival-maconico-do-sudoeste-supera-as-expectativas\/#primaryimage"},"thumbnailUrl":"https:\/\/grandelojams.org.br\/es\/wp-content\/uploads\/2023\/08\/abertura-672x372-1.jpeg","datePublished":"2023-08-21T17:58:07+00:00","dateModified":"2025-06-20T19:17:56+00:00","author":{"@id":"https:\/\/grandelojams.org.br\/es\/#\/schema\/person\/5da1c0de136fe7cc6dea7d22b535752b"},"breadcrumb":{"@id":"https:\/\/grandelojams.org.br\/es\/em-bonito-i-festival-maconico-do-sudoeste-supera-as-expectativas\/#breadcrumb"},"inLanguage":"pt-BR","potentialAction":[{"@type":"ReadAction","target":["https:\/\/grandelojams.org.br\/es\/em-bonito-i-festival-maconico-do-sudoeste-supera-as-expectativas\/"]}]},{"@type":"ImageObject","inLanguage":"pt-BR","@id":"https:\/\/grandelojams.org.br\/es\/em-bonito-i-festival-maconico-do-sudoeste-supera-as-expectativas\/#primaryimage","url":"https:\/\/grandelojams.org.br\/es\/wp-content\/uploads\/2023\/08\/abertura-672x372-1.jpeg","contentUrl":"https:\/\/grandelojams.org.br\/es\/wp-content\/uploads\/2023\/08\/abertura-672x372-1.jpeg","width":672,"height":372},{"@type":"BreadcrumbList","@id":"https:\/\/grandelojams.org.br\/es\/em-bonito-i-festival-maconico-do-sudoeste-supera-as-expectativas\/#breadcrumb","itemListElement":[{"@type":"ListItem","position":1,"name":"In\u00edcio","item":"https:\/\/grandelojams.org.br\/es\/"},{"@type":"ListItem","position":2,"name":"I FESTIVAL MA\u00c7\u00d4NICO DO SUDOESTE MARCA DIA DO MA\u00c7OM, EM BONITO"}]},{"@type":"WebSite","@id":"https:\/\/grandelojams.org.br\/es\/#website","url":"https:\/\/grandelojams.org.br\/es\/","name":"GLEMS","description":"Grande Loja Ma\u00e7\u00f4nica do Mato Grosso do Sul","potentialAction":[{"@type":"SearchAction","target":{"@type":"EntryPoint","urlTemplate":"https:\/\/grandelojams.org.br\/es\/?s={search_term_string}"},"query-input":{"@type":"PropertyValueSpecification","valueRequired":true,"valueName":"search_term_string"}}],"inLanguage":"pt-BR"},{"@type":"Person","@id":"https:\/\/grandelojams.org.br\/es\/#\/schema\/person\/5da1c0de136fe7cc6dea7d22b535752b","name":"admin","image":{"@type":"ImageObject","inLanguage":"pt-BR","@id":"https:\/\/grandelojams.org.br\/es\/#\/schema\/person\/image\/","url":"https:\/\/secure.gravatar.com\/avatar\/786137a0e890f9b53660f24bf8ec01ff8c644974de881f5aedc68bd0708ea113?s=96&d=mm&r=g","contentUrl":"https:\/\/secure.gravatar.com\/avatar\/786137a0e890f9b53660f24bf8ec01ff8c644974de881f5aedc68bd0708ea113?s=96&d=mm&r=g","caption":"admin"},"sameAs":["https:\/\/mondayde.com.br\/clientes\/template1"],"url":"https:\/\/grandelojams.org.br\/es\/author\/admin\/"}]}},"_links":{"self":[{"href":"https:\/\/grandelojams.org.br\/es\/wp-json\/wp\/v2\/posts\/8877","targetHints":{"allow":["GET"]}}],"collection":[{"href":"https:\/\/grandelojams.org.br\/es\/wp-json\/wp\/v2\/posts"}],"about":[{"href":"https:\/\/grandelojams.org.br\/es\/wp-json\/wp\/v2\/types\/post"}],"author":[{"embeddable":true,"href":"https:\/\/grandelojams.org.br\/es\/wp-json\/wp\/v2\/users\/1"}],"replies":[{"embeddable":true,"href":"https:\/\/grandelojams.org.br\/es\/wp-json\/wp\/v2\/comments?post=8877"}],"version-history":[{"count":1,"href":"https:\/\/grandelojams.org.br\/es\/wp-json\/wp\/v2\/posts\/8877\/revisions"}],"predecessor-version":[{"id":9443,"href":"https:\/\/grandelojams.org.br\/es\/wp-json\/wp\/v2\/posts\/8877\/revisions\/9443"}],"wp:featuredmedia":[{"embeddable":true,"href":"https:\/\/grandelojams.org.br\/es\/wp-json\/wp\/v2\/media\/9436"}],"wp:attachment":[{"href":"https:\/\/grandelojams.org.br\/es\/wp-json\/wp\/v2\/media?parent=8877"}],"wp:term":[{"taxonomy":"category","embeddable":true,"href":"https:\/\/grandelojams.org.br\/es\/wp-json\/wp\/v2\/categories?post=8877"},{"taxonomy":"post_tag","embeddable":true,"href":"https:\/\/grandelojams.org.br\/es\/wp-json\/wp\/v2\/tags?post=8877"}],"curies":[{"name":"wp","href":"https:\/\/api.w.org\/{rel}","templated":true}]}}