{"id":8875,"date":"2023-06-29T09:33:24","date_gmt":"2023-06-29T12:33:24","guid":{"rendered":"https:\/\/grandelojams.org.br\/?p=3966"},"modified":"2025-06-20T16:31:03","modified_gmt":"2025-06-20T19:31:03","slug":"grao-mestre-participa-de-banquete-ritualistico-no-salao-de-festas-da-glems","status":"publish","type":"post","link":"https:\/\/grandelojams.org.br\/es\/grao-mestre-participa-de-banquete-ritualistico-no-salao-de-festas-da-glems\/","title":{"rendered":"GR\u00c3O-MESTRE PARTICIPA DE BANQUETE RITUAL\u00cdSTICO NO SAL\u00c3O DE FESTAS DA GLEMS"},"content":{"rendered":"<p>Aconteceu nesta segunda-feira, 26 de junho, a Sess\u00e3o Conjunta com\u00a0Banquete Ritual\u00edstico entre as Lojas Ac\u00e1cia Pantaneira, N\u00ba 59 e Inconfid\u00eancia, N\u00ba 67, ambas do Oriente de Campo Grande, alusiva ao Solst\u00edcio de Inverno, que inicia nesse m\u00eas de junho.<\/p>\n<p>O jantar ocorreu no Sal\u00e3o de Festas da Grande Loja Ma\u00e7\u00f4nica do Estado de Mato Grosso do Sul e contou com a presen\u00e7a do Seren\u00edssimo Gr\u00e3o-Mestre, Ir\u2234 Ademar de Souza Freitas que presidiu a reuni\u00e3o.<\/p>\n<p>Ao todo participaram do banquete 46 irm\u00e3os das Lojas Ac\u00e1cia Pantaneira e Inconfid\u00eancia, que estavam acompanhados dos VVen\u2234 MM\u2234 das Lojas,\u00a0 IIr\u2234 Araes El Daher Filho e Ozevaldo Santos de Melo, respectivamente.<\/p>\n<p>Abrilhantaram a Sess\u00e3o de Banquete Ritual\u00edstico juntamente com o Gr\u00e3o-Mestre, o Gr\u00e3o-Mestre Ad Vitam, Ir\u2234 Jord\u00e3o Abreu da Silva J\u00fanior e o Delegado Regional, Ir\u2234 \u00a0Alexandre Scheid.<\/p>\n<p><img fetchpriority=\"high\" decoding=\"async\" class=\"alignnone  wp-image-3967 aligncenter\" src=\"https:\/\/grandelojams.org.br\/wp-content\/uploads\/2023\/06\/Jantar-Acacia-Pantaneira-2-300x225.jpeg\" alt=\"\" width=\"400\" height=\"300\" \/><\/p>\n","protected":false},"excerpt":{"rendered":"<p>Aconteceu nesta segunda-feira, 26 de junho, a Sess\u00e3o Conjunta com\u00a0Banquete Ritual\u00edstico entre as Lojas Ac\u00e1cia Pantaneira, N\u00ba 59 e Inconfid\u00eancia, N\u00ba 67, ambas do Oriente de Campo Grande, alusiva ao Solst\u00edcio de Inverno, que inicia nesse m\u00eas de junho. O jantar ocorreu no Sal\u00e3o de Festas da Grande Loja Ma\u00e7\u00f4nica do Estado de Mato Grosso [&hellip;]<\/p>\n","protected":false},"author":1,"featured_media":9475,"comment_status":"open","ping_status":"open","sticky":false,"template":"","format":"standard","meta":{"footnotes":""},"categories":[1],"tags":[],"class_list":["post-8875","post","type-post","status-publish","format-standard","has-post-thumbnail","hentry","category-sem-categoria"],"yoast_head":"<!-- This site is optimized with the Yoast SEO plugin v26.3 - https:\/\/yoast.com\/wordpress\/plugins\/seo\/ -->\n<title>GR\u00c3O-MESTRE PARTICIPA DE BANQUETE RITUAL\u00cdSTICO NO SAL\u00c3O DE FESTAS DA GLEMS - GLEMS<\/title>\n<meta name=\"robots\" content=\"index, follow, max-snippet:-1, max-image-preview:large, max-video-preview:-1\" \/>\n<link rel=\"canonical\" href=\"https:\/\/grandelojams.org.br\/es\/grao-mestre-participa-de-banquete-ritualistico-no-salao-de-festas-da-glems\/\" \/>\n<meta property=\"og:locale\" content=\"pt_BR\" \/>\n<meta property=\"og:type\" content=\"article\" \/>\n<meta property=\"og:title\" content=\"GR\u00c3O-MESTRE PARTICIPA DE BANQUETE RITUAL\u00cdSTICO NO SAL\u00c3O DE FESTAS DA GLEMS - GLEMS\" \/>\n<meta property=\"og:description\" content=\"Aconteceu nesta segunda-feira, 26 de junho, a Sess\u00e3o Conjunta com\u00a0Banquete Ritual\u00edstico entre as Lojas Ac\u00e1cia Pantaneira, N\u00ba 59 e Inconfid\u00eancia, N\u00ba 67, ambas do Oriente de Campo Grande, alusiva ao Solst\u00edcio de Inverno, que inicia nesse m\u00eas de junho. O jantar ocorreu no Sal\u00e3o de Festas da Grande Loja Ma\u00e7\u00f4nica do Estado de Mato Grosso [&hellip;]\" \/>\n<meta property=\"og:url\" content=\"https:\/\/grandelojams.org.br\/es\/grao-mestre-participa-de-banquete-ritualistico-no-salao-de-festas-da-glems\/\" \/>\n<meta property=\"og:site_name\" content=\"GLEMS\" \/>\n<meta property=\"article:published_time\" content=\"2023-06-29T12:33:24+00:00\" \/>\n<meta property=\"article:modified_time\" content=\"2025-06-20T19:31:03+00:00\" \/>\n<meta property=\"og:image\" content=\"https:\/\/grandelojams.org.br\/es\/wp-content\/uploads\/2023\/07\/Jantar-Acacia-Pantaneira-672x372-1.jpeg\" \/>\n\t<meta property=\"og:image:width\" content=\"672\" \/>\n\t<meta property=\"og:image:height\" content=\"372\" \/>\n\t<meta property=\"og:image:type\" content=\"image\/jpeg\" \/>\n<meta name=\"author\" content=\"admin\" \/>\n<meta name=\"twitter:card\" content=\"summary_large_image\" \/>\n<meta name=\"twitter:label1\" content=\"Escrito por\" \/>\n\t<meta name=\"twitter:data1\" content=\"admin\" \/>\n\t<meta name=\"twitter:label2\" content=\"Est. tempo de leitura\" \/>\n\t<meta name=\"twitter:data2\" content=\"1 minuto\" \/>\n<script type=\"application\/ld+json\" class=\"yoast-schema-graph\">{\"@context\":\"https:\/\/schema.org\",\"@graph\":[{\"@type\":\"WebPage\",\"@id\":\"https:\/\/grandelojams.org.br\/es\/grao-mestre-participa-de-banquete-ritualistico-no-salao-de-festas-da-glems\/\",\"url\":\"https:\/\/grandelojams.org.br\/es\/grao-mestre-participa-de-banquete-ritualistico-no-salao-de-festas-da-glems\/\",\"name\":\"GR\u00c3O-MESTRE PARTICIPA DE BANQUETE RITUAL\u00cdSTICO NO SAL\u00c3O DE FESTAS DA GLEMS - GLEMS\",\"isPartOf\":{\"@id\":\"https:\/\/grandelojams.org.br\/es\/#website\"},\"primaryImageOfPage\":{\"@id\":\"https:\/\/grandelojams.org.br\/es\/grao-mestre-participa-de-banquete-ritualistico-no-salao-de-festas-da-glems\/#primaryimage\"},\"image\":{\"@id\":\"https:\/\/grandelojams.org.br\/es\/grao-mestre-participa-de-banquete-ritualistico-no-salao-de-festas-da-glems\/#primaryimage\"},\"thumbnailUrl\":\"https:\/\/grandelojams.org.br\/es\/wp-content\/uploads\/2023\/07\/Jantar-Acacia-Pantaneira-672x372-1.jpeg\",\"datePublished\":\"2023-06-29T12:33:24+00:00\",\"dateModified\":\"2025-06-20T19:31:03+00:00\",\"author\":{\"@id\":\"https:\/\/grandelojams.org.br\/es\/#\/schema\/person\/5da1c0de136fe7cc6dea7d22b535752b\"},\"breadcrumb\":{\"@id\":\"https:\/\/grandelojams.org.br\/es\/grao-mestre-participa-de-banquete-ritualistico-no-salao-de-festas-da-glems\/#breadcrumb\"},\"inLanguage\":\"pt-BR\",\"potentialAction\":[{\"@type\":\"ReadAction\",\"target\":[\"https:\/\/grandelojams.org.br\/es\/grao-mestre-participa-de-banquete-ritualistico-no-salao-de-festas-da-glems\/\"]}]},{\"@type\":\"ImageObject\",\"inLanguage\":\"pt-BR\",\"@id\":\"https:\/\/grandelojams.org.br\/es\/grao-mestre-participa-de-banquete-ritualistico-no-salao-de-festas-da-glems\/#primaryimage\",\"url\":\"https:\/\/grandelojams.org.br\/es\/wp-content\/uploads\/2023\/07\/Jantar-Acacia-Pantaneira-672x372-1.jpeg\",\"contentUrl\":\"https:\/\/grandelojams.org.br\/es\/wp-content\/uploads\/2023\/07\/Jantar-Acacia-Pantaneira-672x372-1.jpeg\",\"width\":672,\"height\":372},{\"@type\":\"BreadcrumbList\",\"@id\":\"https:\/\/grandelojams.org.br\/es\/grao-mestre-participa-de-banquete-ritualistico-no-salao-de-festas-da-glems\/#breadcrumb\",\"itemListElement\":[{\"@type\":\"ListItem\",\"position\":1,\"name\":\"In\u00edcio\",\"item\":\"https:\/\/grandelojams.org.br\/es\/\"},{\"@type\":\"ListItem\",\"position\":2,\"name\":\"GR\u00c3O-MESTRE PARTICIPA DE BANQUETE RITUAL\u00cdSTICO NO SAL\u00c3O DE FESTAS DA GLEMS\"}]},{\"@type\":\"WebSite\",\"@id\":\"https:\/\/grandelojams.org.br\/es\/#website\",\"url\":\"https:\/\/grandelojams.org.br\/es\/\",\"name\":\"GLEMS\",\"description\":\"Grande Loja Ma\u00e7\u00f4nica do Mato Grosso do Sul\",\"potentialAction\":[{\"@type\":\"SearchAction\",\"target\":{\"@type\":\"EntryPoint\",\"urlTemplate\":\"https:\/\/grandelojams.org.br\/es\/?s={search_term_string}\"},\"query-input\":{\"@type\":\"PropertyValueSpecification\",\"valueRequired\":true,\"valueName\":\"search_term_string\"}}],\"inLanguage\":\"pt-BR\"},{\"@type\":\"Person\",\"@id\":\"https:\/\/grandelojams.org.br\/es\/#\/schema\/person\/5da1c0de136fe7cc6dea7d22b535752b\",\"name\":\"admin\",\"image\":{\"@type\":\"ImageObject\",\"inLanguage\":\"pt-BR\",\"@id\":\"https:\/\/grandelojams.org.br\/es\/#\/schema\/person\/image\/\",\"url\":\"https:\/\/secure.gravatar.com\/avatar\/786137a0e890f9b53660f24bf8ec01ff8c644974de881f5aedc68bd0708ea113?s=96&d=mm&r=g\",\"contentUrl\":\"https:\/\/secure.gravatar.com\/avatar\/786137a0e890f9b53660f24bf8ec01ff8c644974de881f5aedc68bd0708ea113?s=96&d=mm&r=g\",\"caption\":\"admin\"},\"sameAs\":[\"https:\/\/mondayde.com.br\/clientes\/template1\"],\"url\":\"https:\/\/grandelojams.org.br\/es\/author\/admin\/\"}]}<\/script>\n<!-- \/ Yoast SEO plugin. -->","yoast_head_json":{"title":"GR\u00c3O-MESTRE PARTICIPA DE BANQUETE RITUAL\u00cdSTICO NO SAL\u00c3O DE FESTAS DA GLEMS - GLEMS","robots":{"index":"index","follow":"follow","max-snippet":"max-snippet:-1","max-image-preview":"max-image-preview:large","max-video-preview":"max-video-preview:-1"},"canonical":"https:\/\/grandelojams.org.br\/es\/grao-mestre-participa-de-banquete-ritualistico-no-salao-de-festas-da-glems\/","og_locale":"pt_BR","og_type":"article","og_title":"GR\u00c3O-MESTRE PARTICIPA DE BANQUETE RITUAL\u00cdSTICO NO SAL\u00c3O DE FESTAS DA GLEMS - GLEMS","og_description":"Aconteceu nesta segunda-feira, 26 de junho, a Sess\u00e3o Conjunta com\u00a0Banquete Ritual\u00edstico entre as Lojas Ac\u00e1cia Pantaneira, N\u00ba 59 e Inconfid\u00eancia, N\u00ba 67, ambas do Oriente de Campo Grande, alusiva ao Solst\u00edcio de Inverno, que inicia nesse m\u00eas de junho. O jantar ocorreu no Sal\u00e3o de Festas da Grande Loja Ma\u00e7\u00f4nica do Estado de Mato Grosso [&hellip;]","og_url":"https:\/\/grandelojams.org.br\/es\/grao-mestre-participa-de-banquete-ritualistico-no-salao-de-festas-da-glems\/","og_site_name":"GLEMS","article_published_time":"2023-06-29T12:33:24+00:00","article_modified_time":"2025-06-20T19:31:03+00:00","og_image":[{"width":672,"height":372,"url":"https:\/\/grandelojams.org.br\/es\/wp-content\/uploads\/2023\/07\/Jantar-Acacia-Pantaneira-672x372-1.jpeg","type":"image\/jpeg"}],"author":"admin","twitter_card":"summary_large_image","twitter_misc":{"Escrito por":"admin","Est. tempo de leitura":"1 minuto"},"schema":{"@context":"https:\/\/schema.org","@graph":[{"@type":"WebPage","@id":"https:\/\/grandelojams.org.br\/es\/grao-mestre-participa-de-banquete-ritualistico-no-salao-de-festas-da-glems\/","url":"https:\/\/grandelojams.org.br\/es\/grao-mestre-participa-de-banquete-ritualistico-no-salao-de-festas-da-glems\/","name":"GR\u00c3O-MESTRE PARTICIPA DE BANQUETE RITUAL\u00cdSTICO NO SAL\u00c3O DE FESTAS DA GLEMS - GLEMS","isPartOf":{"@id":"https:\/\/grandelojams.org.br\/es\/#website"},"primaryImageOfPage":{"@id":"https:\/\/grandelojams.org.br\/es\/grao-mestre-participa-de-banquete-ritualistico-no-salao-de-festas-da-glems\/#primaryimage"},"image":{"@id":"https:\/\/grandelojams.org.br\/es\/grao-mestre-participa-de-banquete-ritualistico-no-salao-de-festas-da-glems\/#primaryimage"},"thumbnailUrl":"https:\/\/grandelojams.org.br\/es\/wp-content\/uploads\/2023\/07\/Jantar-Acacia-Pantaneira-672x372-1.jpeg","datePublished":"2023-06-29T12:33:24+00:00","dateModified":"2025-06-20T19:31:03+00:00","author":{"@id":"https:\/\/grandelojams.org.br\/es\/#\/schema\/person\/5da1c0de136fe7cc6dea7d22b535752b"},"breadcrumb":{"@id":"https:\/\/grandelojams.org.br\/es\/grao-mestre-participa-de-banquete-ritualistico-no-salao-de-festas-da-glems\/#breadcrumb"},"inLanguage":"pt-BR","potentialAction":[{"@type":"ReadAction","target":["https:\/\/grandelojams.org.br\/es\/grao-mestre-participa-de-banquete-ritualistico-no-salao-de-festas-da-glems\/"]}]},{"@type":"ImageObject","inLanguage":"pt-BR","@id":"https:\/\/grandelojams.org.br\/es\/grao-mestre-participa-de-banquete-ritualistico-no-salao-de-festas-da-glems\/#primaryimage","url":"https:\/\/grandelojams.org.br\/es\/wp-content\/uploads\/2023\/07\/Jantar-Acacia-Pantaneira-672x372-1.jpeg","contentUrl":"https:\/\/grandelojams.org.br\/es\/wp-content\/uploads\/2023\/07\/Jantar-Acacia-Pantaneira-672x372-1.jpeg","width":672,"height":372},{"@type":"BreadcrumbList","@id":"https:\/\/grandelojams.org.br\/es\/grao-mestre-participa-de-banquete-ritualistico-no-salao-de-festas-da-glems\/#breadcrumb","itemListElement":[{"@type":"ListItem","position":1,"name":"In\u00edcio","item":"https:\/\/grandelojams.org.br\/es\/"},{"@type":"ListItem","position":2,"name":"GR\u00c3O-MESTRE PARTICIPA DE BANQUETE RITUAL\u00cdSTICO NO SAL\u00c3O DE FESTAS DA GLEMS"}]},{"@type":"WebSite","@id":"https:\/\/grandelojams.org.br\/es\/#website","url":"https:\/\/grandelojams.org.br\/es\/","name":"GLEMS","description":"Grande Loja Ma\u00e7\u00f4nica do Mato Grosso do Sul","potentialAction":[{"@type":"SearchAction","target":{"@type":"EntryPoint","urlTemplate":"https:\/\/grandelojams.org.br\/es\/?s={search_term_string}"},"query-input":{"@type":"PropertyValueSpecification","valueRequired":true,"valueName":"search_term_string"}}],"inLanguage":"pt-BR"},{"@type":"Person","@id":"https:\/\/grandelojams.org.br\/es\/#\/schema\/person\/5da1c0de136fe7cc6dea7d22b535752b","name":"admin","image":{"@type":"ImageObject","inLanguage":"pt-BR","@id":"https:\/\/grandelojams.org.br\/es\/#\/schema\/person\/image\/","url":"https:\/\/secure.gravatar.com\/avatar\/786137a0e890f9b53660f24bf8ec01ff8c644974de881f5aedc68bd0708ea113?s=96&d=mm&r=g","contentUrl":"https:\/\/secure.gravatar.com\/avatar\/786137a0e890f9b53660f24bf8ec01ff8c644974de881f5aedc68bd0708ea113?s=96&d=mm&r=g","caption":"admin"},"sameAs":["https:\/\/mondayde.com.br\/clientes\/template1"],"url":"https:\/\/grandelojams.org.br\/es\/author\/admin\/"}]}},"_links":{"self":[{"href":"https:\/\/grandelojams.org.br\/es\/wp-json\/wp\/v2\/posts\/8875","targetHints":{"allow":["GET"]}}],"collection":[{"href":"https:\/\/grandelojams.org.br\/es\/wp-json\/wp\/v2\/posts"}],"about":[{"href":"https:\/\/grandelojams.org.br\/es\/wp-json\/wp\/v2\/types\/post"}],"author":[{"embeddable":true,"href":"https:\/\/grandelojams.org.br\/es\/wp-json\/wp\/v2\/users\/1"}],"replies":[{"embeddable":true,"href":"https:\/\/grandelojams.org.br\/es\/wp-json\/wp\/v2\/comments?post=8875"}],"version-history":[{"count":1,"href":"https:\/\/grandelojams.org.br\/es\/wp-json\/wp\/v2\/posts\/8875\/revisions"}],"predecessor-version":[{"id":9488,"href":"https:\/\/grandelojams.org.br\/es\/wp-json\/wp\/v2\/posts\/8875\/revisions\/9488"}],"wp:featuredmedia":[{"embeddable":true,"href":"https:\/\/grandelojams.org.br\/es\/wp-json\/wp\/v2\/media\/9475"}],"wp:attachment":[{"href":"https:\/\/grandelojams.org.br\/es\/wp-json\/wp\/v2\/media?parent=8875"}],"wp:term":[{"taxonomy":"category","embeddable":true,"href":"https:\/\/grandelojams.org.br\/es\/wp-json\/wp\/v2\/categories?post=8875"},{"taxonomy":"post_tag","embeddable":true,"href":"https:\/\/grandelojams.org.br\/es\/wp-json\/wp\/v2\/tags?post=8875"}],"curies":[{"name":"wp","href":"https:\/\/api.w.org\/{rel}","templated":true}]}}