{"id":8874,"date":"2023-06-20T17:07:43","date_gmt":"2023-06-20T20:07:43","guid":{"rendered":"https:\/\/grandelojams.org.br\/?p=3868"},"modified":"2025-06-20T16:34:40","modified_gmt":"2025-06-20T19:34:40","slug":"loja-justica-liberdade-e-disciplina-realiza-sessao-magna-de-exaltacao","status":"publish","type":"post","link":"https:\/\/grandelojams.org.br\/es\/loja-justica-liberdade-e-disciplina-realiza-sessao-magna-de-exaltacao\/","title":{"rendered":"LOJA JUSTI\u00c7A, LIBERDADE E DISCIPLINA REALIZA SESS\u00c3O MAGNA DE EXALTA\u00c7\u00c3O"},"content":{"rendered":"<p>A ARLS Justi\u00e7a, Liberdade e Disciplina, N\u00ba 23, do Oriente de Dourados realizou nesta segunda-feira, dia 19 de junho, Sess\u00e3o Magna de Exalta\u00e7\u00e3o que foi conduzida pelo Ven\u2234 M\u2234 da Loja, \u00a0Ir\u2234 Edmilson Alves de Souza.<\/p>\n<p>A Loja ficou lotada de irm\u00e3os que vieram prestigiar a exalta\u00e7\u00e3o do\u00a0Ir\u2234 Jo\u00e3o Ferreira da Rocha Filho. Ao todo estiveram presentes 46 Mestres Ma\u00e7ons, sendo 34 do quadro e 12 visitantes de quatro lojas da regi\u00e3o.<\/p>\n<p>A Sess\u00e3o Magna de Exalta\u00e7\u00e3o foi abrilhantada por diversas autoridades ma\u00e7\u00f4nicas. O Respeitabil\u00edssimo 1\u00ba Grande Vigilante, Ir\u2234 Alexandre Demamann, o Grande Mestre de Cerim\u00f4nias da GLEMS, Ir\u2234 Edilmar Manfredini, o Gr\u00e3o-Mestre Ad-Vitam, Ir\u2234 Sebasti\u00e3o Nogueira, \u00a0o Delegado Regional, da 10\u00aa Delegacia Regional da GLEMS, Ir\u2234 Clar\u00edcio Salazar Filho e o Delegado Distrital, Ir\u2234 Tenir Miranda J\u00fanior, al\u00e9m do vener\u00e1vel da Benem\u00e9rita ARLS Obreiros de Rio Brilhante, N\u00ba 18, Ir\u2234 Edneu Davi Foroni e do Vener\u00e1vel da ARLS Cinquenten\u00e1rio de Dourados, Ir\u2234 Jonis Alves Demamann.<\/p>\n<p>Ir\u2234 Luis Pinheiro, um dos fundadores da Loja Justi\u00e7a, Liberdade e Disciplina, em 27 de fevereiro de 1974, tamb\u00e9m prestigiou a exalta\u00e7\u00e3o do Ir\u2234 Jo\u00e3o Rocha, assim como o irm\u00e3o Maur\u00edcio Rasslan, da Loja 20 de Agosto, N\u00ba 2.670, do GOB, de Dourados.<\/p>\n","protected":false},"excerpt":{"rendered":"<p>A ARLS Justi\u00e7a, Liberdade e Disciplina, N\u00ba 23, do Oriente de Dourados realizou nesta segunda-feira, dia 19 de junho, Sess\u00e3o Magna de Exalta\u00e7\u00e3o que foi conduzida pelo Ven\u2234 M\u2234 da Loja, \u00a0Ir\u2234 Edmilson Alves de Souza. A Loja ficou lotada de irm\u00e3os que vieram prestigiar a exalta\u00e7\u00e3o do\u00a0Ir\u2234 Jo\u00e3o Ferreira da Rocha Filho. Ao todo [&hellip;]<\/p>\n","protected":false},"author":1,"featured_media":9468,"comment_status":"open","ping_status":"open","sticky":false,"template":"","format":"standard","meta":{"footnotes":""},"categories":[56],"tags":[106,67,108,61,97,109,110,65,111,112],"class_list":["post-8874","post","type-post","status-publish","format-standard","has-post-thumbnail","hentry","category-noticias","tag-campo-grande","tag-dourados","tag-exaltacao","tag-glems","tag-liberdade-e-disciplina","tag-loja-justica","tag-maconaria-universal","tag-ms","tag-sessao-maconica","tag-sessao-magna-de-exaltacao"],"yoast_head":"<!-- This site is optimized with the Yoast SEO plugin v26.3 - https:\/\/yoast.com\/wordpress\/plugins\/seo\/ -->\n<title>LOJA JUSTI\u00c7A, LIBERDADE E DISCIPLINA REALIZA SESS\u00c3O MAGNA DE EXALTA\u00c7\u00c3O - GLEMS<\/title>\n<meta name=\"robots\" content=\"index, follow, max-snippet:-1, max-image-preview:large, max-video-preview:-1\" \/>\n<link rel=\"canonical\" href=\"https:\/\/grandelojams.org.br\/es\/loja-justica-liberdade-e-disciplina-realiza-sessao-magna-de-exaltacao\/\" \/>\n<meta property=\"og:locale\" content=\"pt_BR\" \/>\n<meta property=\"og:type\" content=\"article\" \/>\n<meta property=\"og:title\" content=\"LOJA JUSTI\u00c7A, LIBERDADE E DISCIPLINA REALIZA SESS\u00c3O MAGNA DE EXALTA\u00c7\u00c3O - GLEMS\" \/>\n<meta property=\"og:description\" content=\"A ARLS Justi\u00e7a, Liberdade e Disciplina, N\u00ba 23, do Oriente de Dourados realizou nesta segunda-feira, dia 19 de junho, Sess\u00e3o Magna de Exalta\u00e7\u00e3o que foi conduzida pelo Ven\u2234 M\u2234 da Loja, \u00a0Ir\u2234 Edmilson Alves de Souza. A Loja ficou lotada de irm\u00e3os que vieram prestigiar a exalta\u00e7\u00e3o do\u00a0Ir\u2234 Jo\u00e3o Ferreira da Rocha Filho. Ao todo [&hellip;]\" \/>\n<meta property=\"og:url\" content=\"https:\/\/grandelojams.org.br\/es\/loja-justica-liberdade-e-disciplina-realiza-sessao-magna-de-exaltacao\/\" \/>\n<meta property=\"og:site_name\" content=\"GLEMS\" \/>\n<meta property=\"article:published_time\" content=\"2023-06-20T20:07:43+00:00\" \/>\n<meta property=\"article:modified_time\" content=\"2025-06-20T19:34:40+00:00\" \/>\n<meta property=\"og:image\" content=\"https:\/\/grandelojams.org.br\/es\/wp-content\/uploads\/2023\/07\/exaltacao-Joao-Rocha-672x372-1.jpeg\" \/>\n\t<meta property=\"og:image:width\" content=\"672\" \/>\n\t<meta property=\"og:image:height\" content=\"372\" \/>\n\t<meta property=\"og:image:type\" content=\"image\/jpeg\" \/>\n<meta name=\"author\" content=\"admin\" \/>\n<meta name=\"twitter:card\" content=\"summary_large_image\" \/>\n<meta name=\"twitter:label1\" content=\"Escrito por\" \/>\n\t<meta name=\"twitter:data1\" content=\"admin\" \/>\n\t<meta name=\"twitter:label2\" content=\"Est. tempo de leitura\" \/>\n\t<meta name=\"twitter:data2\" content=\"2 minutos\" \/>\n<script type=\"application\/ld+json\" class=\"yoast-schema-graph\">{\"@context\":\"https:\/\/schema.org\",\"@graph\":[{\"@type\":\"WebPage\",\"@id\":\"https:\/\/grandelojams.org.br\/es\/loja-justica-liberdade-e-disciplina-realiza-sessao-magna-de-exaltacao\/\",\"url\":\"https:\/\/grandelojams.org.br\/es\/loja-justica-liberdade-e-disciplina-realiza-sessao-magna-de-exaltacao\/\",\"name\":\"LOJA JUSTI\u00c7A, LIBERDADE E DISCIPLINA REALIZA SESS\u00c3O MAGNA DE EXALTA\u00c7\u00c3O - GLEMS\",\"isPartOf\":{\"@id\":\"https:\/\/grandelojams.org.br\/es\/#website\"},\"primaryImageOfPage\":{\"@id\":\"https:\/\/grandelojams.org.br\/es\/loja-justica-liberdade-e-disciplina-realiza-sessao-magna-de-exaltacao\/#primaryimage\"},\"image\":{\"@id\":\"https:\/\/grandelojams.org.br\/es\/loja-justica-liberdade-e-disciplina-realiza-sessao-magna-de-exaltacao\/#primaryimage\"},\"thumbnailUrl\":\"https:\/\/grandelojams.org.br\/es\/wp-content\/uploads\/2023\/07\/exaltacao-Joao-Rocha-672x372-1.jpeg\",\"datePublished\":\"2023-06-20T20:07:43+00:00\",\"dateModified\":\"2025-06-20T19:34:40+00:00\",\"author\":{\"@id\":\"https:\/\/grandelojams.org.br\/es\/#\/schema\/person\/5da1c0de136fe7cc6dea7d22b535752b\"},\"breadcrumb\":{\"@id\":\"https:\/\/grandelojams.org.br\/es\/loja-justica-liberdade-e-disciplina-realiza-sessao-magna-de-exaltacao\/#breadcrumb\"},\"inLanguage\":\"pt-BR\",\"potentialAction\":[{\"@type\":\"ReadAction\",\"target\":[\"https:\/\/grandelojams.org.br\/es\/loja-justica-liberdade-e-disciplina-realiza-sessao-magna-de-exaltacao\/\"]}]},{\"@type\":\"ImageObject\",\"inLanguage\":\"pt-BR\",\"@id\":\"https:\/\/grandelojams.org.br\/es\/loja-justica-liberdade-e-disciplina-realiza-sessao-magna-de-exaltacao\/#primaryimage\",\"url\":\"https:\/\/grandelojams.org.br\/es\/wp-content\/uploads\/2023\/07\/exaltacao-Joao-Rocha-672x372-1.jpeg\",\"contentUrl\":\"https:\/\/grandelojams.org.br\/es\/wp-content\/uploads\/2023\/07\/exaltacao-Joao-Rocha-672x372-1.jpeg\",\"width\":672,\"height\":372},{\"@type\":\"BreadcrumbList\",\"@id\":\"https:\/\/grandelojams.org.br\/es\/loja-justica-liberdade-e-disciplina-realiza-sessao-magna-de-exaltacao\/#breadcrumb\",\"itemListElement\":[{\"@type\":\"ListItem\",\"position\":1,\"name\":\"In\u00edcio\",\"item\":\"https:\/\/grandelojams.org.br\/es\/\"},{\"@type\":\"ListItem\",\"position\":2,\"name\":\"LOJA JUSTI\u00c7A, LIBERDADE E DISCIPLINA REALIZA SESS\u00c3O MAGNA DE EXALTA\u00c7\u00c3O\"}]},{\"@type\":\"WebSite\",\"@id\":\"https:\/\/grandelojams.org.br\/es\/#website\",\"url\":\"https:\/\/grandelojams.org.br\/es\/\",\"name\":\"GLEMS\",\"description\":\"Grande Loja Ma\u00e7\u00f4nica do Mato Grosso do Sul\",\"potentialAction\":[{\"@type\":\"SearchAction\",\"target\":{\"@type\":\"EntryPoint\",\"urlTemplate\":\"https:\/\/grandelojams.org.br\/es\/?s={search_term_string}\"},\"query-input\":{\"@type\":\"PropertyValueSpecification\",\"valueRequired\":true,\"valueName\":\"search_term_string\"}}],\"inLanguage\":\"pt-BR\"},{\"@type\":\"Person\",\"@id\":\"https:\/\/grandelojams.org.br\/es\/#\/schema\/person\/5da1c0de136fe7cc6dea7d22b535752b\",\"name\":\"admin\",\"image\":{\"@type\":\"ImageObject\",\"inLanguage\":\"pt-BR\",\"@id\":\"https:\/\/grandelojams.org.br\/es\/#\/schema\/person\/image\/\",\"url\":\"https:\/\/secure.gravatar.com\/avatar\/786137a0e890f9b53660f24bf8ec01ff8c644974de881f5aedc68bd0708ea113?s=96&d=mm&r=g\",\"contentUrl\":\"https:\/\/secure.gravatar.com\/avatar\/786137a0e890f9b53660f24bf8ec01ff8c644974de881f5aedc68bd0708ea113?s=96&d=mm&r=g\",\"caption\":\"admin\"},\"sameAs\":[\"https:\/\/mondayde.com.br\/clientes\/template1\"],\"url\":\"https:\/\/grandelojams.org.br\/es\/author\/admin\/\"}]}<\/script>\n<!-- \/ Yoast SEO plugin. -->","yoast_head_json":{"title":"LOJA JUSTI\u00c7A, LIBERDADE E DISCIPLINA REALIZA SESS\u00c3O MAGNA DE EXALTA\u00c7\u00c3O - GLEMS","robots":{"index":"index","follow":"follow","max-snippet":"max-snippet:-1","max-image-preview":"max-image-preview:large","max-video-preview":"max-video-preview:-1"},"canonical":"https:\/\/grandelojams.org.br\/es\/loja-justica-liberdade-e-disciplina-realiza-sessao-magna-de-exaltacao\/","og_locale":"pt_BR","og_type":"article","og_title":"LOJA JUSTI\u00c7A, LIBERDADE E DISCIPLINA REALIZA SESS\u00c3O MAGNA DE EXALTA\u00c7\u00c3O - GLEMS","og_description":"A ARLS Justi\u00e7a, Liberdade e Disciplina, N\u00ba 23, do Oriente de Dourados realizou nesta segunda-feira, dia 19 de junho, Sess\u00e3o Magna de Exalta\u00e7\u00e3o que foi conduzida pelo Ven\u2234 M\u2234 da Loja, \u00a0Ir\u2234 Edmilson Alves de Souza. A Loja ficou lotada de irm\u00e3os que vieram prestigiar a exalta\u00e7\u00e3o do\u00a0Ir\u2234 Jo\u00e3o Ferreira da Rocha Filho. Ao todo [&hellip;]","og_url":"https:\/\/grandelojams.org.br\/es\/loja-justica-liberdade-e-disciplina-realiza-sessao-magna-de-exaltacao\/","og_site_name":"GLEMS","article_published_time":"2023-06-20T20:07:43+00:00","article_modified_time":"2025-06-20T19:34:40+00:00","og_image":[{"width":672,"height":372,"url":"https:\/\/grandelojams.org.br\/es\/wp-content\/uploads\/2023\/07\/exaltacao-Joao-Rocha-672x372-1.jpeg","type":"image\/jpeg"}],"author":"admin","twitter_card":"summary_large_image","twitter_misc":{"Escrito por":"admin","Est. tempo de leitura":"2 minutos"},"schema":{"@context":"https:\/\/schema.org","@graph":[{"@type":"WebPage","@id":"https:\/\/grandelojams.org.br\/es\/loja-justica-liberdade-e-disciplina-realiza-sessao-magna-de-exaltacao\/","url":"https:\/\/grandelojams.org.br\/es\/loja-justica-liberdade-e-disciplina-realiza-sessao-magna-de-exaltacao\/","name":"LOJA JUSTI\u00c7A, LIBERDADE E DISCIPLINA REALIZA SESS\u00c3O MAGNA DE EXALTA\u00c7\u00c3O - GLEMS","isPartOf":{"@id":"https:\/\/grandelojams.org.br\/es\/#website"},"primaryImageOfPage":{"@id":"https:\/\/grandelojams.org.br\/es\/loja-justica-liberdade-e-disciplina-realiza-sessao-magna-de-exaltacao\/#primaryimage"},"image":{"@id":"https:\/\/grandelojams.org.br\/es\/loja-justica-liberdade-e-disciplina-realiza-sessao-magna-de-exaltacao\/#primaryimage"},"thumbnailUrl":"https:\/\/grandelojams.org.br\/es\/wp-content\/uploads\/2023\/07\/exaltacao-Joao-Rocha-672x372-1.jpeg","datePublished":"2023-06-20T20:07:43+00:00","dateModified":"2025-06-20T19:34:40+00:00","author":{"@id":"https:\/\/grandelojams.org.br\/es\/#\/schema\/person\/5da1c0de136fe7cc6dea7d22b535752b"},"breadcrumb":{"@id":"https:\/\/grandelojams.org.br\/es\/loja-justica-liberdade-e-disciplina-realiza-sessao-magna-de-exaltacao\/#breadcrumb"},"inLanguage":"pt-BR","potentialAction":[{"@type":"ReadAction","target":["https:\/\/grandelojams.org.br\/es\/loja-justica-liberdade-e-disciplina-realiza-sessao-magna-de-exaltacao\/"]}]},{"@type":"ImageObject","inLanguage":"pt-BR","@id":"https:\/\/grandelojams.org.br\/es\/loja-justica-liberdade-e-disciplina-realiza-sessao-magna-de-exaltacao\/#primaryimage","url":"https:\/\/grandelojams.org.br\/es\/wp-content\/uploads\/2023\/07\/exaltacao-Joao-Rocha-672x372-1.jpeg","contentUrl":"https:\/\/grandelojams.org.br\/es\/wp-content\/uploads\/2023\/07\/exaltacao-Joao-Rocha-672x372-1.jpeg","width":672,"height":372},{"@type":"BreadcrumbList","@id":"https:\/\/grandelojams.org.br\/es\/loja-justica-liberdade-e-disciplina-realiza-sessao-magna-de-exaltacao\/#breadcrumb","itemListElement":[{"@type":"ListItem","position":1,"name":"In\u00edcio","item":"https:\/\/grandelojams.org.br\/es\/"},{"@type":"ListItem","position":2,"name":"LOJA JUSTI\u00c7A, LIBERDADE E DISCIPLINA REALIZA SESS\u00c3O MAGNA DE EXALTA\u00c7\u00c3O"}]},{"@type":"WebSite","@id":"https:\/\/grandelojams.org.br\/es\/#website","url":"https:\/\/grandelojams.org.br\/es\/","name":"GLEMS","description":"Grande Loja Ma\u00e7\u00f4nica do Mato Grosso do Sul","potentialAction":[{"@type":"SearchAction","target":{"@type":"EntryPoint","urlTemplate":"https:\/\/grandelojams.org.br\/es\/?s={search_term_string}"},"query-input":{"@type":"PropertyValueSpecification","valueRequired":true,"valueName":"search_term_string"}}],"inLanguage":"pt-BR"},{"@type":"Person","@id":"https:\/\/grandelojams.org.br\/es\/#\/schema\/person\/5da1c0de136fe7cc6dea7d22b535752b","name":"admin","image":{"@type":"ImageObject","inLanguage":"pt-BR","@id":"https:\/\/grandelojams.org.br\/es\/#\/schema\/person\/image\/","url":"https:\/\/secure.gravatar.com\/avatar\/786137a0e890f9b53660f24bf8ec01ff8c644974de881f5aedc68bd0708ea113?s=96&d=mm&r=g","contentUrl":"https:\/\/secure.gravatar.com\/avatar\/786137a0e890f9b53660f24bf8ec01ff8c644974de881f5aedc68bd0708ea113?s=96&d=mm&r=g","caption":"admin"},"sameAs":["https:\/\/mondayde.com.br\/clientes\/template1"],"url":"https:\/\/grandelojams.org.br\/es\/author\/admin\/"}]}},"_links":{"self":[{"href":"https:\/\/grandelojams.org.br\/es\/wp-json\/wp\/v2\/posts\/8874","targetHints":{"allow":["GET"]}}],"collection":[{"href":"https:\/\/grandelojams.org.br\/es\/wp-json\/wp\/v2\/posts"}],"about":[{"href":"https:\/\/grandelojams.org.br\/es\/wp-json\/wp\/v2\/types\/post"}],"author":[{"embeddable":true,"href":"https:\/\/grandelojams.org.br\/es\/wp-json\/wp\/v2\/users\/1"}],"replies":[{"embeddable":true,"href":"https:\/\/grandelojams.org.br\/es\/wp-json\/wp\/v2\/comments?post=8874"}],"version-history":[{"count":1,"href":"https:\/\/grandelojams.org.br\/es\/wp-json\/wp\/v2\/posts\/8874\/revisions"}],"predecessor-version":[{"id":9495,"href":"https:\/\/grandelojams.org.br\/es\/wp-json\/wp\/v2\/posts\/8874\/revisions\/9495"}],"wp:featuredmedia":[{"embeddable":true,"href":"https:\/\/grandelojams.org.br\/es\/wp-json\/wp\/v2\/media\/9468"}],"wp:attachment":[{"href":"https:\/\/grandelojams.org.br\/es\/wp-json\/wp\/v2\/media?parent=8874"}],"wp:term":[{"taxonomy":"category","embeddable":true,"href":"https:\/\/grandelojams.org.br\/es\/wp-json\/wp\/v2\/categories?post=8874"},{"taxonomy":"post_tag","embeddable":true,"href":"https:\/\/grandelojams.org.br\/es\/wp-json\/wp\/v2\/tags?post=8874"}],"curies":[{"name":"wp","href":"https:\/\/api.w.org\/{rel}","templated":true}]}}