{"id":4448,"date":"2023-10-30T12:37:46","date_gmt":"2023-10-30T15:37:46","guid":{"rendered":"https:\/\/grandelojams.org.br\/?p=4448"},"modified":"2025-06-20T16:09:16","modified_gmt":"2025-06-20T19:09:16","slug":"tres-lojas-da-glems-realizam-sessao-magna-de-iniciacao-neste-final-de-semana","status":"publish","type":"post","link":"https:\/\/grandelojams.org.br\/es\/tres-lojas-da-glems-realizam-sessao-magna-de-iniciacao-neste-final-de-semana\/","title":{"rendered":"TR\u00caS LOJAS DA GLEMS REALIZAM SESS\u00c3O MAGNA DE INICIA\u00c7\u00c3O NESTE FINAL DE SEMANA"},"content":{"rendered":"<p>Neste s\u00e1bado, dia 28 de outubro, tr\u00eas lojas jurisdicionadas a Seren\u00edssima Grande Loja do Estado de Mato Grosso do Sul realizaram Sess\u00e3o Magna de Inicia\u00e7\u00e3o, sendo duas no interior e uma na capital.<\/p>\n<p>Em Jardim, na ARLS Retirada da Laguna, N\u00ba 37, a Sess\u00e3o Magna iniciou quatro novos irm\u00e3os. A reuni\u00e3o foi presidida pelo Eminente Gr\u00e3o-Mestre Adjunto, Ir\u2234 Heron dos Santos Filho e conduzida Ven\u2234 M\u2234 da loja, Ir\u2234 Assis Diniz do Carmo.<\/p>\n<p>Foram iniciados os ne\u00f3fitos: Daniel Martins da Silva, Marcos Cortes, Gemerson Tommasi e Fernando Kamada. Al\u00e9m do Eminente Gr\u00e3o-Mestre, abrilhantaram a sess\u00e3o o Delegado Regional, Ir\u2234 S\u00e9rgio da Silva de Souza , os Delegado Distritais IIr\u2234 Ot\u00e1vio Battaglin Portela Tenir Miranda Jr., &nbsp;o vener\u00e1vel da Loja Hijos del Sil\u00eancio, Ir\u2234 Adrian Ramirez representando a Grande Loja do Paraguai, o deputado do GOB-MS, Ir\u2234 Aderbal, o deputado do GOB, de Pernambuco, Ir\u2234 Christiano Mendon\u00e7a, al\u00e9m do gerente administrativo da GLEMS, Ir\u2234 Merquisedeque Galhote Borges representando a Benem\u00e9rita ARLS \u00c1lvaro Figueiredo, N\u00ba 19, e os vener\u00e1veis da Benem\u00e9rita ARLS Obreiros de Rio Brilhante, N\u00ba18, Ir\u2234 Edneu Foroni, da Benem\u00e9rita ARLS Estrela do APA, N\u00ba 9, Ir\u2234 Rubens Guri e da Benem\u00e9rita ARLS Estrela do Sudoeste, N\u00ba 10, Ir\u2234 Saulo Mioto. Mais de 80 irm\u00e3os prestigiaram a sess\u00e3o, sendo destes 60 visitantes e 23 do quadro da loja.<\/p>\n<p>Ap\u00f3s a Sess\u00e3o Magna de Inicia\u00e7\u00e3o os novos irm\u00e3os Daniel, com a cunhada Bibiana, Marcos com a cunhada Raquel, Gemerson com a cunhada Maria de Jesus e Fernando com a cunhada Em\u00edlia foram recepcionados no sal\u00e3o de festa da loja para um jantar e homenagens as novas cunhadas.<\/p>\n<p><strong><img decoding=\"async\" class=\"size-medium wp-image-4453 aligncenter\" src=\"https:\/\/grandelojams.org.br\/wp-content\/uploads\/2023\/10\/Jardim-1b-300x143.jpeg\" alt=\"\" width=\"300\" height=\"143\"><\/strong><\/p>\n<p><strong>IGUATEMI <\/strong><\/p>\n<p>Tamb\u00e9m no dia 28, a Benem\u00e9rita ARLS Silo Vargas Batista, N\u00ba 17, do Oriente de Iguatemi realizou Sess\u00e3o Magna de Inicia\u00e7\u00e3o de tr\u00eas novos irm\u00e3os: Daniel Ito de Lima, Edivaldo Luiz Dutra Vargas e Girlei Santa Rosa Lopes.<\/p>\n<p>A sess\u00e3o foi abrilhantada com a presen\u00e7a do Delegado Regional da 12\u00aa Delegacia Regional da GLEMS, Ir\u2234 Samuel Ribeiro da Silva. Ao todo 36 irm\u00e3os prestigiaram a sess\u00e3o, sendo 19 do quadro da loja e 17 visitantes.<\/p>\n<p>Ap\u00f3s a Sess\u00e3o, os novos irm\u00e3os, cunhadas e sobrinhos foram recepcionados no Sal\u00e3o das Ac\u00e1cias, para uma grande festa com musica ao vivo e jantar.<\/p>\n<p><strong><img decoding=\"async\" class=\"size-medium wp-image-4451 aligncenter\" src=\"https:\/\/grandelojams.org.br\/wp-content\/uploads\/2023\/10\/Iguatemi-1-300x146.jpeg\" alt=\"\" width=\"300\" height=\"146\"><\/strong><\/p>\n<p><strong>CAMPO GRANDE<\/strong><\/p>\n<p>A ARLS Egr\u00e9gora XIII, N\u00ba 64, do Oriente de Campo Grande, realizou Sess\u00e3o Magna de Inicia\u00e7\u00e3o neste final de semana que foi presidida e conduzida pelo Ven\u2234 M\u2234 da loja, Ir\u2234 Leonardo Ar\u00e9valo Dias. Foram iniciados quatro novos irm\u00e3os: Cleber Souza Rodrigues, Gabriel Barbosa Corr\u00eaa, Rafael Barbosa Rodrigues e Jorge Lu\u00eds Passuelo.<\/p>\n<p>A sess\u00e3o foi abrilhantada com a presen\u00e7a do Delegado Distrital, , da 6\u00aa Delegacia da GLEMS, Ir\u2234 Emanoel Roberto Pereira de Souza. Ao todo prestigiaram a sess\u00e3o 32 irm\u00e3os, sendo 13 do quadro e 19 visitantes. Ap\u00f3s a reuni\u00e3o os novos irm\u00e3os, cunhadas e sobrinhos foram recepcionados.<\/p>\n<p><img fetchpriority=\"high\" decoding=\"async\" class=\"size-medium wp-image-4449 aligncenter\" src=\"https:\/\/grandelojams.org.br\/wp-content\/uploads\/2023\/10\/Capita-Egregora-300x225.jpeg\" alt=\"\" width=\"300\" height=\"225\"><\/p>\n<p>&nbsp;<\/p>\n\n","protected":false},"excerpt":{"rendered":"<p>Neste s\u00e1bado, dia 28 de outubro, tr\u00eas lojas jurisdicionadas a Seren\u00edssima Grande Loja do Estado de Mato Grosso do Sul realizaram Sess\u00e3o Magna de Inicia\u00e7\u00e3o, sendo duas no interior e uma na capital. Em Jardim, na ARLS Retirada da Laguna, N\u00ba 37, a Sess\u00e3o Magna iniciou quatro novos irm\u00e3os. A reuni\u00e3o foi presidida pelo Eminente [&hellip;]<\/p>\n","protected":false},"author":1,"featured_media":9398,"comment_status":"open","ping_status":"open","sticky":false,"template":"","format":"standard","meta":{"footnotes":""},"categories":[56],"tags":[],"class_list":["post-4448","post","type-post","status-publish","format-standard","has-post-thumbnail","hentry","category-noticias"],"yoast_head":"<!-- This site is optimized with the Yoast SEO plugin v26.3 - https:\/\/yoast.com\/wordpress\/plugins\/seo\/ -->\n<title>TR\u00caS LOJAS DA GLEMS REALIZAM SESS\u00c3O MAGNA DE INICIA\u00c7\u00c3O NESTE FINAL DE SEMANA - GLEMS<\/title>\n<meta name=\"robots\" content=\"index, follow, max-snippet:-1, max-image-preview:large, max-video-preview:-1\" \/>\n<link rel=\"canonical\" href=\"https:\/\/grandelojams.org.br\/es\/tres-lojas-da-glems-realizam-sessao-magna-de-iniciacao-neste-final-de-semana\/\" \/>\n<meta property=\"og:locale\" content=\"pt_BR\" \/>\n<meta property=\"og:type\" content=\"article\" \/>\n<meta property=\"og:title\" content=\"TR\u00caS LOJAS DA GLEMS REALIZAM SESS\u00c3O MAGNA DE INICIA\u00c7\u00c3O NESTE FINAL DE SEMANA - GLEMS\" \/>\n<meta property=\"og:description\" content=\"Neste s\u00e1bado, dia 28 de outubro, tr\u00eas lojas jurisdicionadas a Seren\u00edssima Grande Loja do Estado de Mato Grosso do Sul realizaram Sess\u00e3o Magna de Inicia\u00e7\u00e3o, sendo duas no interior e uma na capital. Em Jardim, na ARLS Retirada da Laguna, N\u00ba 37, a Sess\u00e3o Magna iniciou quatro novos irm\u00e3os. A reuni\u00e3o foi presidida pelo Eminente [&hellip;]\" \/>\n<meta property=\"og:url\" content=\"https:\/\/grandelojams.org.br\/es\/tres-lojas-da-glems-realizam-sessao-magna-de-iniciacao-neste-final-de-semana\/\" \/>\n<meta property=\"og:site_name\" content=\"GLEMS\" \/>\n<meta property=\"article:published_time\" content=\"2023-10-30T15:37:46+00:00\" \/>\n<meta property=\"article:modified_time\" content=\"2025-06-20T19:09:16+00:00\" \/>\n<meta property=\"og:image\" content=\"https:\/\/grandelojams.org.br\/es\/wp-content\/uploads\/2023\/11\/Foto-Capa-500x372-1.png\" \/>\n\t<meta property=\"og:image:width\" content=\"500\" \/>\n\t<meta property=\"og:image:height\" content=\"372\" \/>\n\t<meta property=\"og:image:type\" content=\"image\/png\" \/>\n<meta name=\"author\" content=\"admin\" \/>\n<meta name=\"twitter:card\" content=\"summary_large_image\" \/>\n<meta name=\"twitter:label1\" content=\"Escrito por\" \/>\n\t<meta name=\"twitter:data1\" content=\"admin\" \/>\n\t<meta name=\"twitter:label2\" content=\"Est. tempo de leitura\" \/>\n\t<meta name=\"twitter:data2\" content=\"4 minutos\" \/>\n<script type=\"application\/ld+json\" class=\"yoast-schema-graph\">{\"@context\":\"https:\/\/schema.org\",\"@graph\":[{\"@type\":\"WebPage\",\"@id\":\"https:\/\/grandelojams.org.br\/es\/tres-lojas-da-glems-realizam-sessao-magna-de-iniciacao-neste-final-de-semana\/\",\"url\":\"https:\/\/grandelojams.org.br\/es\/tres-lojas-da-glems-realizam-sessao-magna-de-iniciacao-neste-final-de-semana\/\",\"name\":\"TR\u00caS LOJAS DA GLEMS REALIZAM SESS\u00c3O MAGNA DE INICIA\u00c7\u00c3O NESTE FINAL DE SEMANA - GLEMS\",\"isPartOf\":{\"@id\":\"https:\/\/grandelojams.org.br\/es\/#website\"},\"primaryImageOfPage\":{\"@id\":\"https:\/\/grandelojams.org.br\/es\/tres-lojas-da-glems-realizam-sessao-magna-de-iniciacao-neste-final-de-semana\/#primaryimage\"},\"image\":{\"@id\":\"https:\/\/grandelojams.org.br\/es\/tres-lojas-da-glems-realizam-sessao-magna-de-iniciacao-neste-final-de-semana\/#primaryimage\"},\"thumbnailUrl\":\"https:\/\/grandelojams.org.br\/es\/wp-content\/uploads\/2023\/11\/Foto-Capa-500x372-1.png\",\"datePublished\":\"2023-10-30T15:37:46+00:00\",\"dateModified\":\"2025-06-20T19:09:16+00:00\",\"author\":{\"@id\":\"https:\/\/grandelojams.org.br\/es\/#\/schema\/person\/5da1c0de136fe7cc6dea7d22b535752b\"},\"breadcrumb\":{\"@id\":\"https:\/\/grandelojams.org.br\/es\/tres-lojas-da-glems-realizam-sessao-magna-de-iniciacao-neste-final-de-semana\/#breadcrumb\"},\"inLanguage\":\"pt-BR\",\"potentialAction\":[{\"@type\":\"ReadAction\",\"target\":[\"https:\/\/grandelojams.org.br\/es\/tres-lojas-da-glems-realizam-sessao-magna-de-iniciacao-neste-final-de-semana\/\"]}]},{\"@type\":\"ImageObject\",\"inLanguage\":\"pt-BR\",\"@id\":\"https:\/\/grandelojams.org.br\/es\/tres-lojas-da-glems-realizam-sessao-magna-de-iniciacao-neste-final-de-semana\/#primaryimage\",\"url\":\"https:\/\/grandelojams.org.br\/es\/wp-content\/uploads\/2023\/11\/Foto-Capa-500x372-1.png\",\"contentUrl\":\"https:\/\/grandelojams.org.br\/es\/wp-content\/uploads\/2023\/11\/Foto-Capa-500x372-1.png\",\"width\":500,\"height\":372},{\"@type\":\"BreadcrumbList\",\"@id\":\"https:\/\/grandelojams.org.br\/es\/tres-lojas-da-glems-realizam-sessao-magna-de-iniciacao-neste-final-de-semana\/#breadcrumb\",\"itemListElement\":[{\"@type\":\"ListItem\",\"position\":1,\"name\":\"In\u00edcio\",\"item\":\"https:\/\/grandelojams.org.br\/es\/\"},{\"@type\":\"ListItem\",\"position\":2,\"name\":\"TR\u00caS LOJAS DA GLEMS REALIZAM SESS\u00c3O MAGNA DE INICIA\u00c7\u00c3O NESTE FINAL DE SEMANA\"}]},{\"@type\":\"WebSite\",\"@id\":\"https:\/\/grandelojams.org.br\/es\/#website\",\"url\":\"https:\/\/grandelojams.org.br\/es\/\",\"name\":\"GLEMS\",\"description\":\"Grande Loja Ma\u00e7\u00f4nica do Mato Grosso do Sul\",\"potentialAction\":[{\"@type\":\"SearchAction\",\"target\":{\"@type\":\"EntryPoint\",\"urlTemplate\":\"https:\/\/grandelojams.org.br\/es\/?s={search_term_string}\"},\"query-input\":{\"@type\":\"PropertyValueSpecification\",\"valueRequired\":true,\"valueName\":\"search_term_string\"}}],\"inLanguage\":\"pt-BR\"},{\"@type\":\"Person\",\"@id\":\"https:\/\/grandelojams.org.br\/es\/#\/schema\/person\/5da1c0de136fe7cc6dea7d22b535752b\",\"name\":\"admin\",\"image\":{\"@type\":\"ImageObject\",\"inLanguage\":\"pt-BR\",\"@id\":\"https:\/\/grandelojams.org.br\/es\/#\/schema\/person\/image\/\",\"url\":\"https:\/\/secure.gravatar.com\/avatar\/786137a0e890f9b53660f24bf8ec01ff8c644974de881f5aedc68bd0708ea113?s=96&d=mm&r=g\",\"contentUrl\":\"https:\/\/secure.gravatar.com\/avatar\/786137a0e890f9b53660f24bf8ec01ff8c644974de881f5aedc68bd0708ea113?s=96&d=mm&r=g\",\"caption\":\"admin\"},\"sameAs\":[\"https:\/\/mondayde.com.br\/clientes\/template1\"],\"url\":\"https:\/\/grandelojams.org.br\/es\/author\/admin\/\"}]}<\/script>\n<!-- \/ Yoast SEO plugin. -->","yoast_head_json":{"title":"TR\u00caS LOJAS DA GLEMS REALIZAM SESS\u00c3O MAGNA DE INICIA\u00c7\u00c3O NESTE FINAL DE SEMANA - GLEMS","robots":{"index":"index","follow":"follow","max-snippet":"max-snippet:-1","max-image-preview":"max-image-preview:large","max-video-preview":"max-video-preview:-1"},"canonical":"https:\/\/grandelojams.org.br\/es\/tres-lojas-da-glems-realizam-sessao-magna-de-iniciacao-neste-final-de-semana\/","og_locale":"pt_BR","og_type":"article","og_title":"TR\u00caS LOJAS DA GLEMS REALIZAM SESS\u00c3O MAGNA DE INICIA\u00c7\u00c3O NESTE FINAL DE SEMANA - GLEMS","og_description":"Neste s\u00e1bado, dia 28 de outubro, tr\u00eas lojas jurisdicionadas a Seren\u00edssima Grande Loja do Estado de Mato Grosso do Sul realizaram Sess\u00e3o Magna de Inicia\u00e7\u00e3o, sendo duas no interior e uma na capital. Em Jardim, na ARLS Retirada da Laguna, N\u00ba 37, a Sess\u00e3o Magna iniciou quatro novos irm\u00e3os. A reuni\u00e3o foi presidida pelo Eminente [&hellip;]","og_url":"https:\/\/grandelojams.org.br\/es\/tres-lojas-da-glems-realizam-sessao-magna-de-iniciacao-neste-final-de-semana\/","og_site_name":"GLEMS","article_published_time":"2023-10-30T15:37:46+00:00","article_modified_time":"2025-06-20T19:09:16+00:00","og_image":[{"width":500,"height":372,"url":"https:\/\/grandelojams.org.br\/es\/wp-content\/uploads\/2023\/11\/Foto-Capa-500x372-1.png","type":"image\/png"}],"author":"admin","twitter_card":"summary_large_image","twitter_misc":{"Escrito por":"admin","Est. tempo de leitura":"4 minutos"},"schema":{"@context":"https:\/\/schema.org","@graph":[{"@type":"WebPage","@id":"https:\/\/grandelojams.org.br\/es\/tres-lojas-da-glems-realizam-sessao-magna-de-iniciacao-neste-final-de-semana\/","url":"https:\/\/grandelojams.org.br\/es\/tres-lojas-da-glems-realizam-sessao-magna-de-iniciacao-neste-final-de-semana\/","name":"TR\u00caS LOJAS DA GLEMS REALIZAM SESS\u00c3O MAGNA DE INICIA\u00c7\u00c3O NESTE FINAL DE SEMANA - GLEMS","isPartOf":{"@id":"https:\/\/grandelojams.org.br\/es\/#website"},"primaryImageOfPage":{"@id":"https:\/\/grandelojams.org.br\/es\/tres-lojas-da-glems-realizam-sessao-magna-de-iniciacao-neste-final-de-semana\/#primaryimage"},"image":{"@id":"https:\/\/grandelojams.org.br\/es\/tres-lojas-da-glems-realizam-sessao-magna-de-iniciacao-neste-final-de-semana\/#primaryimage"},"thumbnailUrl":"https:\/\/grandelojams.org.br\/es\/wp-content\/uploads\/2023\/11\/Foto-Capa-500x372-1.png","datePublished":"2023-10-30T15:37:46+00:00","dateModified":"2025-06-20T19:09:16+00:00","author":{"@id":"https:\/\/grandelojams.org.br\/es\/#\/schema\/person\/5da1c0de136fe7cc6dea7d22b535752b"},"breadcrumb":{"@id":"https:\/\/grandelojams.org.br\/es\/tres-lojas-da-glems-realizam-sessao-magna-de-iniciacao-neste-final-de-semana\/#breadcrumb"},"inLanguage":"pt-BR","potentialAction":[{"@type":"ReadAction","target":["https:\/\/grandelojams.org.br\/es\/tres-lojas-da-glems-realizam-sessao-magna-de-iniciacao-neste-final-de-semana\/"]}]},{"@type":"ImageObject","inLanguage":"pt-BR","@id":"https:\/\/grandelojams.org.br\/es\/tres-lojas-da-glems-realizam-sessao-magna-de-iniciacao-neste-final-de-semana\/#primaryimage","url":"https:\/\/grandelojams.org.br\/es\/wp-content\/uploads\/2023\/11\/Foto-Capa-500x372-1.png","contentUrl":"https:\/\/grandelojams.org.br\/es\/wp-content\/uploads\/2023\/11\/Foto-Capa-500x372-1.png","width":500,"height":372},{"@type":"BreadcrumbList","@id":"https:\/\/grandelojams.org.br\/es\/tres-lojas-da-glems-realizam-sessao-magna-de-iniciacao-neste-final-de-semana\/#breadcrumb","itemListElement":[{"@type":"ListItem","position":1,"name":"In\u00edcio","item":"https:\/\/grandelojams.org.br\/es\/"},{"@type":"ListItem","position":2,"name":"TR\u00caS LOJAS DA GLEMS REALIZAM SESS\u00c3O MAGNA DE INICIA\u00c7\u00c3O NESTE FINAL DE SEMANA"}]},{"@type":"WebSite","@id":"https:\/\/grandelojams.org.br\/es\/#website","url":"https:\/\/grandelojams.org.br\/es\/","name":"GLEMS","description":"Grande Loja Ma\u00e7\u00f4nica do Mato Grosso do Sul","potentialAction":[{"@type":"SearchAction","target":{"@type":"EntryPoint","urlTemplate":"https:\/\/grandelojams.org.br\/es\/?s={search_term_string}"},"query-input":{"@type":"PropertyValueSpecification","valueRequired":true,"valueName":"search_term_string"}}],"inLanguage":"pt-BR"},{"@type":"Person","@id":"https:\/\/grandelojams.org.br\/es\/#\/schema\/person\/5da1c0de136fe7cc6dea7d22b535752b","name":"admin","image":{"@type":"ImageObject","inLanguage":"pt-BR","@id":"https:\/\/grandelojams.org.br\/es\/#\/schema\/person\/image\/","url":"https:\/\/secure.gravatar.com\/avatar\/786137a0e890f9b53660f24bf8ec01ff8c644974de881f5aedc68bd0708ea113?s=96&d=mm&r=g","contentUrl":"https:\/\/secure.gravatar.com\/avatar\/786137a0e890f9b53660f24bf8ec01ff8c644974de881f5aedc68bd0708ea113?s=96&d=mm&r=g","caption":"admin"},"sameAs":["https:\/\/mondayde.com.br\/clientes\/template1"],"url":"https:\/\/grandelojams.org.br\/es\/author\/admin\/"}]}},"_links":{"self":[{"href":"https:\/\/grandelojams.org.br\/es\/wp-json\/wp\/v2\/posts\/4448","targetHints":{"allow":["GET"]}}],"collection":[{"href":"https:\/\/grandelojams.org.br\/es\/wp-json\/wp\/v2\/posts"}],"about":[{"href":"https:\/\/grandelojams.org.br\/es\/wp-json\/wp\/v2\/types\/post"}],"author":[{"embeddable":true,"href":"https:\/\/grandelojams.org.br\/es\/wp-json\/wp\/v2\/users\/1"}],"replies":[{"embeddable":true,"href":"https:\/\/grandelojams.org.br\/es\/wp-json\/wp\/v2\/comments?post=4448"}],"version-history":[{"count":1,"href":"https:\/\/grandelojams.org.br\/es\/wp-json\/wp\/v2\/posts\/4448\/revisions"}],"predecessor-version":[{"id":9403,"href":"https:\/\/grandelojams.org.br\/es\/wp-json\/wp\/v2\/posts\/4448\/revisions\/9403"}],"wp:featuredmedia":[{"embeddable":true,"href":"https:\/\/grandelojams.org.br\/es\/wp-json\/wp\/v2\/media\/9398"}],"wp:attachment":[{"href":"https:\/\/grandelojams.org.br\/es\/wp-json\/wp\/v2\/media?parent=4448"}],"wp:term":[{"taxonomy":"category","embeddable":true,"href":"https:\/\/grandelojams.org.br\/es\/wp-json\/wp\/v2\/categories?post=4448"},{"taxonomy":"post_tag","embeddable":true,"href":"https:\/\/grandelojams.org.br\/es\/wp-json\/wp\/v2\/tags?post=4448"}],"curies":[{"name":"wp","href":"https:\/\/api.w.org\/{rel}","templated":true}]}}