{"id":4443,"date":"2023-10-26T14:51:57","date_gmt":"2023-10-26T17:51:57","guid":{"rendered":"https:\/\/grandelojams.org.br\/?p=4443"},"modified":"2025-06-20T16:09:22","modified_gmt":"2025-06-20T19:09:22","slug":"lojas-jurisdicionadas-aprovam-reeleicao-na-glems-em-assembleia-extraordinaria","status":"publish","type":"post","link":"https:\/\/grandelojams.org.br\/es\/lojas-jurisdicionadas-aprovam-reeleicao-na-glems-em-assembleia-extraordinaria\/","title":{"rendered":"LOJAS JURISDICIONADAS APROVAM REELEI\u00c7\u00c3O NA GLEMS EM ASSEMBLEIA EXTRAORDIN\u00c1RIA"},"content":{"rendered":"<p>Neste \u00faltimo s\u00e1bado, dia 21 de outubro, aconteceram no templo da Seren\u00edssima Grande Loja Ma\u00e7\u00f4nica do Estado de Mato Grosso do Sul, duas Assembleias Extraordin\u00e1rias, uma delas votou o retorno da reelei\u00e7\u00e3o e a outra a atualiza\u00e7\u00e3o do Regulamento Geral.<\/p>\n<p>Ao todo participaram da vota\u00e7\u00e3o 55 vener\u00e1veis mestres e representantes de lojas jurisdicionadas a GLEMS, que aprovaram por 43 votos favor\u00e1veis e 12 contr\u00e1rios, a modifica\u00e7\u00e3o do Par\u00e1grafo \u00danico, do Art. 19, da Constitui\u00e7\u00e3o da Grande Loja, que impedia a reelei\u00e7\u00e3o de Gr\u00e3o-mestres, no Estado e que a partir de agora passa a vigorar da seguinte forma: \u201c\u00c9 permitida a reelei\u00e7\u00e3o por uma vez, para o mesmo cargo&#8230;\u201d.<\/p>\n<p>As Assembleias foram presididas e conduzidas pelo Seren\u00edssimo Gr\u00e3o-Mestre, Ir\u2234 Ademar de Souza Freitas e abrilhantada com a presen\u00e7a do Eminente Gr\u00e3o-Mestre Adjunto, Ir\u2234 Heron dos Santos Filho, dos Gr\u00e3o-Mestres Ad Vitam, IIr\u2234 Jord\u00e3o Abreu e Darcy da Costa Filho, al\u00e9m dos ex Gr\u00e3o-Mestres Adjuntos, Heron dos Santos e Hugo de Oliveira, do delegado Geral, Ruy C\u00e9sar Barbosa e v\u00e1rios Delegados Regionais.<\/p>\n<p>O Gr\u00e3o-Mestre Adjunto fez uso da palavra para parabenizar o protagonismo das lojas do interior que propuseram a mudan\u00e7a na Constitui\u00e7\u00e3o da GLEMS. \u201cAs lojas precisam assumir cada vez mais esse papel de proatividade. \u00c9 necess\u00e1rio que mudan\u00e7as importantes como essa, n\u00e3o partam somente da Grande Loja, mas das lojas jurisdicionadas. Essa proposta veio para mostrar que as demandas do interior est\u00e3o sendo ouvidas\u201d, declarou Ir\u2234 Heronzinho.<\/p>\n<p>A Segunda Assembleia Extraordin\u00e1ria, que iniciou \u00e0s 10h, aprovou por 52 votos favor\u00e1veis e tr\u00eas contr\u00e1rios, o texto que atualiza o Regulamento Geral da Grande Loja Ma\u00e7\u00f4nica do Estado de Mato Grosso do Sul.<\/p>\n<p><img fetchpriority=\"high\" decoding=\"async\" class=\"alignnone size-medium wp-image-4444 aligncenter\" src=\"https:\/\/grandelojams.org.br\/wp-content\/uploads\/2023\/10\/capa-300x225.jpeg\" alt=\"\" width=\"300\" height=\"225\" \/><\/p>\n<p><img decoding=\"async\" class=\"alignnone size-medium wp-image-4446 aligncenter\" src=\"https:\/\/grandelojams.org.br\/wp-content\/uploads\/2023\/10\/representantes-de-lojas-300x225.jpeg\" alt=\"\" width=\"300\" height=\"225\" \/><\/p>\n","protected":false},"excerpt":{"rendered":"<p>Neste \u00faltimo s\u00e1bado, dia 21 de outubro, aconteceram no templo da Seren\u00edssima Grande Loja Ma\u00e7\u00f4nica do Estado de Mato Grosso do Sul, duas Assembleias Extraordin\u00e1rias, uma delas votou o retorno da reelei\u00e7\u00e3o e a outra a atualiza\u00e7\u00e3o do Regulamento Geral. Ao todo participaram da vota\u00e7\u00e3o 55 vener\u00e1veis mestres e representantes de lojas jurisdicionadas a GLEMS, [&hellip;]<\/p>\n","protected":false},"author":1,"featured_media":9397,"comment_status":"open","ping_status":"open","sticky":false,"template":"","format":"standard","meta":{"footnotes":""},"categories":[55],"tags":[],"class_list":["post-4443","post","type-post","status-publish","format-standard","has-post-thumbnail","hentry","category-palavra-do-s-g-m"],"yoast_head":"<!-- This site is optimized with the Yoast SEO plugin v26.3 - https:\/\/yoast.com\/wordpress\/plugins\/seo\/ -->\n<title>LOJAS JURISDICIONADAS APROVAM REELEI\u00c7\u00c3O NA GLEMS EM ASSEMBLEIA EXTRAORDIN\u00c1RIA - GLEMS<\/title>\n<meta name=\"robots\" content=\"index, follow, max-snippet:-1, max-image-preview:large, max-video-preview:-1\" \/>\n<link rel=\"canonical\" href=\"https:\/\/grandelojams.org.br\/es\/lojas-jurisdicionadas-aprovam-reeleicao-na-glems-em-assembleia-extraordinaria\/\" \/>\n<meta property=\"og:locale\" content=\"pt_BR\" \/>\n<meta property=\"og:type\" content=\"article\" \/>\n<meta property=\"og:title\" content=\"LOJAS JURISDICIONADAS APROVAM REELEI\u00c7\u00c3O NA GLEMS EM ASSEMBLEIA EXTRAORDIN\u00c1RIA - GLEMS\" \/>\n<meta property=\"og:description\" content=\"Neste \u00faltimo s\u00e1bado, dia 21 de outubro, aconteceram no templo da Seren\u00edssima Grande Loja Ma\u00e7\u00f4nica do Estado de Mato Grosso do Sul, duas Assembleias Extraordin\u00e1rias, uma delas votou o retorno da reelei\u00e7\u00e3o e a outra a atualiza\u00e7\u00e3o do Regulamento Geral. Ao todo participaram da vota\u00e7\u00e3o 55 vener\u00e1veis mestres e representantes de lojas jurisdicionadas a GLEMS, [&hellip;]\" \/>\n<meta property=\"og:url\" content=\"https:\/\/grandelojams.org.br\/es\/lojas-jurisdicionadas-aprovam-reeleicao-na-glems-em-assembleia-extraordinaria\/\" \/>\n<meta property=\"og:site_name\" content=\"GLEMS\" \/>\n<meta property=\"article:published_time\" content=\"2023-10-26T17:51:57+00:00\" \/>\n<meta property=\"article:modified_time\" content=\"2025-06-20T19:09:22+00:00\" \/>\n<meta property=\"og:image\" content=\"https:\/\/grandelojams.org.br\/es\/wp-content\/uploads\/2023\/11\/luzes-1-672x372-1.jpeg\" \/>\n\t<meta property=\"og:image:width\" content=\"672\" \/>\n\t<meta property=\"og:image:height\" content=\"372\" \/>\n\t<meta property=\"og:image:type\" content=\"image\/jpeg\" \/>\n<meta name=\"author\" content=\"admin\" \/>\n<meta name=\"twitter:card\" content=\"summary_large_image\" \/>\n<meta name=\"twitter:label1\" content=\"Escrito por\" \/>\n\t<meta name=\"twitter:data1\" content=\"admin\" \/>\n\t<meta name=\"twitter:label2\" content=\"Est. tempo de leitura\" \/>\n\t<meta name=\"twitter:data2\" content=\"2 minutos\" \/>\n<script type=\"application\/ld+json\" class=\"yoast-schema-graph\">{\"@context\":\"https:\/\/schema.org\",\"@graph\":[{\"@type\":\"WebPage\",\"@id\":\"https:\/\/grandelojams.org.br\/es\/lojas-jurisdicionadas-aprovam-reeleicao-na-glems-em-assembleia-extraordinaria\/\",\"url\":\"https:\/\/grandelojams.org.br\/es\/lojas-jurisdicionadas-aprovam-reeleicao-na-glems-em-assembleia-extraordinaria\/\",\"name\":\"LOJAS JURISDICIONADAS APROVAM REELEI\u00c7\u00c3O NA GLEMS EM ASSEMBLEIA EXTRAORDIN\u00c1RIA - GLEMS\",\"isPartOf\":{\"@id\":\"https:\/\/grandelojams.org.br\/es\/#website\"},\"primaryImageOfPage\":{\"@id\":\"https:\/\/grandelojams.org.br\/es\/lojas-jurisdicionadas-aprovam-reeleicao-na-glems-em-assembleia-extraordinaria\/#primaryimage\"},\"image\":{\"@id\":\"https:\/\/grandelojams.org.br\/es\/lojas-jurisdicionadas-aprovam-reeleicao-na-glems-em-assembleia-extraordinaria\/#primaryimage\"},\"thumbnailUrl\":\"https:\/\/grandelojams.org.br\/es\/wp-content\/uploads\/2023\/11\/luzes-1-672x372-1.jpeg\",\"datePublished\":\"2023-10-26T17:51:57+00:00\",\"dateModified\":\"2025-06-20T19:09:22+00:00\",\"author\":{\"@id\":\"https:\/\/grandelojams.org.br\/es\/#\/schema\/person\/5da1c0de136fe7cc6dea7d22b535752b\"},\"breadcrumb\":{\"@id\":\"https:\/\/grandelojams.org.br\/es\/lojas-jurisdicionadas-aprovam-reeleicao-na-glems-em-assembleia-extraordinaria\/#breadcrumb\"},\"inLanguage\":\"pt-BR\",\"potentialAction\":[{\"@type\":\"ReadAction\",\"target\":[\"https:\/\/grandelojams.org.br\/es\/lojas-jurisdicionadas-aprovam-reeleicao-na-glems-em-assembleia-extraordinaria\/\"]}]},{\"@type\":\"ImageObject\",\"inLanguage\":\"pt-BR\",\"@id\":\"https:\/\/grandelojams.org.br\/es\/lojas-jurisdicionadas-aprovam-reeleicao-na-glems-em-assembleia-extraordinaria\/#primaryimage\",\"url\":\"https:\/\/grandelojams.org.br\/es\/wp-content\/uploads\/2023\/11\/luzes-1-672x372-1.jpeg\",\"contentUrl\":\"https:\/\/grandelojams.org.br\/es\/wp-content\/uploads\/2023\/11\/luzes-1-672x372-1.jpeg\",\"width\":672,\"height\":372},{\"@type\":\"BreadcrumbList\",\"@id\":\"https:\/\/grandelojams.org.br\/es\/lojas-jurisdicionadas-aprovam-reeleicao-na-glems-em-assembleia-extraordinaria\/#breadcrumb\",\"itemListElement\":[{\"@type\":\"ListItem\",\"position\":1,\"name\":\"In\u00edcio\",\"item\":\"https:\/\/grandelojams.org.br\/es\/\"},{\"@type\":\"ListItem\",\"position\":2,\"name\":\"LOJAS JURISDICIONADAS APROVAM REELEI\u00c7\u00c3O NA GLEMS EM ASSEMBLEIA EXTRAORDIN\u00c1RIA\"}]},{\"@type\":\"WebSite\",\"@id\":\"https:\/\/grandelojams.org.br\/es\/#website\",\"url\":\"https:\/\/grandelojams.org.br\/es\/\",\"name\":\"GLEMS\",\"description\":\"Grande Loja Ma\u00e7\u00f4nica do Mato Grosso do Sul\",\"potentialAction\":[{\"@type\":\"SearchAction\",\"target\":{\"@type\":\"EntryPoint\",\"urlTemplate\":\"https:\/\/grandelojams.org.br\/es\/?s={search_term_string}\"},\"query-input\":{\"@type\":\"PropertyValueSpecification\",\"valueRequired\":true,\"valueName\":\"search_term_string\"}}],\"inLanguage\":\"pt-BR\"},{\"@type\":\"Person\",\"@id\":\"https:\/\/grandelojams.org.br\/es\/#\/schema\/person\/5da1c0de136fe7cc6dea7d22b535752b\",\"name\":\"admin\",\"image\":{\"@type\":\"ImageObject\",\"inLanguage\":\"pt-BR\",\"@id\":\"https:\/\/grandelojams.org.br\/es\/#\/schema\/person\/image\/\",\"url\":\"https:\/\/secure.gravatar.com\/avatar\/786137a0e890f9b53660f24bf8ec01ff8c644974de881f5aedc68bd0708ea113?s=96&d=mm&r=g\",\"contentUrl\":\"https:\/\/secure.gravatar.com\/avatar\/786137a0e890f9b53660f24bf8ec01ff8c644974de881f5aedc68bd0708ea113?s=96&d=mm&r=g\",\"caption\":\"admin\"},\"sameAs\":[\"https:\/\/mondayde.com.br\/clientes\/template1\"],\"url\":\"https:\/\/grandelojams.org.br\/es\/author\/admin\/\"}]}<\/script>\n<!-- \/ Yoast SEO plugin. -->","yoast_head_json":{"title":"LOJAS JURISDICIONADAS APROVAM REELEI\u00c7\u00c3O NA GLEMS EM ASSEMBLEIA EXTRAORDIN\u00c1RIA - GLEMS","robots":{"index":"index","follow":"follow","max-snippet":"max-snippet:-1","max-image-preview":"max-image-preview:large","max-video-preview":"max-video-preview:-1"},"canonical":"https:\/\/grandelojams.org.br\/es\/lojas-jurisdicionadas-aprovam-reeleicao-na-glems-em-assembleia-extraordinaria\/","og_locale":"pt_BR","og_type":"article","og_title":"LOJAS JURISDICIONADAS APROVAM REELEI\u00c7\u00c3O NA GLEMS EM ASSEMBLEIA EXTRAORDIN\u00c1RIA - GLEMS","og_description":"Neste \u00faltimo s\u00e1bado, dia 21 de outubro, aconteceram no templo da Seren\u00edssima Grande Loja Ma\u00e7\u00f4nica do Estado de Mato Grosso do Sul, duas Assembleias Extraordin\u00e1rias, uma delas votou o retorno da reelei\u00e7\u00e3o e a outra a atualiza\u00e7\u00e3o do Regulamento Geral. Ao todo participaram da vota\u00e7\u00e3o 55 vener\u00e1veis mestres e representantes de lojas jurisdicionadas a GLEMS, [&hellip;]","og_url":"https:\/\/grandelojams.org.br\/es\/lojas-jurisdicionadas-aprovam-reeleicao-na-glems-em-assembleia-extraordinaria\/","og_site_name":"GLEMS","article_published_time":"2023-10-26T17:51:57+00:00","article_modified_time":"2025-06-20T19:09:22+00:00","og_image":[{"width":672,"height":372,"url":"https:\/\/grandelojams.org.br\/es\/wp-content\/uploads\/2023\/11\/luzes-1-672x372-1.jpeg","type":"image\/jpeg"}],"author":"admin","twitter_card":"summary_large_image","twitter_misc":{"Escrito por":"admin","Est. tempo de leitura":"2 minutos"},"schema":{"@context":"https:\/\/schema.org","@graph":[{"@type":"WebPage","@id":"https:\/\/grandelojams.org.br\/es\/lojas-jurisdicionadas-aprovam-reeleicao-na-glems-em-assembleia-extraordinaria\/","url":"https:\/\/grandelojams.org.br\/es\/lojas-jurisdicionadas-aprovam-reeleicao-na-glems-em-assembleia-extraordinaria\/","name":"LOJAS JURISDICIONADAS APROVAM REELEI\u00c7\u00c3O NA GLEMS EM ASSEMBLEIA EXTRAORDIN\u00c1RIA - GLEMS","isPartOf":{"@id":"https:\/\/grandelojams.org.br\/es\/#website"},"primaryImageOfPage":{"@id":"https:\/\/grandelojams.org.br\/es\/lojas-jurisdicionadas-aprovam-reeleicao-na-glems-em-assembleia-extraordinaria\/#primaryimage"},"image":{"@id":"https:\/\/grandelojams.org.br\/es\/lojas-jurisdicionadas-aprovam-reeleicao-na-glems-em-assembleia-extraordinaria\/#primaryimage"},"thumbnailUrl":"https:\/\/grandelojams.org.br\/es\/wp-content\/uploads\/2023\/11\/luzes-1-672x372-1.jpeg","datePublished":"2023-10-26T17:51:57+00:00","dateModified":"2025-06-20T19:09:22+00:00","author":{"@id":"https:\/\/grandelojams.org.br\/es\/#\/schema\/person\/5da1c0de136fe7cc6dea7d22b535752b"},"breadcrumb":{"@id":"https:\/\/grandelojams.org.br\/es\/lojas-jurisdicionadas-aprovam-reeleicao-na-glems-em-assembleia-extraordinaria\/#breadcrumb"},"inLanguage":"pt-BR","potentialAction":[{"@type":"ReadAction","target":["https:\/\/grandelojams.org.br\/es\/lojas-jurisdicionadas-aprovam-reeleicao-na-glems-em-assembleia-extraordinaria\/"]}]},{"@type":"ImageObject","inLanguage":"pt-BR","@id":"https:\/\/grandelojams.org.br\/es\/lojas-jurisdicionadas-aprovam-reeleicao-na-glems-em-assembleia-extraordinaria\/#primaryimage","url":"https:\/\/grandelojams.org.br\/es\/wp-content\/uploads\/2023\/11\/luzes-1-672x372-1.jpeg","contentUrl":"https:\/\/grandelojams.org.br\/es\/wp-content\/uploads\/2023\/11\/luzes-1-672x372-1.jpeg","width":672,"height":372},{"@type":"BreadcrumbList","@id":"https:\/\/grandelojams.org.br\/es\/lojas-jurisdicionadas-aprovam-reeleicao-na-glems-em-assembleia-extraordinaria\/#breadcrumb","itemListElement":[{"@type":"ListItem","position":1,"name":"In\u00edcio","item":"https:\/\/grandelojams.org.br\/es\/"},{"@type":"ListItem","position":2,"name":"LOJAS JURISDICIONADAS APROVAM REELEI\u00c7\u00c3O NA GLEMS EM ASSEMBLEIA EXTRAORDIN\u00c1RIA"}]},{"@type":"WebSite","@id":"https:\/\/grandelojams.org.br\/es\/#website","url":"https:\/\/grandelojams.org.br\/es\/","name":"GLEMS","description":"Grande Loja Ma\u00e7\u00f4nica do Mato Grosso do Sul","potentialAction":[{"@type":"SearchAction","target":{"@type":"EntryPoint","urlTemplate":"https:\/\/grandelojams.org.br\/es\/?s={search_term_string}"},"query-input":{"@type":"PropertyValueSpecification","valueRequired":true,"valueName":"search_term_string"}}],"inLanguage":"pt-BR"},{"@type":"Person","@id":"https:\/\/grandelojams.org.br\/es\/#\/schema\/person\/5da1c0de136fe7cc6dea7d22b535752b","name":"admin","image":{"@type":"ImageObject","inLanguage":"pt-BR","@id":"https:\/\/grandelojams.org.br\/es\/#\/schema\/person\/image\/","url":"https:\/\/secure.gravatar.com\/avatar\/786137a0e890f9b53660f24bf8ec01ff8c644974de881f5aedc68bd0708ea113?s=96&d=mm&r=g","contentUrl":"https:\/\/secure.gravatar.com\/avatar\/786137a0e890f9b53660f24bf8ec01ff8c644974de881f5aedc68bd0708ea113?s=96&d=mm&r=g","caption":"admin"},"sameAs":["https:\/\/mondayde.com.br\/clientes\/template1"],"url":"https:\/\/grandelojams.org.br\/es\/author\/admin\/"}]}},"_links":{"self":[{"href":"https:\/\/grandelojams.org.br\/es\/wp-json\/wp\/v2\/posts\/4443","targetHints":{"allow":["GET"]}}],"collection":[{"href":"https:\/\/grandelojams.org.br\/es\/wp-json\/wp\/v2\/posts"}],"about":[{"href":"https:\/\/grandelojams.org.br\/es\/wp-json\/wp\/v2\/types\/post"}],"author":[{"embeddable":true,"href":"https:\/\/grandelojams.org.br\/es\/wp-json\/wp\/v2\/users\/1"}],"replies":[{"embeddable":true,"href":"https:\/\/grandelojams.org.br\/es\/wp-json\/wp\/v2\/comments?post=4443"}],"version-history":[{"count":1,"href":"https:\/\/grandelojams.org.br\/es\/wp-json\/wp\/v2\/posts\/4443\/revisions"}],"predecessor-version":[{"id":9404,"href":"https:\/\/grandelojams.org.br\/es\/wp-json\/wp\/v2\/posts\/4443\/revisions\/9404"}],"wp:featuredmedia":[{"embeddable":true,"href":"https:\/\/grandelojams.org.br\/es\/wp-json\/wp\/v2\/media\/9397"}],"wp:attachment":[{"href":"https:\/\/grandelojams.org.br\/es\/wp-json\/wp\/v2\/media?parent=4443"}],"wp:term":[{"taxonomy":"category","embeddable":true,"href":"https:\/\/grandelojams.org.br\/es\/wp-json\/wp\/v2\/categories?post=4443"},{"taxonomy":"post_tag","embeddable":true,"href":"https:\/\/grandelojams.org.br\/es\/wp-json\/wp\/v2\/tags?post=4443"}],"curies":[{"name":"wp","href":"https:\/\/api.w.org\/{rel}","templated":true}]}}