{"id":4402,"date":"2023-10-09T16:50:36","date_gmt":"2023-10-09T19:50:36","guid":{"rendered":"https:\/\/grandelojams.org.br\/?p=4402"},"modified":"2025-06-20T16:09:56","modified_gmt":"2025-06-20T19:09:56","slug":"loja-alvaro-figueiredo-realiza-sessao-magna-de-iniciacao-de-cinco-neofitos","status":"publish","type":"post","link":"https:\/\/grandelojams.org.br\/es\/loja-alvaro-figueiredo-realiza-sessao-magna-de-iniciacao-de-cinco-neofitos\/","title":{"rendered":"LOJA \u00c1LVARO FIGUEIREDO REALIZA SESS\u00c3O MAGNA DE INICIA\u00c7\u00c3O DE CINCO NE\u00d3FITOS"},"content":{"rendered":"<p>Neste final de semana, a Benem\u00e9rita ARLS \u00c1lvaro Figueiredo, N\u00ba 19 , do Oriente de Corumb\u00e1 realizou Sess\u00e3o Magna de Inicia\u00e7\u00e3o de cinco ne\u00f3fitos: Luiz Henrique da Silva, Carlos Roberto de Andrade, Daniel da Costa Brambilla, Jo\u00e3o Paulo da Silva e Sebasti\u00e3o da Concei\u00e7\u00e3o. A Sess\u00e3o foi conduzida pelo Ven\u2234 M\u2234 da loja, Ir\u2234 Mohamad Abdallah Saleh e presidida pelo Eminente Gr\u00e3o-Mestre Adjunto, Ir\u2234 Heron dos Santos Filho.<\/p>\n<p>Al\u00e9m da presen\u00e7a do Gr\u00e3o-Mestre Adjunto, a reuni\u00e3o foi abrilhantada com a presen\u00e7a do ex Gr\u00e3o-Mestre Adjunto, Ir\u2234 Heron dos Santos, al\u00e9m do Delegado Regional da 7\u00aa Regi\u00e3o da GLEMS, Ir\u2234 S\u00e9rgio Silva de Souza e do Delegado Distrital, Ir\u2234 Milton Carlos de Melo. \u00a0Ao todo estiveram presentes 39 irm\u00e3os, sendo 23 do quadro e 16 visitantes.<\/p>\n<p>Ap\u00f3s a Sess\u00e3o Magna de Inicia\u00e7\u00e3o os novos irm\u00e3os e cunhadas: Luiz e Camila Amaral, Carlos e Sidneia, Daniel e Fabiane, Jo\u00e3o Paulo e Doroth\u00e9a e Sebasti\u00e3o e Josefa foram recebidos no sal\u00e3o de festas da loja para um jantar de confraterniza\u00e7\u00e3o, onde receberam homenagens.<\/p>\n<p>\u00a0<\/p>\n\n\n<figure class=\"wp-block-image size-large is-resized\"><img fetchpriority=\"high\" decoding=\"async\" src=\"https:\/\/grandelojams.org.br\/wp-content\/uploads\/2023\/10\/Iniciacao-Corumba-1024x461.jpeg\" alt=\"\" class=\"wp-image-4404\" width=\"868\" height=\"390\"\/><\/figure>\n\n\n\n<figure class=\"wp-block-image size-full\"><img decoding=\"async\" src=\"https:\/\/grandelojams.org.br\/wp-content\/uploads\/2023\/10\/Iniciacao-Corumba-3.jpeg\" alt=\"\" class=\"wp-image-4410\"\/><\/figure>\n","protected":false},"excerpt":{"rendered":"<p>Neste final de semana, a Benem\u00e9rita ARLS \u00c1lvaro Figueiredo, N\u00ba 19 , do Oriente de Corumb\u00e1 realizou Sess\u00e3o Magna de Inicia\u00e7\u00e3o de cinco ne\u00f3fitos: Luiz Henrique da Silva, Carlos Roberto de Andrade, Daniel da Costa Brambilla, Jo\u00e3o Paulo da Silva e Sebasti\u00e3o da Concei\u00e7\u00e3o. A Sess\u00e3o foi conduzida pelo Ven\u2234 M\u2234 da loja, Ir\u2234 Mohamad [&hellip;]<\/p>\n","protected":false},"author":1,"featured_media":9391,"comment_status":"open","ping_status":"open","sticky":false,"template":"","format":"standard","meta":{"footnotes":""},"categories":[56],"tags":[],"class_list":["post-4402","post","type-post","status-publish","format-standard","has-post-thumbnail","hentry","category-noticias"],"yoast_head":"<!-- This site is optimized with the Yoast SEO plugin v26.3 - https:\/\/yoast.com\/wordpress\/plugins\/seo\/ -->\n<title>LOJA \u00c1LVARO FIGUEIREDO REALIZA SESS\u00c3O MAGNA DE INICIA\u00c7\u00c3O DE CINCO NE\u00d3FITOS - GLEMS<\/title>\n<meta name=\"robots\" content=\"index, follow, max-snippet:-1, max-image-preview:large, max-video-preview:-1\" \/>\n<link rel=\"canonical\" href=\"https:\/\/grandelojams.org.br\/es\/loja-alvaro-figueiredo-realiza-sessao-magna-de-iniciacao-de-cinco-neofitos\/\" \/>\n<meta property=\"og:locale\" content=\"pt_BR\" \/>\n<meta property=\"og:type\" content=\"article\" \/>\n<meta property=\"og:title\" content=\"LOJA \u00c1LVARO FIGUEIREDO REALIZA SESS\u00c3O MAGNA DE INICIA\u00c7\u00c3O DE CINCO NE\u00d3FITOS - GLEMS\" \/>\n<meta property=\"og:description\" content=\"Neste final de semana, a Benem\u00e9rita ARLS \u00c1lvaro Figueiredo, N\u00ba 19 , do Oriente de Corumb\u00e1 realizou Sess\u00e3o Magna de Inicia\u00e7\u00e3o de cinco ne\u00f3fitos: Luiz Henrique da Silva, Carlos Roberto de Andrade, Daniel da Costa Brambilla, Jo\u00e3o Paulo da Silva e Sebasti\u00e3o da Concei\u00e7\u00e3o. A Sess\u00e3o foi conduzida pelo Ven\u2234 M\u2234 da loja, Ir\u2234 Mohamad [&hellip;]\" \/>\n<meta property=\"og:url\" content=\"https:\/\/grandelojams.org.br\/es\/loja-alvaro-figueiredo-realiza-sessao-magna-de-iniciacao-de-cinco-neofitos\/\" \/>\n<meta property=\"og:site_name\" content=\"GLEMS\" \/>\n<meta property=\"article:published_time\" content=\"2023-10-09T19:50:36+00:00\" \/>\n<meta property=\"article:modified_time\" content=\"2025-06-20T19:09:56+00:00\" \/>\n<meta property=\"og:image\" content=\"https:\/\/grandelojams.org.br\/es\/wp-content\/uploads\/2023\/11\/Iniciacao-Corumba-2-672x372-1.jpeg\" \/>\n\t<meta property=\"og:image:width\" content=\"672\" \/>\n\t<meta property=\"og:image:height\" content=\"372\" \/>\n\t<meta property=\"og:image:type\" content=\"image\/jpeg\" \/>\n<meta name=\"author\" content=\"admin\" \/>\n<meta name=\"twitter:card\" content=\"summary_large_image\" \/>\n<meta name=\"twitter:label1\" content=\"Escrito por\" \/>\n\t<meta name=\"twitter:data1\" content=\"admin\" \/>\n\t<meta name=\"twitter:label2\" content=\"Est. tempo de leitura\" \/>\n\t<meta name=\"twitter:data2\" content=\"2 minutos\" \/>\n<script type=\"application\/ld+json\" class=\"yoast-schema-graph\">{\"@context\":\"https:\/\/schema.org\",\"@graph\":[{\"@type\":\"WebPage\",\"@id\":\"https:\/\/grandelojams.org.br\/es\/loja-alvaro-figueiredo-realiza-sessao-magna-de-iniciacao-de-cinco-neofitos\/\",\"url\":\"https:\/\/grandelojams.org.br\/es\/loja-alvaro-figueiredo-realiza-sessao-magna-de-iniciacao-de-cinco-neofitos\/\",\"name\":\"LOJA \u00c1LVARO FIGUEIREDO REALIZA SESS\u00c3O MAGNA DE INICIA\u00c7\u00c3O DE CINCO NE\u00d3FITOS - GLEMS\",\"isPartOf\":{\"@id\":\"https:\/\/grandelojams.org.br\/es\/#website\"},\"primaryImageOfPage\":{\"@id\":\"https:\/\/grandelojams.org.br\/es\/loja-alvaro-figueiredo-realiza-sessao-magna-de-iniciacao-de-cinco-neofitos\/#primaryimage\"},\"image\":{\"@id\":\"https:\/\/grandelojams.org.br\/es\/loja-alvaro-figueiredo-realiza-sessao-magna-de-iniciacao-de-cinco-neofitos\/#primaryimage\"},\"thumbnailUrl\":\"https:\/\/grandelojams.org.br\/es\/wp-content\/uploads\/2023\/11\/Iniciacao-Corumba-2-672x372-1.jpeg\",\"datePublished\":\"2023-10-09T19:50:36+00:00\",\"dateModified\":\"2025-06-20T19:09:56+00:00\",\"author\":{\"@id\":\"https:\/\/grandelojams.org.br\/es\/#\/schema\/person\/5da1c0de136fe7cc6dea7d22b535752b\"},\"breadcrumb\":{\"@id\":\"https:\/\/grandelojams.org.br\/es\/loja-alvaro-figueiredo-realiza-sessao-magna-de-iniciacao-de-cinco-neofitos\/#breadcrumb\"},\"inLanguage\":\"pt-BR\",\"potentialAction\":[{\"@type\":\"ReadAction\",\"target\":[\"https:\/\/grandelojams.org.br\/es\/loja-alvaro-figueiredo-realiza-sessao-magna-de-iniciacao-de-cinco-neofitos\/\"]}]},{\"@type\":\"ImageObject\",\"inLanguage\":\"pt-BR\",\"@id\":\"https:\/\/grandelojams.org.br\/es\/loja-alvaro-figueiredo-realiza-sessao-magna-de-iniciacao-de-cinco-neofitos\/#primaryimage\",\"url\":\"https:\/\/grandelojams.org.br\/es\/wp-content\/uploads\/2023\/11\/Iniciacao-Corumba-2-672x372-1.jpeg\",\"contentUrl\":\"https:\/\/grandelojams.org.br\/es\/wp-content\/uploads\/2023\/11\/Iniciacao-Corumba-2-672x372-1.jpeg\",\"width\":672,\"height\":372},{\"@type\":\"BreadcrumbList\",\"@id\":\"https:\/\/grandelojams.org.br\/es\/loja-alvaro-figueiredo-realiza-sessao-magna-de-iniciacao-de-cinco-neofitos\/#breadcrumb\",\"itemListElement\":[{\"@type\":\"ListItem\",\"position\":1,\"name\":\"In\u00edcio\",\"item\":\"https:\/\/grandelojams.org.br\/es\/\"},{\"@type\":\"ListItem\",\"position\":2,\"name\":\"LOJA \u00c1LVARO FIGUEIREDO REALIZA SESS\u00c3O MAGNA DE INICIA\u00c7\u00c3O DE CINCO NE\u00d3FITOS\"}]},{\"@type\":\"WebSite\",\"@id\":\"https:\/\/grandelojams.org.br\/es\/#website\",\"url\":\"https:\/\/grandelojams.org.br\/es\/\",\"name\":\"GLEMS\",\"description\":\"Grande Loja Ma\u00e7\u00f4nica do Mato Grosso do Sul\",\"potentialAction\":[{\"@type\":\"SearchAction\",\"target\":{\"@type\":\"EntryPoint\",\"urlTemplate\":\"https:\/\/grandelojams.org.br\/es\/?s={search_term_string}\"},\"query-input\":{\"@type\":\"PropertyValueSpecification\",\"valueRequired\":true,\"valueName\":\"search_term_string\"}}],\"inLanguage\":\"pt-BR\"},{\"@type\":\"Person\",\"@id\":\"https:\/\/grandelojams.org.br\/es\/#\/schema\/person\/5da1c0de136fe7cc6dea7d22b535752b\",\"name\":\"admin\",\"image\":{\"@type\":\"ImageObject\",\"inLanguage\":\"pt-BR\",\"@id\":\"https:\/\/grandelojams.org.br\/es\/#\/schema\/person\/image\/\",\"url\":\"https:\/\/secure.gravatar.com\/avatar\/786137a0e890f9b53660f24bf8ec01ff8c644974de881f5aedc68bd0708ea113?s=96&d=mm&r=g\",\"contentUrl\":\"https:\/\/secure.gravatar.com\/avatar\/786137a0e890f9b53660f24bf8ec01ff8c644974de881f5aedc68bd0708ea113?s=96&d=mm&r=g\",\"caption\":\"admin\"},\"sameAs\":[\"https:\/\/mondayde.com.br\/clientes\/template1\"],\"url\":\"https:\/\/grandelojams.org.br\/es\/author\/admin\/\"}]}<\/script>\n<!-- \/ Yoast SEO plugin. -->","yoast_head_json":{"title":"LOJA \u00c1LVARO FIGUEIREDO REALIZA SESS\u00c3O MAGNA DE INICIA\u00c7\u00c3O DE CINCO NE\u00d3FITOS - GLEMS","robots":{"index":"index","follow":"follow","max-snippet":"max-snippet:-1","max-image-preview":"max-image-preview:large","max-video-preview":"max-video-preview:-1"},"canonical":"https:\/\/grandelojams.org.br\/es\/loja-alvaro-figueiredo-realiza-sessao-magna-de-iniciacao-de-cinco-neofitos\/","og_locale":"pt_BR","og_type":"article","og_title":"LOJA \u00c1LVARO FIGUEIREDO REALIZA SESS\u00c3O MAGNA DE INICIA\u00c7\u00c3O DE CINCO NE\u00d3FITOS - GLEMS","og_description":"Neste final de semana, a Benem\u00e9rita ARLS \u00c1lvaro Figueiredo, N\u00ba 19 , do Oriente de Corumb\u00e1 realizou Sess\u00e3o Magna de Inicia\u00e7\u00e3o de cinco ne\u00f3fitos: Luiz Henrique da Silva, Carlos Roberto de Andrade, Daniel da Costa Brambilla, Jo\u00e3o Paulo da Silva e Sebasti\u00e3o da Concei\u00e7\u00e3o. A Sess\u00e3o foi conduzida pelo Ven\u2234 M\u2234 da loja, Ir\u2234 Mohamad [&hellip;]","og_url":"https:\/\/grandelojams.org.br\/es\/loja-alvaro-figueiredo-realiza-sessao-magna-de-iniciacao-de-cinco-neofitos\/","og_site_name":"GLEMS","article_published_time":"2023-10-09T19:50:36+00:00","article_modified_time":"2025-06-20T19:09:56+00:00","og_image":[{"width":672,"height":372,"url":"https:\/\/grandelojams.org.br\/es\/wp-content\/uploads\/2023\/11\/Iniciacao-Corumba-2-672x372-1.jpeg","type":"image\/jpeg"}],"author":"admin","twitter_card":"summary_large_image","twitter_misc":{"Escrito por":"admin","Est. tempo de leitura":"2 minutos"},"schema":{"@context":"https:\/\/schema.org","@graph":[{"@type":"WebPage","@id":"https:\/\/grandelojams.org.br\/es\/loja-alvaro-figueiredo-realiza-sessao-magna-de-iniciacao-de-cinco-neofitos\/","url":"https:\/\/grandelojams.org.br\/es\/loja-alvaro-figueiredo-realiza-sessao-magna-de-iniciacao-de-cinco-neofitos\/","name":"LOJA \u00c1LVARO FIGUEIREDO REALIZA SESS\u00c3O MAGNA DE INICIA\u00c7\u00c3O DE CINCO NE\u00d3FITOS - GLEMS","isPartOf":{"@id":"https:\/\/grandelojams.org.br\/es\/#website"},"primaryImageOfPage":{"@id":"https:\/\/grandelojams.org.br\/es\/loja-alvaro-figueiredo-realiza-sessao-magna-de-iniciacao-de-cinco-neofitos\/#primaryimage"},"image":{"@id":"https:\/\/grandelojams.org.br\/es\/loja-alvaro-figueiredo-realiza-sessao-magna-de-iniciacao-de-cinco-neofitos\/#primaryimage"},"thumbnailUrl":"https:\/\/grandelojams.org.br\/es\/wp-content\/uploads\/2023\/11\/Iniciacao-Corumba-2-672x372-1.jpeg","datePublished":"2023-10-09T19:50:36+00:00","dateModified":"2025-06-20T19:09:56+00:00","author":{"@id":"https:\/\/grandelojams.org.br\/es\/#\/schema\/person\/5da1c0de136fe7cc6dea7d22b535752b"},"breadcrumb":{"@id":"https:\/\/grandelojams.org.br\/es\/loja-alvaro-figueiredo-realiza-sessao-magna-de-iniciacao-de-cinco-neofitos\/#breadcrumb"},"inLanguage":"pt-BR","potentialAction":[{"@type":"ReadAction","target":["https:\/\/grandelojams.org.br\/es\/loja-alvaro-figueiredo-realiza-sessao-magna-de-iniciacao-de-cinco-neofitos\/"]}]},{"@type":"ImageObject","inLanguage":"pt-BR","@id":"https:\/\/grandelojams.org.br\/es\/loja-alvaro-figueiredo-realiza-sessao-magna-de-iniciacao-de-cinco-neofitos\/#primaryimage","url":"https:\/\/grandelojams.org.br\/es\/wp-content\/uploads\/2023\/11\/Iniciacao-Corumba-2-672x372-1.jpeg","contentUrl":"https:\/\/grandelojams.org.br\/es\/wp-content\/uploads\/2023\/11\/Iniciacao-Corumba-2-672x372-1.jpeg","width":672,"height":372},{"@type":"BreadcrumbList","@id":"https:\/\/grandelojams.org.br\/es\/loja-alvaro-figueiredo-realiza-sessao-magna-de-iniciacao-de-cinco-neofitos\/#breadcrumb","itemListElement":[{"@type":"ListItem","position":1,"name":"In\u00edcio","item":"https:\/\/grandelojams.org.br\/es\/"},{"@type":"ListItem","position":2,"name":"LOJA \u00c1LVARO FIGUEIREDO REALIZA SESS\u00c3O MAGNA DE INICIA\u00c7\u00c3O DE CINCO NE\u00d3FITOS"}]},{"@type":"WebSite","@id":"https:\/\/grandelojams.org.br\/es\/#website","url":"https:\/\/grandelojams.org.br\/es\/","name":"GLEMS","description":"Grande Loja Ma\u00e7\u00f4nica do Mato Grosso do Sul","potentialAction":[{"@type":"SearchAction","target":{"@type":"EntryPoint","urlTemplate":"https:\/\/grandelojams.org.br\/es\/?s={search_term_string}"},"query-input":{"@type":"PropertyValueSpecification","valueRequired":true,"valueName":"search_term_string"}}],"inLanguage":"pt-BR"},{"@type":"Person","@id":"https:\/\/grandelojams.org.br\/es\/#\/schema\/person\/5da1c0de136fe7cc6dea7d22b535752b","name":"admin","image":{"@type":"ImageObject","inLanguage":"pt-BR","@id":"https:\/\/grandelojams.org.br\/es\/#\/schema\/person\/image\/","url":"https:\/\/secure.gravatar.com\/avatar\/786137a0e890f9b53660f24bf8ec01ff8c644974de881f5aedc68bd0708ea113?s=96&d=mm&r=g","contentUrl":"https:\/\/secure.gravatar.com\/avatar\/786137a0e890f9b53660f24bf8ec01ff8c644974de881f5aedc68bd0708ea113?s=96&d=mm&r=g","caption":"admin"},"sameAs":["https:\/\/mondayde.com.br\/clientes\/template1"],"url":"https:\/\/grandelojams.org.br\/es\/author\/admin\/"}]}},"_links":{"self":[{"href":"https:\/\/grandelojams.org.br\/es\/wp-json\/wp\/v2\/posts\/4402","targetHints":{"allow":["GET"]}}],"collection":[{"href":"https:\/\/grandelojams.org.br\/es\/wp-json\/wp\/v2\/posts"}],"about":[{"href":"https:\/\/grandelojams.org.br\/es\/wp-json\/wp\/v2\/types\/post"}],"author":[{"embeddable":true,"href":"https:\/\/grandelojams.org.br\/es\/wp-json\/wp\/v2\/users\/1"}],"replies":[{"embeddable":true,"href":"https:\/\/grandelojams.org.br\/es\/wp-json\/wp\/v2\/comments?post=4402"}],"version-history":[{"count":1,"href":"https:\/\/grandelojams.org.br\/es\/wp-json\/wp\/v2\/posts\/4402\/revisions"}],"predecessor-version":[{"id":9410,"href":"https:\/\/grandelojams.org.br\/es\/wp-json\/wp\/v2\/posts\/4402\/revisions\/9410"}],"wp:featuredmedia":[{"embeddable":true,"href":"https:\/\/grandelojams.org.br\/es\/wp-json\/wp\/v2\/media\/9391"}],"wp:attachment":[{"href":"https:\/\/grandelojams.org.br\/es\/wp-json\/wp\/v2\/media?parent=4402"}],"wp:term":[{"taxonomy":"category","embeddable":true,"href":"https:\/\/grandelojams.org.br\/es\/wp-json\/wp\/v2\/categories?post=4402"},{"taxonomy":"post_tag","embeddable":true,"href":"https:\/\/grandelojams.org.br\/es\/wp-json\/wp\/v2\/tags?post=4402"}],"curies":[{"name":"wp","href":"https:\/\/api.w.org\/{rel}","templated":true}]}}