{"id":4382,"date":"2023-10-02T16:51:08","date_gmt":"2023-10-02T19:51:08","guid":{"rendered":"https:\/\/grandelojams.org.br\/?p=4382"},"modified":"2025-06-20T16:11:06","modified_gmt":"2025-06-20T19:11:06","slug":"grao-mestre-e-veneraveis-se-reunem-para-tratar-da-implantacao-da-casa-de-apoio-em-dourados","status":"publish","type":"post","link":"https:\/\/grandelojams.org.br\/es\/grao-mestre-e-veneraveis-se-reunem-para-tratar-da-implantacao-da-casa-de-apoio-em-dourados\/","title":{"rendered":"GR\u00c3O-MESTRE E VENER\u00c1VEIS SE RE\u00daNEM PARA TRATAR DA IMPLANTA\u00c7\u00c3O DA CASA DE APOIO EM DOURADOS"},"content":{"rendered":"<p>Na manh\u00e3 de s\u00e1bado, dia 30 de setembro, o Seren\u00edssimo Gr\u00e3o-Mestre, Ir\u2234 Ademar de Souza Freitas esteve reunido com os vener\u00e1veis mestres das cinco lojas jurisdicionadas a Grande Loja Ma\u00e7\u00f4nica do Estado de Mato Grosso do Sul, para tratar da implanta\u00e7\u00e3o da Casa de Apoio, no Oriente de Dourados. A reuni\u00e3o acontece no templo da Benem\u00e9rita ARLS Ant\u00f4nio Jo\u00e3o. N\u00ba 5.<\/p>\n<p>Na oportunidade o Gr\u00e3o-Mestre revelou que durante o Encontro de Neg\u00f3cios da Fronteira Brasil &#8211; Paraguai conversou com Alan Guedes, prefeito de Dourados e com o Ir\u2234 Paulo C\u00e9sar, Procurador Geral do Munic\u00edpio que passaram algumas orienta\u00e7\u00f5es referentes a documenta\u00e7\u00e3o para o pedido de doa\u00e7\u00e3o do terreno.<\/p>\n<p>\u201cEssa foi uma reuni\u00e3o deliberativa para que as lojas de Dourados assinassem em conjunto com a Grande Loja o pedido de doa\u00e7\u00e3o do terreno e tamb\u00e9m para que estejam a par de como est\u00e1 o processo para a implanta\u00e7\u00e3o da segunda Casa de Apoio da GLEMS, no munic\u00edpio\u201d, explicou o Gr\u00e3o-Mestre.<\/p>\n<p>Toda a documenta\u00e7\u00e3o exigida, bem como o requerimento foram protocolados na manh\u00e3 desta-segunda-feira, dia dois de outubro, na Procuradoria Geral do Munic\u00edpio. O procurador, Ir\u2234 Paulo C\u00e9sar acredita que a solenidade de doa\u00e7\u00e3o do terreno dever\u00e1 ser marcada em menos de dois meses.<\/p>\n<p><img fetchpriority=\"high\" decoding=\"async\" class=\"size-medium wp-image-4384 aligncenter\" src=\"https:\/\/grandelojams.org.br\/wp-content\/uploads\/2023\/10\/WhatsApp-Image-2023-10-02-at-15.29.00-300x225.jpeg\" alt=\"\" width=\"300\" height=\"225\" \/><\/p>\n<p>&nbsp;<\/p>\n<p><img decoding=\"async\" class=\"alignnone size-medium wp-image-4385\" src=\"https:\/\/grandelojams.org.br\/wp-content\/uploads\/2023\/10\/WhatsApp-Image-2023-10-02-at-15.29.01-300x225.jpeg\" alt=\"\" width=\"300\" height=\"225\" \/><\/p>\n","protected":false},"excerpt":{"rendered":"<p>Na manh\u00e3 de s\u00e1bado, dia 30 de setembro, o Seren\u00edssimo Gr\u00e3o-Mestre, Ir\u2234 Ademar de Souza Freitas esteve reunido com os vener\u00e1veis mestres das cinco lojas jurisdicionadas a Grande Loja Ma\u00e7\u00f4nica do Estado de Mato Grosso do Sul, para tratar da implanta\u00e7\u00e3o da Casa de Apoio, no Oriente de Dourados. A reuni\u00e3o acontece no templo da [&hellip;]<\/p>\n","protected":false},"author":1,"featured_media":9388,"comment_status":"open","ping_status":"open","sticky":false,"template":"","format":"standard","meta":{"footnotes":""},"categories":[55],"tags":[],"class_list":["post-4382","post","type-post","status-publish","format-standard","has-post-thumbnail","hentry","category-palavra-do-s-g-m"],"yoast_head":"<!-- This site is optimized with the Yoast SEO plugin v26.3 - https:\/\/yoast.com\/wordpress\/plugins\/seo\/ -->\n<title>GR\u00c3O-MESTRE E VENER\u00c1VEIS SE RE\u00daNEM PARA TRATAR DA IMPLANTA\u00c7\u00c3O DA CASA DE APOIO EM DOURADOS - GLEMS<\/title>\n<meta name=\"robots\" content=\"index, follow, max-snippet:-1, max-image-preview:large, max-video-preview:-1\" \/>\n<link rel=\"canonical\" href=\"https:\/\/grandelojams.org.br\/es\/grao-mestre-e-veneraveis-se-reunem-para-tratar-da-implantacao-da-casa-de-apoio-em-dourados\/\" \/>\n<meta property=\"og:locale\" content=\"pt_BR\" \/>\n<meta property=\"og:type\" content=\"article\" \/>\n<meta property=\"og:title\" content=\"GR\u00c3O-MESTRE E VENER\u00c1VEIS SE RE\u00daNEM PARA TRATAR DA IMPLANTA\u00c7\u00c3O DA CASA DE APOIO EM DOURADOS - GLEMS\" \/>\n<meta property=\"og:description\" content=\"Na manh\u00e3 de s\u00e1bado, dia 30 de setembro, o Seren\u00edssimo Gr\u00e3o-Mestre, Ir\u2234 Ademar de Souza Freitas esteve reunido com os vener\u00e1veis mestres das cinco lojas jurisdicionadas a Grande Loja Ma\u00e7\u00f4nica do Estado de Mato Grosso do Sul, para tratar da implanta\u00e7\u00e3o da Casa de Apoio, no Oriente de Dourados. A reuni\u00e3o acontece no templo da [&hellip;]\" \/>\n<meta property=\"og:url\" content=\"https:\/\/grandelojams.org.br\/es\/grao-mestre-e-veneraveis-se-reunem-para-tratar-da-implantacao-da-casa-de-apoio-em-dourados\/\" \/>\n<meta property=\"og:site_name\" content=\"GLEMS\" \/>\n<meta property=\"article:published_time\" content=\"2023-10-02T19:51:08+00:00\" \/>\n<meta property=\"article:modified_time\" content=\"2025-06-20T19:11:06+00:00\" \/>\n<meta property=\"og:image\" content=\"https:\/\/grandelojams.org.br\/es\/wp-content\/uploads\/2023\/11\/WhatsApp-Image-2023-10-02-at-15.29.01-1-672x372-1.jpeg\" \/>\n\t<meta property=\"og:image:width\" content=\"672\" \/>\n\t<meta property=\"og:image:height\" content=\"372\" \/>\n\t<meta property=\"og:image:type\" content=\"image\/jpeg\" \/>\n<meta name=\"author\" content=\"admin\" \/>\n<meta name=\"twitter:card\" content=\"summary_large_image\" \/>\n<meta name=\"twitter:label1\" content=\"Escrito por\" \/>\n\t<meta name=\"twitter:data1\" content=\"admin\" \/>\n\t<meta name=\"twitter:label2\" content=\"Est. tempo de leitura\" \/>\n\t<meta name=\"twitter:data2\" content=\"2 minutos\" \/>\n<script type=\"application\/ld+json\" class=\"yoast-schema-graph\">{\"@context\":\"https:\/\/schema.org\",\"@graph\":[{\"@type\":\"WebPage\",\"@id\":\"https:\/\/grandelojams.org.br\/es\/grao-mestre-e-veneraveis-se-reunem-para-tratar-da-implantacao-da-casa-de-apoio-em-dourados\/\",\"url\":\"https:\/\/grandelojams.org.br\/es\/grao-mestre-e-veneraveis-se-reunem-para-tratar-da-implantacao-da-casa-de-apoio-em-dourados\/\",\"name\":\"GR\u00c3O-MESTRE E VENER\u00c1VEIS SE RE\u00daNEM PARA TRATAR DA IMPLANTA\u00c7\u00c3O DA CASA DE APOIO EM DOURADOS - GLEMS\",\"isPartOf\":{\"@id\":\"https:\/\/grandelojams.org.br\/es\/#website\"},\"primaryImageOfPage\":{\"@id\":\"https:\/\/grandelojams.org.br\/es\/grao-mestre-e-veneraveis-se-reunem-para-tratar-da-implantacao-da-casa-de-apoio-em-dourados\/#primaryimage\"},\"image\":{\"@id\":\"https:\/\/grandelojams.org.br\/es\/grao-mestre-e-veneraveis-se-reunem-para-tratar-da-implantacao-da-casa-de-apoio-em-dourados\/#primaryimage\"},\"thumbnailUrl\":\"https:\/\/grandelojams.org.br\/es\/wp-content\/uploads\/2023\/11\/WhatsApp-Image-2023-10-02-at-15.29.01-1-672x372-1.jpeg\",\"datePublished\":\"2023-10-02T19:51:08+00:00\",\"dateModified\":\"2025-06-20T19:11:06+00:00\",\"author\":{\"@id\":\"https:\/\/grandelojams.org.br\/es\/#\/schema\/person\/5da1c0de136fe7cc6dea7d22b535752b\"},\"breadcrumb\":{\"@id\":\"https:\/\/grandelojams.org.br\/es\/grao-mestre-e-veneraveis-se-reunem-para-tratar-da-implantacao-da-casa-de-apoio-em-dourados\/#breadcrumb\"},\"inLanguage\":\"pt-BR\",\"potentialAction\":[{\"@type\":\"ReadAction\",\"target\":[\"https:\/\/grandelojams.org.br\/es\/grao-mestre-e-veneraveis-se-reunem-para-tratar-da-implantacao-da-casa-de-apoio-em-dourados\/\"]}]},{\"@type\":\"ImageObject\",\"inLanguage\":\"pt-BR\",\"@id\":\"https:\/\/grandelojams.org.br\/es\/grao-mestre-e-veneraveis-se-reunem-para-tratar-da-implantacao-da-casa-de-apoio-em-dourados\/#primaryimage\",\"url\":\"https:\/\/grandelojams.org.br\/es\/wp-content\/uploads\/2023\/11\/WhatsApp-Image-2023-10-02-at-15.29.01-1-672x372-1.jpeg\",\"contentUrl\":\"https:\/\/grandelojams.org.br\/es\/wp-content\/uploads\/2023\/11\/WhatsApp-Image-2023-10-02-at-15.29.01-1-672x372-1.jpeg\",\"width\":672,\"height\":372},{\"@type\":\"BreadcrumbList\",\"@id\":\"https:\/\/grandelojams.org.br\/es\/grao-mestre-e-veneraveis-se-reunem-para-tratar-da-implantacao-da-casa-de-apoio-em-dourados\/#breadcrumb\",\"itemListElement\":[{\"@type\":\"ListItem\",\"position\":1,\"name\":\"In\u00edcio\",\"item\":\"https:\/\/grandelojams.org.br\/es\/\"},{\"@type\":\"ListItem\",\"position\":2,\"name\":\"GR\u00c3O-MESTRE E VENER\u00c1VEIS SE RE\u00daNEM PARA TRATAR DA IMPLANTA\u00c7\u00c3O DA CASA DE APOIO EM DOURADOS\"}]},{\"@type\":\"WebSite\",\"@id\":\"https:\/\/grandelojams.org.br\/es\/#website\",\"url\":\"https:\/\/grandelojams.org.br\/es\/\",\"name\":\"GLEMS\",\"description\":\"Grande Loja Ma\u00e7\u00f4nica do Mato Grosso do Sul\",\"potentialAction\":[{\"@type\":\"SearchAction\",\"target\":{\"@type\":\"EntryPoint\",\"urlTemplate\":\"https:\/\/grandelojams.org.br\/es\/?s={search_term_string}\"},\"query-input\":{\"@type\":\"PropertyValueSpecification\",\"valueRequired\":true,\"valueName\":\"search_term_string\"}}],\"inLanguage\":\"pt-BR\"},{\"@type\":\"Person\",\"@id\":\"https:\/\/grandelojams.org.br\/es\/#\/schema\/person\/5da1c0de136fe7cc6dea7d22b535752b\",\"name\":\"admin\",\"image\":{\"@type\":\"ImageObject\",\"inLanguage\":\"pt-BR\",\"@id\":\"https:\/\/grandelojams.org.br\/es\/#\/schema\/person\/image\/\",\"url\":\"https:\/\/secure.gravatar.com\/avatar\/786137a0e890f9b53660f24bf8ec01ff8c644974de881f5aedc68bd0708ea113?s=96&d=mm&r=g\",\"contentUrl\":\"https:\/\/secure.gravatar.com\/avatar\/786137a0e890f9b53660f24bf8ec01ff8c644974de881f5aedc68bd0708ea113?s=96&d=mm&r=g\",\"caption\":\"admin\"},\"sameAs\":[\"https:\/\/mondayde.com.br\/clientes\/template1\"],\"url\":\"https:\/\/grandelojams.org.br\/es\/author\/admin\/\"}]}<\/script>\n<!-- \/ Yoast SEO plugin. -->","yoast_head_json":{"title":"GR\u00c3O-MESTRE E VENER\u00c1VEIS SE RE\u00daNEM PARA TRATAR DA IMPLANTA\u00c7\u00c3O DA CASA DE APOIO EM DOURADOS - GLEMS","robots":{"index":"index","follow":"follow","max-snippet":"max-snippet:-1","max-image-preview":"max-image-preview:large","max-video-preview":"max-video-preview:-1"},"canonical":"https:\/\/grandelojams.org.br\/es\/grao-mestre-e-veneraveis-se-reunem-para-tratar-da-implantacao-da-casa-de-apoio-em-dourados\/","og_locale":"pt_BR","og_type":"article","og_title":"GR\u00c3O-MESTRE E VENER\u00c1VEIS SE RE\u00daNEM PARA TRATAR DA IMPLANTA\u00c7\u00c3O DA CASA DE APOIO EM DOURADOS - GLEMS","og_description":"Na manh\u00e3 de s\u00e1bado, dia 30 de setembro, o Seren\u00edssimo Gr\u00e3o-Mestre, Ir\u2234 Ademar de Souza Freitas esteve reunido com os vener\u00e1veis mestres das cinco lojas jurisdicionadas a Grande Loja Ma\u00e7\u00f4nica do Estado de Mato Grosso do Sul, para tratar da implanta\u00e7\u00e3o da Casa de Apoio, no Oriente de Dourados. A reuni\u00e3o acontece no templo da [&hellip;]","og_url":"https:\/\/grandelojams.org.br\/es\/grao-mestre-e-veneraveis-se-reunem-para-tratar-da-implantacao-da-casa-de-apoio-em-dourados\/","og_site_name":"GLEMS","article_published_time":"2023-10-02T19:51:08+00:00","article_modified_time":"2025-06-20T19:11:06+00:00","og_image":[{"width":672,"height":372,"url":"https:\/\/grandelojams.org.br\/es\/wp-content\/uploads\/2023\/11\/WhatsApp-Image-2023-10-02-at-15.29.01-1-672x372-1.jpeg","type":"image\/jpeg"}],"author":"admin","twitter_card":"summary_large_image","twitter_misc":{"Escrito por":"admin","Est. tempo de leitura":"2 minutos"},"schema":{"@context":"https:\/\/schema.org","@graph":[{"@type":"WebPage","@id":"https:\/\/grandelojams.org.br\/es\/grao-mestre-e-veneraveis-se-reunem-para-tratar-da-implantacao-da-casa-de-apoio-em-dourados\/","url":"https:\/\/grandelojams.org.br\/es\/grao-mestre-e-veneraveis-se-reunem-para-tratar-da-implantacao-da-casa-de-apoio-em-dourados\/","name":"GR\u00c3O-MESTRE E VENER\u00c1VEIS SE RE\u00daNEM PARA TRATAR DA IMPLANTA\u00c7\u00c3O DA CASA DE APOIO EM DOURADOS - GLEMS","isPartOf":{"@id":"https:\/\/grandelojams.org.br\/es\/#website"},"primaryImageOfPage":{"@id":"https:\/\/grandelojams.org.br\/es\/grao-mestre-e-veneraveis-se-reunem-para-tratar-da-implantacao-da-casa-de-apoio-em-dourados\/#primaryimage"},"image":{"@id":"https:\/\/grandelojams.org.br\/es\/grao-mestre-e-veneraveis-se-reunem-para-tratar-da-implantacao-da-casa-de-apoio-em-dourados\/#primaryimage"},"thumbnailUrl":"https:\/\/grandelojams.org.br\/es\/wp-content\/uploads\/2023\/11\/WhatsApp-Image-2023-10-02-at-15.29.01-1-672x372-1.jpeg","datePublished":"2023-10-02T19:51:08+00:00","dateModified":"2025-06-20T19:11:06+00:00","author":{"@id":"https:\/\/grandelojams.org.br\/es\/#\/schema\/person\/5da1c0de136fe7cc6dea7d22b535752b"},"breadcrumb":{"@id":"https:\/\/grandelojams.org.br\/es\/grao-mestre-e-veneraveis-se-reunem-para-tratar-da-implantacao-da-casa-de-apoio-em-dourados\/#breadcrumb"},"inLanguage":"pt-BR","potentialAction":[{"@type":"ReadAction","target":["https:\/\/grandelojams.org.br\/es\/grao-mestre-e-veneraveis-se-reunem-para-tratar-da-implantacao-da-casa-de-apoio-em-dourados\/"]}]},{"@type":"ImageObject","inLanguage":"pt-BR","@id":"https:\/\/grandelojams.org.br\/es\/grao-mestre-e-veneraveis-se-reunem-para-tratar-da-implantacao-da-casa-de-apoio-em-dourados\/#primaryimage","url":"https:\/\/grandelojams.org.br\/es\/wp-content\/uploads\/2023\/11\/WhatsApp-Image-2023-10-02-at-15.29.01-1-672x372-1.jpeg","contentUrl":"https:\/\/grandelojams.org.br\/es\/wp-content\/uploads\/2023\/11\/WhatsApp-Image-2023-10-02-at-15.29.01-1-672x372-1.jpeg","width":672,"height":372},{"@type":"BreadcrumbList","@id":"https:\/\/grandelojams.org.br\/es\/grao-mestre-e-veneraveis-se-reunem-para-tratar-da-implantacao-da-casa-de-apoio-em-dourados\/#breadcrumb","itemListElement":[{"@type":"ListItem","position":1,"name":"In\u00edcio","item":"https:\/\/grandelojams.org.br\/es\/"},{"@type":"ListItem","position":2,"name":"GR\u00c3O-MESTRE E VENER\u00c1VEIS SE RE\u00daNEM PARA TRATAR DA IMPLANTA\u00c7\u00c3O DA CASA DE APOIO EM DOURADOS"}]},{"@type":"WebSite","@id":"https:\/\/grandelojams.org.br\/es\/#website","url":"https:\/\/grandelojams.org.br\/es\/","name":"GLEMS","description":"Grande Loja Ma\u00e7\u00f4nica do Mato Grosso do Sul","potentialAction":[{"@type":"SearchAction","target":{"@type":"EntryPoint","urlTemplate":"https:\/\/grandelojams.org.br\/es\/?s={search_term_string}"},"query-input":{"@type":"PropertyValueSpecification","valueRequired":true,"valueName":"search_term_string"}}],"inLanguage":"pt-BR"},{"@type":"Person","@id":"https:\/\/grandelojams.org.br\/es\/#\/schema\/person\/5da1c0de136fe7cc6dea7d22b535752b","name":"admin","image":{"@type":"ImageObject","inLanguage":"pt-BR","@id":"https:\/\/grandelojams.org.br\/es\/#\/schema\/person\/image\/","url":"https:\/\/secure.gravatar.com\/avatar\/786137a0e890f9b53660f24bf8ec01ff8c644974de881f5aedc68bd0708ea113?s=96&d=mm&r=g","contentUrl":"https:\/\/secure.gravatar.com\/avatar\/786137a0e890f9b53660f24bf8ec01ff8c644974de881f5aedc68bd0708ea113?s=96&d=mm&r=g","caption":"admin"},"sameAs":["https:\/\/mondayde.com.br\/clientes\/template1"],"url":"https:\/\/grandelojams.org.br\/es\/author\/admin\/"}]}},"_links":{"self":[{"href":"https:\/\/grandelojams.org.br\/es\/wp-json\/wp\/v2\/posts\/4382","targetHints":{"allow":["GET"]}}],"collection":[{"href":"https:\/\/grandelojams.org.br\/es\/wp-json\/wp\/v2\/posts"}],"about":[{"href":"https:\/\/grandelojams.org.br\/es\/wp-json\/wp\/v2\/types\/post"}],"author":[{"embeddable":true,"href":"https:\/\/grandelojams.org.br\/es\/wp-json\/wp\/v2\/users\/1"}],"replies":[{"embeddable":true,"href":"https:\/\/grandelojams.org.br\/es\/wp-json\/wp\/v2\/comments?post=4382"}],"version-history":[{"count":1,"href":"https:\/\/grandelojams.org.br\/es\/wp-json\/wp\/v2\/posts\/4382\/revisions"}],"predecessor-version":[{"id":9414,"href":"https:\/\/grandelojams.org.br\/es\/wp-json\/wp\/v2\/posts\/4382\/revisions\/9414"}],"wp:featuredmedia":[{"embeddable":true,"href":"https:\/\/grandelojams.org.br\/es\/wp-json\/wp\/v2\/media\/9388"}],"wp:attachment":[{"href":"https:\/\/grandelojams.org.br\/es\/wp-json\/wp\/v2\/media?parent=4382"}],"wp:term":[{"taxonomy":"category","embeddable":true,"href":"https:\/\/grandelojams.org.br\/es\/wp-json\/wp\/v2\/categories?post=4382"},{"taxonomy":"post_tag","embeddable":true,"href":"https:\/\/grandelojams.org.br\/es\/wp-json\/wp\/v2\/tags?post=4382"}],"curies":[{"name":"wp","href":"https:\/\/api.w.org\/{rel}","templated":true}]}}