{"id":4359,"date":"2023-09-26T22:40:23","date_gmt":"2023-09-27T01:40:23","guid":{"rendered":"https:\/\/grandelojams.org.br\/?p=4359"},"modified":"2025-06-20T16:11:23","modified_gmt":"2025-06-20T19:11:23","slug":"grao-mestre-prestigia-sessao-magna-de-iniciacao-em-maracaju","status":"publish","type":"post","link":"https:\/\/grandelojams.org.br\/es\/grao-mestre-prestigia-sessao-magna-de-iniciacao-em-maracaju\/","title":{"rendered":"GR\u00c3O-MESTRE PRESTIGIA SESS\u00c3O MAGNA DE INICIA\u00c7\u00c3O EM MARACAJU"},"content":{"rendered":"<p>Neste s\u00e1bado, dia 23 de setembro, aconteceu Sess\u00e3o Magna de Inicia\u00e7\u00e3o, na Benem\u00e9rita Aug\u2234 e Resp\u2234 Loj\u2234 Simb\u2234 Jo\u00e3o Pedro Fernandes, N\u00ba 22, conduzida pelo Ven\u2234 M\u2234, Ir\u2234 Jos\u00e9 Ant\u00f4nio Bortolazo Neto e presidida pelo Seren\u00edssimo Gr\u00e3o-Mestre, Ir\u2234 Ademar de Souza Freitas, Onde foram iniciados dois ne\u00f3fitos: Claudemir Braga Barbosa e Gabriel Campato Lucchiari.<\/p>\n<p>Al\u00e9m da ilustre presen\u00e7a Gr\u00e3o-Mestre, abrilhantaram a sess\u00e3o o Delegado Regional, Ir\u2234 Washington Borges Costa e o Delegado Distrital, Ir\u2234 Elias Soares. A Sess\u00e3o Magna de Inicia\u00e7\u00e3o foi prestigiada por representantes de 13 lojas, dentre estas, nove de Mato Grosso do Sul e quatro do Estado de S\u00e3o Paulo, somando ao todo 54 irm\u00e3os, sendo 24 visitantes e 30 do quadro da loja.<\/p>\n<p>Ap\u00f3s a sess\u00e3o o Ir\u2234 Claudemir e a cunhada e o Ir\u2234 Gabriel e a namorada foram recepcionados pelo Seren\u00edssimo Gr\u00e3o-mestre e cunhada Lourdinha e pelo Ven\u2234 M\u2234 da loja e a cunhada, al\u00e9m dos padrinhos e demais irm\u00e3os e cunhadas para um jantar que aconteceu no sal\u00e3o de festas da Loja.<\/p>\n<p>O Gr\u00e3o-Mestre ficou muito contente em ver o irm\u00e3o Edmundo Vital Lucchiari J\u00fanior iniciar o filho na Ordem. \u201cEsse \u00e9 um momento emocionante para qualquer pai. Vemos nesse ato os valores da ma\u00e7onaria sendo repassado para as futuras gera\u00e7\u00f5es da fam\u00edlia Lucchiari\u201d, concluiu ir\u2234 Ademar.<\/p>\n\n","protected":false},"excerpt":{"rendered":"<p>Neste s\u00e1bado, dia 23 de setembro, aconteceu Sess\u00e3o Magna de Inicia\u00e7\u00e3o, na Benem\u00e9rita Aug\u2234 e Resp\u2234 Loj\u2234 Simb\u2234 Jo\u00e3o Pedro Fernandes, N\u00ba 22, conduzida pelo Ven\u2234 M\u2234, Ir\u2234 Jos\u00e9 Ant\u00f4nio Bortolazo Neto e presidida pelo Seren\u00edssimo Gr\u00e3o-Mestre, Ir\u2234 Ademar de Souza Freitas, Onde foram iniciados dois ne\u00f3fitos: Claudemir Braga Barbosa e Gabriel Campato Lucchiari. Al\u00e9m [&hellip;]<\/p>\n","protected":false},"author":1,"featured_media":9385,"comment_status":"open","ping_status":"open","sticky":false,"template":"","format":"standard","meta":{"footnotes":""},"categories":[55],"tags":[],"class_list":["post-4359","post","type-post","status-publish","format-standard","has-post-thumbnail","hentry","category-palavra-do-s-g-m"],"yoast_head":"<!-- This site is optimized with the Yoast SEO plugin v26.3 - https:\/\/yoast.com\/wordpress\/plugins\/seo\/ -->\n<title>GR\u00c3O-MESTRE PRESTIGIA SESS\u00c3O MAGNA DE INICIA\u00c7\u00c3O EM MARACAJU - GLEMS<\/title>\n<meta name=\"robots\" content=\"index, follow, max-snippet:-1, max-image-preview:large, max-video-preview:-1\" \/>\n<link rel=\"canonical\" href=\"https:\/\/grandelojams.org.br\/es\/grao-mestre-prestigia-sessao-magna-de-iniciacao-em-maracaju\/\" \/>\n<meta property=\"og:locale\" content=\"pt_BR\" \/>\n<meta property=\"og:type\" content=\"article\" \/>\n<meta property=\"og:title\" content=\"GR\u00c3O-MESTRE PRESTIGIA SESS\u00c3O MAGNA DE INICIA\u00c7\u00c3O EM MARACAJU - GLEMS\" \/>\n<meta property=\"og:description\" content=\"Neste s\u00e1bado, dia 23 de setembro, aconteceu Sess\u00e3o Magna de Inicia\u00e7\u00e3o, na Benem\u00e9rita Aug\u2234 e Resp\u2234 Loj\u2234 Simb\u2234 Jo\u00e3o Pedro Fernandes, N\u00ba 22, conduzida pelo Ven\u2234 M\u2234, Ir\u2234 Jos\u00e9 Ant\u00f4nio Bortolazo Neto e presidida pelo Seren\u00edssimo Gr\u00e3o-Mestre, Ir\u2234 Ademar de Souza Freitas, Onde foram iniciados dois ne\u00f3fitos: Claudemir Braga Barbosa e Gabriel Campato Lucchiari. Al\u00e9m [&hellip;]\" \/>\n<meta property=\"og:url\" content=\"https:\/\/grandelojams.org.br\/es\/grao-mestre-prestigia-sessao-magna-de-iniciacao-em-maracaju\/\" \/>\n<meta property=\"og:site_name\" content=\"GLEMS\" \/>\n<meta property=\"article:published_time\" content=\"2023-09-27T01:40:23+00:00\" \/>\n<meta property=\"article:modified_time\" content=\"2025-06-20T19:11:23+00:00\" \/>\n<meta property=\"og:image\" content=\"https:\/\/grandelojams.org.br\/es\/wp-content\/uploads\/2023\/11\/Maracaju-1-672x372-1.jpeg\" \/>\n\t<meta property=\"og:image:width\" content=\"672\" \/>\n\t<meta property=\"og:image:height\" content=\"372\" \/>\n\t<meta property=\"og:image:type\" content=\"image\/jpeg\" \/>\n<meta name=\"author\" content=\"admin\" \/>\n<meta name=\"twitter:card\" content=\"summary_large_image\" \/>\n<meta name=\"twitter:label1\" content=\"Escrito por\" \/>\n\t<meta name=\"twitter:data1\" content=\"admin\" \/>\n\t<meta name=\"twitter:label2\" content=\"Est. tempo de leitura\" \/>\n\t<meta name=\"twitter:data2\" content=\"2 minutos\" \/>\n<script type=\"application\/ld+json\" class=\"yoast-schema-graph\">{\"@context\":\"https:\/\/schema.org\",\"@graph\":[{\"@type\":\"WebPage\",\"@id\":\"https:\/\/grandelojams.org.br\/es\/grao-mestre-prestigia-sessao-magna-de-iniciacao-em-maracaju\/\",\"url\":\"https:\/\/grandelojams.org.br\/es\/grao-mestre-prestigia-sessao-magna-de-iniciacao-em-maracaju\/\",\"name\":\"GR\u00c3O-MESTRE PRESTIGIA SESS\u00c3O MAGNA DE INICIA\u00c7\u00c3O EM MARACAJU - GLEMS\",\"isPartOf\":{\"@id\":\"https:\/\/grandelojams.org.br\/es\/#website\"},\"primaryImageOfPage\":{\"@id\":\"https:\/\/grandelojams.org.br\/es\/grao-mestre-prestigia-sessao-magna-de-iniciacao-em-maracaju\/#primaryimage\"},\"image\":{\"@id\":\"https:\/\/grandelojams.org.br\/es\/grao-mestre-prestigia-sessao-magna-de-iniciacao-em-maracaju\/#primaryimage\"},\"thumbnailUrl\":\"https:\/\/grandelojams.org.br\/es\/wp-content\/uploads\/2023\/11\/Maracaju-1-672x372-1.jpeg\",\"datePublished\":\"2023-09-27T01:40:23+00:00\",\"dateModified\":\"2025-06-20T19:11:23+00:00\",\"author\":{\"@id\":\"https:\/\/grandelojams.org.br\/es\/#\/schema\/person\/5da1c0de136fe7cc6dea7d22b535752b\"},\"breadcrumb\":{\"@id\":\"https:\/\/grandelojams.org.br\/es\/grao-mestre-prestigia-sessao-magna-de-iniciacao-em-maracaju\/#breadcrumb\"},\"inLanguage\":\"pt-BR\",\"potentialAction\":[{\"@type\":\"ReadAction\",\"target\":[\"https:\/\/grandelojams.org.br\/es\/grao-mestre-prestigia-sessao-magna-de-iniciacao-em-maracaju\/\"]}]},{\"@type\":\"ImageObject\",\"inLanguage\":\"pt-BR\",\"@id\":\"https:\/\/grandelojams.org.br\/es\/grao-mestre-prestigia-sessao-magna-de-iniciacao-em-maracaju\/#primaryimage\",\"url\":\"https:\/\/grandelojams.org.br\/es\/wp-content\/uploads\/2023\/11\/Maracaju-1-672x372-1.jpeg\",\"contentUrl\":\"https:\/\/grandelojams.org.br\/es\/wp-content\/uploads\/2023\/11\/Maracaju-1-672x372-1.jpeg\",\"width\":672,\"height\":372},{\"@type\":\"BreadcrumbList\",\"@id\":\"https:\/\/grandelojams.org.br\/es\/grao-mestre-prestigia-sessao-magna-de-iniciacao-em-maracaju\/#breadcrumb\",\"itemListElement\":[{\"@type\":\"ListItem\",\"position\":1,\"name\":\"In\u00edcio\",\"item\":\"https:\/\/grandelojams.org.br\/es\/\"},{\"@type\":\"ListItem\",\"position\":2,\"name\":\"GR\u00c3O-MESTRE PRESTIGIA SESS\u00c3O MAGNA DE INICIA\u00c7\u00c3O EM MARACAJU\"}]},{\"@type\":\"WebSite\",\"@id\":\"https:\/\/grandelojams.org.br\/es\/#website\",\"url\":\"https:\/\/grandelojams.org.br\/es\/\",\"name\":\"GLEMS\",\"description\":\"Grande Loja Ma\u00e7\u00f4nica do Mato Grosso do Sul\",\"potentialAction\":[{\"@type\":\"SearchAction\",\"target\":{\"@type\":\"EntryPoint\",\"urlTemplate\":\"https:\/\/grandelojams.org.br\/es\/?s={search_term_string}\"},\"query-input\":{\"@type\":\"PropertyValueSpecification\",\"valueRequired\":true,\"valueName\":\"search_term_string\"}}],\"inLanguage\":\"pt-BR\"},{\"@type\":\"Person\",\"@id\":\"https:\/\/grandelojams.org.br\/es\/#\/schema\/person\/5da1c0de136fe7cc6dea7d22b535752b\",\"name\":\"admin\",\"image\":{\"@type\":\"ImageObject\",\"inLanguage\":\"pt-BR\",\"@id\":\"https:\/\/grandelojams.org.br\/es\/#\/schema\/person\/image\/\",\"url\":\"https:\/\/secure.gravatar.com\/avatar\/786137a0e890f9b53660f24bf8ec01ff8c644974de881f5aedc68bd0708ea113?s=96&d=mm&r=g\",\"contentUrl\":\"https:\/\/secure.gravatar.com\/avatar\/786137a0e890f9b53660f24bf8ec01ff8c644974de881f5aedc68bd0708ea113?s=96&d=mm&r=g\",\"caption\":\"admin\"},\"sameAs\":[\"https:\/\/mondayde.com.br\/clientes\/template1\"],\"url\":\"https:\/\/grandelojams.org.br\/es\/author\/admin\/\"}]}<\/script>\n<!-- \/ Yoast SEO plugin. -->","yoast_head_json":{"title":"GR\u00c3O-MESTRE PRESTIGIA SESS\u00c3O MAGNA DE INICIA\u00c7\u00c3O EM MARACAJU - GLEMS","robots":{"index":"index","follow":"follow","max-snippet":"max-snippet:-1","max-image-preview":"max-image-preview:large","max-video-preview":"max-video-preview:-1"},"canonical":"https:\/\/grandelojams.org.br\/es\/grao-mestre-prestigia-sessao-magna-de-iniciacao-em-maracaju\/","og_locale":"pt_BR","og_type":"article","og_title":"GR\u00c3O-MESTRE PRESTIGIA SESS\u00c3O MAGNA DE INICIA\u00c7\u00c3O EM MARACAJU - GLEMS","og_description":"Neste s\u00e1bado, dia 23 de setembro, aconteceu Sess\u00e3o Magna de Inicia\u00e7\u00e3o, na Benem\u00e9rita Aug\u2234 e Resp\u2234 Loj\u2234 Simb\u2234 Jo\u00e3o Pedro Fernandes, N\u00ba 22, conduzida pelo Ven\u2234 M\u2234, Ir\u2234 Jos\u00e9 Ant\u00f4nio Bortolazo Neto e presidida pelo Seren\u00edssimo Gr\u00e3o-Mestre, Ir\u2234 Ademar de Souza Freitas, Onde foram iniciados dois ne\u00f3fitos: Claudemir Braga Barbosa e Gabriel Campato Lucchiari. Al\u00e9m [&hellip;]","og_url":"https:\/\/grandelojams.org.br\/es\/grao-mestre-prestigia-sessao-magna-de-iniciacao-em-maracaju\/","og_site_name":"GLEMS","article_published_time":"2023-09-27T01:40:23+00:00","article_modified_time":"2025-06-20T19:11:23+00:00","og_image":[{"width":672,"height":372,"url":"https:\/\/grandelojams.org.br\/es\/wp-content\/uploads\/2023\/11\/Maracaju-1-672x372-1.jpeg","type":"image\/jpeg"}],"author":"admin","twitter_card":"summary_large_image","twitter_misc":{"Escrito por":"admin","Est. tempo de leitura":"2 minutos"},"schema":{"@context":"https:\/\/schema.org","@graph":[{"@type":"WebPage","@id":"https:\/\/grandelojams.org.br\/es\/grao-mestre-prestigia-sessao-magna-de-iniciacao-em-maracaju\/","url":"https:\/\/grandelojams.org.br\/es\/grao-mestre-prestigia-sessao-magna-de-iniciacao-em-maracaju\/","name":"GR\u00c3O-MESTRE PRESTIGIA SESS\u00c3O MAGNA DE INICIA\u00c7\u00c3O EM MARACAJU - GLEMS","isPartOf":{"@id":"https:\/\/grandelojams.org.br\/es\/#website"},"primaryImageOfPage":{"@id":"https:\/\/grandelojams.org.br\/es\/grao-mestre-prestigia-sessao-magna-de-iniciacao-em-maracaju\/#primaryimage"},"image":{"@id":"https:\/\/grandelojams.org.br\/es\/grao-mestre-prestigia-sessao-magna-de-iniciacao-em-maracaju\/#primaryimage"},"thumbnailUrl":"https:\/\/grandelojams.org.br\/es\/wp-content\/uploads\/2023\/11\/Maracaju-1-672x372-1.jpeg","datePublished":"2023-09-27T01:40:23+00:00","dateModified":"2025-06-20T19:11:23+00:00","author":{"@id":"https:\/\/grandelojams.org.br\/es\/#\/schema\/person\/5da1c0de136fe7cc6dea7d22b535752b"},"breadcrumb":{"@id":"https:\/\/grandelojams.org.br\/es\/grao-mestre-prestigia-sessao-magna-de-iniciacao-em-maracaju\/#breadcrumb"},"inLanguage":"pt-BR","potentialAction":[{"@type":"ReadAction","target":["https:\/\/grandelojams.org.br\/es\/grao-mestre-prestigia-sessao-magna-de-iniciacao-em-maracaju\/"]}]},{"@type":"ImageObject","inLanguage":"pt-BR","@id":"https:\/\/grandelojams.org.br\/es\/grao-mestre-prestigia-sessao-magna-de-iniciacao-em-maracaju\/#primaryimage","url":"https:\/\/grandelojams.org.br\/es\/wp-content\/uploads\/2023\/11\/Maracaju-1-672x372-1.jpeg","contentUrl":"https:\/\/grandelojams.org.br\/es\/wp-content\/uploads\/2023\/11\/Maracaju-1-672x372-1.jpeg","width":672,"height":372},{"@type":"BreadcrumbList","@id":"https:\/\/grandelojams.org.br\/es\/grao-mestre-prestigia-sessao-magna-de-iniciacao-em-maracaju\/#breadcrumb","itemListElement":[{"@type":"ListItem","position":1,"name":"In\u00edcio","item":"https:\/\/grandelojams.org.br\/es\/"},{"@type":"ListItem","position":2,"name":"GR\u00c3O-MESTRE PRESTIGIA SESS\u00c3O MAGNA DE INICIA\u00c7\u00c3O EM MARACAJU"}]},{"@type":"WebSite","@id":"https:\/\/grandelojams.org.br\/es\/#website","url":"https:\/\/grandelojams.org.br\/es\/","name":"GLEMS","description":"Grande Loja Ma\u00e7\u00f4nica do Mato Grosso do Sul","potentialAction":[{"@type":"SearchAction","target":{"@type":"EntryPoint","urlTemplate":"https:\/\/grandelojams.org.br\/es\/?s={search_term_string}"},"query-input":{"@type":"PropertyValueSpecification","valueRequired":true,"valueName":"search_term_string"}}],"inLanguage":"pt-BR"},{"@type":"Person","@id":"https:\/\/grandelojams.org.br\/es\/#\/schema\/person\/5da1c0de136fe7cc6dea7d22b535752b","name":"admin","image":{"@type":"ImageObject","inLanguage":"pt-BR","@id":"https:\/\/grandelojams.org.br\/es\/#\/schema\/person\/image\/","url":"https:\/\/secure.gravatar.com\/avatar\/786137a0e890f9b53660f24bf8ec01ff8c644974de881f5aedc68bd0708ea113?s=96&d=mm&r=g","contentUrl":"https:\/\/secure.gravatar.com\/avatar\/786137a0e890f9b53660f24bf8ec01ff8c644974de881f5aedc68bd0708ea113?s=96&d=mm&r=g","caption":"admin"},"sameAs":["https:\/\/mondayde.com.br\/clientes\/template1"],"url":"https:\/\/grandelojams.org.br\/es\/author\/admin\/"}]}},"_links":{"self":[{"href":"https:\/\/grandelojams.org.br\/es\/wp-json\/wp\/v2\/posts\/4359","targetHints":{"allow":["GET"]}}],"collection":[{"href":"https:\/\/grandelojams.org.br\/es\/wp-json\/wp\/v2\/posts"}],"about":[{"href":"https:\/\/grandelojams.org.br\/es\/wp-json\/wp\/v2\/types\/post"}],"author":[{"embeddable":true,"href":"https:\/\/grandelojams.org.br\/es\/wp-json\/wp\/v2\/users\/1"}],"replies":[{"embeddable":true,"href":"https:\/\/grandelojams.org.br\/es\/wp-json\/wp\/v2\/comments?post=4359"}],"version-history":[{"count":1,"href":"https:\/\/grandelojams.org.br\/es\/wp-json\/wp\/v2\/posts\/4359\/revisions"}],"predecessor-version":[{"id":9417,"href":"https:\/\/grandelojams.org.br\/es\/wp-json\/wp\/v2\/posts\/4359\/revisions\/9417"}],"wp:featuredmedia":[{"embeddable":true,"href":"https:\/\/grandelojams.org.br\/es\/wp-json\/wp\/v2\/media\/9385"}],"wp:attachment":[{"href":"https:\/\/grandelojams.org.br\/es\/wp-json\/wp\/v2\/media?parent=4359"}],"wp:term":[{"taxonomy":"category","embeddable":true,"href":"https:\/\/grandelojams.org.br\/es\/wp-json\/wp\/v2\/categories?post=4359"},{"taxonomy":"post_tag","embeddable":true,"href":"https:\/\/grandelojams.org.br\/es\/wp-json\/wp\/v2\/tags?post=4359"}],"curies":[{"name":"wp","href":"https:\/\/api.w.org\/{rel}","templated":true}]}}