{"id":4311,"date":"2023-08-29T18:46:00","date_gmt":"2023-08-29T21:46:00","guid":{"rendered":"https:\/\/grandelojams.org.br\/?p=4311"},"modified":"2025-06-20T16:11:38","modified_gmt":"2025-06-20T19:11:38","slug":"grao-mestre-prestigia-sessao-festiva-de-aniversario-da-loja-marechal-deodoro-da-fonseca","status":"publish","type":"post","link":"https:\/\/grandelojams.org.br\/es\/grao-mestre-prestigia-sessao-festiva-de-aniversario-da-loja-marechal-deodoro-da-fonseca\/","title":{"rendered":"GR\u00c3O-MESTRE PRESTIGIA SESS\u00c3O FESTIVA DE ANIVERS\u00c1RIO DA LOJA MARECHAL DEODORO DA FONSECA"},"content":{"rendered":"<p>No \u00faltimo s\u00e1bado, dia 26 de agosto, aconteceu Sess\u00e3o Festiva em comemora\u00e7\u00e3o ao anivers\u00e1rio de 82 anos da nossa Loja, G.:B.:A.:R.:L.:S.: Marechal Deodoro da Fonseca N\u00ba 2, do Oriente de Aquidauana. O evento foi abrilhantado com a presen\u00e7a do Seren\u00edssimo Gr\u00e3o-Mestre, Ir\u2234 Ademar de Souza Freitas e v\u00e1rias e do Delegado Distrital, Ir\u2234 Joaquim Passos da Costa.<\/p>\n<p>Estiveram presentes na Sess\u00e3o Festiva representantes de v\u00e1rias lojas jurisdicionadas a GLEMS, representantes de lojas do GOB\/MS \u2013 Grande Oriente do Brasil\/MS, do GOMS \u2013 Grande Oriente de Mato Grosso do Sul e tamb\u00e9m membros da Academia Ma\u00e7\u00f4nica de Letras que presentearam os irm\u00e3os com uma palestra proferida pelos imortais Gilson Martins e Carlos F. Corr\u00eaa da Costa.<\/p>\n<p><img decoding=\"async\" class=\"size-medium wp-image-4317 aligncenter\" src=\"https:\/\/grandelojams.org.br\/wp-content\/uploads\/2023\/08\/WhatsApp-Image-2023-08-29-at-07.54.18-300x135.jpeg\" alt=\"\" width=\"300\" height=\"135\" \/><\/p>\n<p>Na ocasi\u00e3o a GLEMS prestou homenagem \u00e0 todos os irm\u00e3os que ajudaram a construir a hist\u00f3ria da Loja. Tr\u00eas ex-vener\u00e1veis do quadro, tamb\u00e9m foram condecorados com placas de agradecimento, pelos relevantes servi\u00e7os \u00a0prestados \u00e0 Loja Marechal Deodoro da Fonseca. Ap\u00f3s a Sess\u00e3o, todos os presentes foram recepcionados no sal\u00e3o de festas para um delicioso jantar,<\/p>\n\n<p>&nbsp;<\/p>\n","protected":false},"excerpt":{"rendered":"<p>No \u00faltimo s\u00e1bado, dia 26 de agosto, aconteceu Sess\u00e3o Festiva em comemora\u00e7\u00e3o ao anivers\u00e1rio de 82 anos da nossa Loja, G.:B.:A.:R.:L.:S.: Marechal Deodoro da Fonseca N\u00ba 2, do Oriente de Aquidauana. O evento foi abrilhantado com a presen\u00e7a do Seren\u00edssimo Gr\u00e3o-Mestre, Ir\u2234 Ademar de Souza Freitas e v\u00e1rias e do Delegado Distrital, Ir\u2234 Joaquim Passos [&hellip;]<\/p>\n","protected":false},"author":1,"featured_media":9383,"comment_status":"open","ping_status":"open","sticky":false,"template":"","format":"standard","meta":{"footnotes":""},"categories":[55],"tags":[],"class_list":["post-4311","post","type-post","status-publish","format-standard","has-post-thumbnail","hentry","category-palavra-do-s-g-m"],"yoast_head":"<!-- This site is optimized with the Yoast SEO plugin v26.3 - https:\/\/yoast.com\/wordpress\/plugins\/seo\/ -->\n<title>GR\u00c3O-MESTRE PRESTIGIA SESS\u00c3O FESTIVA DE ANIVERS\u00c1RIO DA LOJA MARECHAL DEODORO DA FONSECA - GLEMS<\/title>\n<meta name=\"robots\" content=\"index, follow, max-snippet:-1, max-image-preview:large, max-video-preview:-1\" \/>\n<link rel=\"canonical\" href=\"https:\/\/grandelojams.org.br\/es\/grao-mestre-prestigia-sessao-festiva-de-aniversario-da-loja-marechal-deodoro-da-fonseca\/\" \/>\n<meta property=\"og:locale\" content=\"pt_BR\" \/>\n<meta property=\"og:type\" content=\"article\" \/>\n<meta property=\"og:title\" content=\"GR\u00c3O-MESTRE PRESTIGIA SESS\u00c3O FESTIVA DE ANIVERS\u00c1RIO DA LOJA MARECHAL DEODORO DA FONSECA - GLEMS\" \/>\n<meta property=\"og:description\" content=\"No \u00faltimo s\u00e1bado, dia 26 de agosto, aconteceu Sess\u00e3o Festiva em comemora\u00e7\u00e3o ao anivers\u00e1rio de 82 anos da nossa Loja, G.:B.:A.:R.:L.:S.: Marechal Deodoro da Fonseca N\u00ba 2, do Oriente de Aquidauana. O evento foi abrilhantado com a presen\u00e7a do Seren\u00edssimo Gr\u00e3o-Mestre, Ir\u2234 Ademar de Souza Freitas e v\u00e1rias e do Delegado Distrital, Ir\u2234 Joaquim Passos [&hellip;]\" \/>\n<meta property=\"og:url\" content=\"https:\/\/grandelojams.org.br\/es\/grao-mestre-prestigia-sessao-festiva-de-aniversario-da-loja-marechal-deodoro-da-fonseca\/\" \/>\n<meta property=\"og:site_name\" content=\"GLEMS\" \/>\n<meta property=\"article:published_time\" content=\"2023-08-29T21:46:00+00:00\" \/>\n<meta property=\"article:modified_time\" content=\"2025-06-20T19:11:38+00:00\" \/>\n<meta property=\"og:image\" content=\"https:\/\/grandelojams.org.br\/es\/wp-content\/uploads\/2023\/11\/CAPA-1-552x372-1.jpg\" \/>\n\t<meta property=\"og:image:width\" content=\"552\" \/>\n\t<meta property=\"og:image:height\" content=\"372\" \/>\n\t<meta property=\"og:image:type\" content=\"image\/jpeg\" \/>\n<meta name=\"author\" content=\"admin\" \/>\n<meta name=\"twitter:card\" content=\"summary_large_image\" \/>\n<meta name=\"twitter:label1\" content=\"Escrito por\" \/>\n\t<meta name=\"twitter:data1\" content=\"admin\" \/>\n\t<meta name=\"twitter:label2\" content=\"Est. tempo de leitura\" \/>\n\t<meta name=\"twitter:data2\" content=\"2 minutos\" \/>\n<script type=\"application\/ld+json\" class=\"yoast-schema-graph\">{\"@context\":\"https:\/\/schema.org\",\"@graph\":[{\"@type\":\"WebPage\",\"@id\":\"https:\/\/grandelojams.org.br\/es\/grao-mestre-prestigia-sessao-festiva-de-aniversario-da-loja-marechal-deodoro-da-fonseca\/\",\"url\":\"https:\/\/grandelojams.org.br\/es\/grao-mestre-prestigia-sessao-festiva-de-aniversario-da-loja-marechal-deodoro-da-fonseca\/\",\"name\":\"GR\u00c3O-MESTRE PRESTIGIA SESS\u00c3O FESTIVA DE ANIVERS\u00c1RIO DA LOJA MARECHAL DEODORO DA FONSECA - GLEMS\",\"isPartOf\":{\"@id\":\"https:\/\/grandelojams.org.br\/es\/#website\"},\"primaryImageOfPage\":{\"@id\":\"https:\/\/grandelojams.org.br\/es\/grao-mestre-prestigia-sessao-festiva-de-aniversario-da-loja-marechal-deodoro-da-fonseca\/#primaryimage\"},\"image\":{\"@id\":\"https:\/\/grandelojams.org.br\/es\/grao-mestre-prestigia-sessao-festiva-de-aniversario-da-loja-marechal-deodoro-da-fonseca\/#primaryimage\"},\"thumbnailUrl\":\"https:\/\/grandelojams.org.br\/es\/wp-content\/uploads\/2023\/11\/CAPA-1-552x372-1.jpg\",\"datePublished\":\"2023-08-29T21:46:00+00:00\",\"dateModified\":\"2025-06-20T19:11:38+00:00\",\"author\":{\"@id\":\"https:\/\/grandelojams.org.br\/es\/#\/schema\/person\/5da1c0de136fe7cc6dea7d22b535752b\"},\"breadcrumb\":{\"@id\":\"https:\/\/grandelojams.org.br\/es\/grao-mestre-prestigia-sessao-festiva-de-aniversario-da-loja-marechal-deodoro-da-fonseca\/#breadcrumb\"},\"inLanguage\":\"pt-BR\",\"potentialAction\":[{\"@type\":\"ReadAction\",\"target\":[\"https:\/\/grandelojams.org.br\/es\/grao-mestre-prestigia-sessao-festiva-de-aniversario-da-loja-marechal-deodoro-da-fonseca\/\"]}]},{\"@type\":\"ImageObject\",\"inLanguage\":\"pt-BR\",\"@id\":\"https:\/\/grandelojams.org.br\/es\/grao-mestre-prestigia-sessao-festiva-de-aniversario-da-loja-marechal-deodoro-da-fonseca\/#primaryimage\",\"url\":\"https:\/\/grandelojams.org.br\/es\/wp-content\/uploads\/2023\/11\/CAPA-1-552x372-1.jpg\",\"contentUrl\":\"https:\/\/grandelojams.org.br\/es\/wp-content\/uploads\/2023\/11\/CAPA-1-552x372-1.jpg\",\"width\":552,\"height\":372},{\"@type\":\"BreadcrumbList\",\"@id\":\"https:\/\/grandelojams.org.br\/es\/grao-mestre-prestigia-sessao-festiva-de-aniversario-da-loja-marechal-deodoro-da-fonseca\/#breadcrumb\",\"itemListElement\":[{\"@type\":\"ListItem\",\"position\":1,\"name\":\"In\u00edcio\",\"item\":\"https:\/\/grandelojams.org.br\/es\/\"},{\"@type\":\"ListItem\",\"position\":2,\"name\":\"GR\u00c3O-MESTRE PRESTIGIA SESS\u00c3O FESTIVA DE ANIVERS\u00c1RIO DA LOJA MARECHAL DEODORO DA FONSECA\"}]},{\"@type\":\"WebSite\",\"@id\":\"https:\/\/grandelojams.org.br\/es\/#website\",\"url\":\"https:\/\/grandelojams.org.br\/es\/\",\"name\":\"GLEMS\",\"description\":\"Grande Loja Ma\u00e7\u00f4nica do Mato Grosso do Sul\",\"potentialAction\":[{\"@type\":\"SearchAction\",\"target\":{\"@type\":\"EntryPoint\",\"urlTemplate\":\"https:\/\/grandelojams.org.br\/es\/?s={search_term_string}\"},\"query-input\":{\"@type\":\"PropertyValueSpecification\",\"valueRequired\":true,\"valueName\":\"search_term_string\"}}],\"inLanguage\":\"pt-BR\"},{\"@type\":\"Person\",\"@id\":\"https:\/\/grandelojams.org.br\/es\/#\/schema\/person\/5da1c0de136fe7cc6dea7d22b535752b\",\"name\":\"admin\",\"image\":{\"@type\":\"ImageObject\",\"inLanguage\":\"pt-BR\",\"@id\":\"https:\/\/grandelojams.org.br\/es\/#\/schema\/person\/image\/\",\"url\":\"https:\/\/secure.gravatar.com\/avatar\/786137a0e890f9b53660f24bf8ec01ff8c644974de881f5aedc68bd0708ea113?s=96&d=mm&r=g\",\"contentUrl\":\"https:\/\/secure.gravatar.com\/avatar\/786137a0e890f9b53660f24bf8ec01ff8c644974de881f5aedc68bd0708ea113?s=96&d=mm&r=g\",\"caption\":\"admin\"},\"sameAs\":[\"https:\/\/mondayde.com.br\/clientes\/template1\"],\"url\":\"https:\/\/grandelojams.org.br\/es\/author\/admin\/\"}]}<\/script>\n<!-- \/ Yoast SEO plugin. -->","yoast_head_json":{"title":"GR\u00c3O-MESTRE PRESTIGIA SESS\u00c3O FESTIVA DE ANIVERS\u00c1RIO DA LOJA MARECHAL DEODORO DA FONSECA - GLEMS","robots":{"index":"index","follow":"follow","max-snippet":"max-snippet:-1","max-image-preview":"max-image-preview:large","max-video-preview":"max-video-preview:-1"},"canonical":"https:\/\/grandelojams.org.br\/es\/grao-mestre-prestigia-sessao-festiva-de-aniversario-da-loja-marechal-deodoro-da-fonseca\/","og_locale":"pt_BR","og_type":"article","og_title":"GR\u00c3O-MESTRE PRESTIGIA SESS\u00c3O FESTIVA DE ANIVERS\u00c1RIO DA LOJA MARECHAL DEODORO DA FONSECA - GLEMS","og_description":"No \u00faltimo s\u00e1bado, dia 26 de agosto, aconteceu Sess\u00e3o Festiva em comemora\u00e7\u00e3o ao anivers\u00e1rio de 82 anos da nossa Loja, G.:B.:A.:R.:L.:S.: Marechal Deodoro da Fonseca N\u00ba 2, do Oriente de Aquidauana. O evento foi abrilhantado com a presen\u00e7a do Seren\u00edssimo Gr\u00e3o-Mestre, Ir\u2234 Ademar de Souza Freitas e v\u00e1rias e do Delegado Distrital, Ir\u2234 Joaquim Passos [&hellip;]","og_url":"https:\/\/grandelojams.org.br\/es\/grao-mestre-prestigia-sessao-festiva-de-aniversario-da-loja-marechal-deodoro-da-fonseca\/","og_site_name":"GLEMS","article_published_time":"2023-08-29T21:46:00+00:00","article_modified_time":"2025-06-20T19:11:38+00:00","og_image":[{"width":552,"height":372,"url":"https:\/\/grandelojams.org.br\/es\/wp-content\/uploads\/2023\/11\/CAPA-1-552x372-1.jpg","type":"image\/jpeg"}],"author":"admin","twitter_card":"summary_large_image","twitter_misc":{"Escrito por":"admin","Est. tempo de leitura":"2 minutos"},"schema":{"@context":"https:\/\/schema.org","@graph":[{"@type":"WebPage","@id":"https:\/\/grandelojams.org.br\/es\/grao-mestre-prestigia-sessao-festiva-de-aniversario-da-loja-marechal-deodoro-da-fonseca\/","url":"https:\/\/grandelojams.org.br\/es\/grao-mestre-prestigia-sessao-festiva-de-aniversario-da-loja-marechal-deodoro-da-fonseca\/","name":"GR\u00c3O-MESTRE PRESTIGIA SESS\u00c3O FESTIVA DE ANIVERS\u00c1RIO DA LOJA MARECHAL DEODORO DA FONSECA - GLEMS","isPartOf":{"@id":"https:\/\/grandelojams.org.br\/es\/#website"},"primaryImageOfPage":{"@id":"https:\/\/grandelojams.org.br\/es\/grao-mestre-prestigia-sessao-festiva-de-aniversario-da-loja-marechal-deodoro-da-fonseca\/#primaryimage"},"image":{"@id":"https:\/\/grandelojams.org.br\/es\/grao-mestre-prestigia-sessao-festiva-de-aniversario-da-loja-marechal-deodoro-da-fonseca\/#primaryimage"},"thumbnailUrl":"https:\/\/grandelojams.org.br\/es\/wp-content\/uploads\/2023\/11\/CAPA-1-552x372-1.jpg","datePublished":"2023-08-29T21:46:00+00:00","dateModified":"2025-06-20T19:11:38+00:00","author":{"@id":"https:\/\/grandelojams.org.br\/es\/#\/schema\/person\/5da1c0de136fe7cc6dea7d22b535752b"},"breadcrumb":{"@id":"https:\/\/grandelojams.org.br\/es\/grao-mestre-prestigia-sessao-festiva-de-aniversario-da-loja-marechal-deodoro-da-fonseca\/#breadcrumb"},"inLanguage":"pt-BR","potentialAction":[{"@type":"ReadAction","target":["https:\/\/grandelojams.org.br\/es\/grao-mestre-prestigia-sessao-festiva-de-aniversario-da-loja-marechal-deodoro-da-fonseca\/"]}]},{"@type":"ImageObject","inLanguage":"pt-BR","@id":"https:\/\/grandelojams.org.br\/es\/grao-mestre-prestigia-sessao-festiva-de-aniversario-da-loja-marechal-deodoro-da-fonseca\/#primaryimage","url":"https:\/\/grandelojams.org.br\/es\/wp-content\/uploads\/2023\/11\/CAPA-1-552x372-1.jpg","contentUrl":"https:\/\/grandelojams.org.br\/es\/wp-content\/uploads\/2023\/11\/CAPA-1-552x372-1.jpg","width":552,"height":372},{"@type":"BreadcrumbList","@id":"https:\/\/grandelojams.org.br\/es\/grao-mestre-prestigia-sessao-festiva-de-aniversario-da-loja-marechal-deodoro-da-fonseca\/#breadcrumb","itemListElement":[{"@type":"ListItem","position":1,"name":"In\u00edcio","item":"https:\/\/grandelojams.org.br\/es\/"},{"@type":"ListItem","position":2,"name":"GR\u00c3O-MESTRE PRESTIGIA SESS\u00c3O FESTIVA DE ANIVERS\u00c1RIO DA LOJA MARECHAL DEODORO DA FONSECA"}]},{"@type":"WebSite","@id":"https:\/\/grandelojams.org.br\/es\/#website","url":"https:\/\/grandelojams.org.br\/es\/","name":"GLEMS","description":"Grande Loja Ma\u00e7\u00f4nica do Mato Grosso do Sul","potentialAction":[{"@type":"SearchAction","target":{"@type":"EntryPoint","urlTemplate":"https:\/\/grandelojams.org.br\/es\/?s={search_term_string}"},"query-input":{"@type":"PropertyValueSpecification","valueRequired":true,"valueName":"search_term_string"}}],"inLanguage":"pt-BR"},{"@type":"Person","@id":"https:\/\/grandelojams.org.br\/es\/#\/schema\/person\/5da1c0de136fe7cc6dea7d22b535752b","name":"admin","image":{"@type":"ImageObject","inLanguage":"pt-BR","@id":"https:\/\/grandelojams.org.br\/es\/#\/schema\/person\/image\/","url":"https:\/\/secure.gravatar.com\/avatar\/786137a0e890f9b53660f24bf8ec01ff8c644974de881f5aedc68bd0708ea113?s=96&d=mm&r=g","contentUrl":"https:\/\/secure.gravatar.com\/avatar\/786137a0e890f9b53660f24bf8ec01ff8c644974de881f5aedc68bd0708ea113?s=96&d=mm&r=g","caption":"admin"},"sameAs":["https:\/\/mondayde.com.br\/clientes\/template1"],"url":"https:\/\/grandelojams.org.br\/es\/author\/admin\/"}]}},"_links":{"self":[{"href":"https:\/\/grandelojams.org.br\/es\/wp-json\/wp\/v2\/posts\/4311","targetHints":{"allow":["GET"]}}],"collection":[{"href":"https:\/\/grandelojams.org.br\/es\/wp-json\/wp\/v2\/posts"}],"about":[{"href":"https:\/\/grandelojams.org.br\/es\/wp-json\/wp\/v2\/types\/post"}],"author":[{"embeddable":true,"href":"https:\/\/grandelojams.org.br\/es\/wp-json\/wp\/v2\/users\/1"}],"replies":[{"embeddable":true,"href":"https:\/\/grandelojams.org.br\/es\/wp-json\/wp\/v2\/comments?post=4311"}],"version-history":[{"count":1,"href":"https:\/\/grandelojams.org.br\/es\/wp-json\/wp\/v2\/posts\/4311\/revisions"}],"predecessor-version":[{"id":9419,"href":"https:\/\/grandelojams.org.br\/es\/wp-json\/wp\/v2\/posts\/4311\/revisions\/9419"}],"wp:featuredmedia":[{"embeddable":true,"href":"https:\/\/grandelojams.org.br\/es\/wp-json\/wp\/v2\/media\/9383"}],"wp:attachment":[{"href":"https:\/\/grandelojams.org.br\/es\/wp-json\/wp\/v2\/media?parent=4311"}],"wp:term":[{"taxonomy":"category","embeddable":true,"href":"https:\/\/grandelojams.org.br\/es\/wp-json\/wp\/v2\/categories?post=4311"},{"taxonomy":"post_tag","embeddable":true,"href":"https:\/\/grandelojams.org.br\/es\/wp-json\/wp\/v2\/tags?post=4311"}],"curies":[{"name":"wp","href":"https:\/\/api.w.org\/{rel}","templated":true}]}}