{"id":4295,"date":"2023-08-24T15:11:07","date_gmt":"2023-08-24T18:11:07","guid":{"rendered":"https:\/\/grandelojams.org.br\/?p=4295"},"modified":"2025-06-20T16:17:44","modified_gmt":"2025-06-20T19:17:44","slug":"grao-mestre-recebe-comenda-do-merito-legislativo-em-sessao-comemorativa-aos-30-anos-do-trt","status":"publish","type":"post","link":"https:\/\/grandelojams.org.br\/es\/grao-mestre-recebe-comenda-do-merito-legislativo-em-sessao-comemorativa-aos-30-anos-do-trt\/","title":{"rendered":"GR\u00c3O-MESTRE RECEBE COMENDA DO M\u00c9RITO LEGISLATIVO EM SESS\u00c3O COMEMORATIVA AOS 30 ANOS DO TRT"},"content":{"rendered":"<p>O Seren\u00edssimo Gr\u00e3o-Mestre, Ir\u2234 Ademar de Souza Freitas recebeu nesta ter\u00e7a-feira (22), a Comenda do M\u00e9rito Legislativo. A homenagem foi prestada durante solenidade alusiva aos 30 anos da instala\u00e7\u00e3o do Tribunal Regional do Trabalho (TRT) da 24\u00aa Regi\u00e3o, que aconteceu no plen\u00e1rio da Assembleia Legislativa de Mato Grosso do Sul. Durante a noite festiva outras personalidades receberam tamb\u00e9m a honraria por contribuir para solucionar conflitos trabalhistas com justi\u00e7a e efetividade.<\/p>\n<p>A comenda foi entregue ao Gr\u00e3o-Mestre pelas m\u00e3os do deputado estadual, o Ir\u2234 J\u00fanior Mochi e pelo presidente do TRT, desembargador Jo\u00e3o Marcelo Balsanelli.<\/p>\n<p>\u201cSem d\u00favida, essa \u00e9 uma data muito especial para mim e para todos aqueles que, assim como eu, colaboraram para esses 30 anos de exist\u00eancia do Tribunal Regional do Trabalho em nosso Estado, buscando o equil\u00edbrio entre empres\u00e1rios e trabalhadores e em busca da paz social e da edifica\u00e7\u00e3o de uma sociedade mais justa e igualit\u00e1ria. Enfim, um trabalho que muita me orgulha, pois reflete os valores que aprendi e procuro exercitar dentro da nossa Ordem\u201d, declarou emocionado o Ir\u2234 Ademar.<\/p>\n<p style=\"text-align: center;\"><img fetchpriority=\"high\" decoding=\"async\" class=\"alignnone size-medium wp-image-4296\" src=\"https:\/\/grandelojams.org.br\/wp-content\/uploads\/2023\/08\/Comenda-GM-2b-300x210.jpeg\" alt=\"\" width=\"300\" height=\"210\" \/><\/p>\n","protected":false},"excerpt":{"rendered":"<p>O Seren\u00edssimo Gr\u00e3o-Mestre, Ir\u2234 Ademar de Souza Freitas recebeu nesta ter\u00e7a-feira (22), a Comenda do M\u00e9rito Legislativo. A homenagem foi prestada durante solenidade alusiva aos 30 anos da instala\u00e7\u00e3o do Tribunal Regional do Trabalho (TRT) da 24\u00aa Regi\u00e3o, que aconteceu no plen\u00e1rio da Assembleia Legislativa de Mato Grosso do Sul. Durante a noite festiva outras [&hellip;]<\/p>\n","protected":false},"author":1,"featured_media":9438,"comment_status":"open","ping_status":"open","sticky":false,"template":"","format":"standard","meta":{"footnotes":""},"categories":[55],"tags":[],"class_list":["post-4295","post","type-post","status-publish","format-standard","has-post-thumbnail","hentry","category-palavra-do-s-g-m"],"yoast_head":"<!-- This site is optimized with the Yoast SEO plugin v26.3 - https:\/\/yoast.com\/wordpress\/plugins\/seo\/ -->\n<title>GR\u00c3O-MESTRE RECEBE COMENDA DO M\u00c9RITO LEGISLATIVO EM SESS\u00c3O COMEMORATIVA AOS 30 ANOS DO TRT - GLEMS<\/title>\n<meta name=\"robots\" content=\"index, follow, max-snippet:-1, max-image-preview:large, max-video-preview:-1\" \/>\n<link rel=\"canonical\" href=\"https:\/\/grandelojams.org.br\/es\/grao-mestre-recebe-comenda-do-merito-legislativo-em-sessao-comemorativa-aos-30-anos-do-trt\/\" \/>\n<meta property=\"og:locale\" content=\"pt_BR\" \/>\n<meta property=\"og:type\" content=\"article\" \/>\n<meta property=\"og:title\" content=\"GR\u00c3O-MESTRE RECEBE COMENDA DO M\u00c9RITO LEGISLATIVO EM SESS\u00c3O COMEMORATIVA AOS 30 ANOS DO TRT - GLEMS\" \/>\n<meta property=\"og:description\" content=\"O Seren\u00edssimo Gr\u00e3o-Mestre, Ir\u2234 Ademar de Souza Freitas recebeu nesta ter\u00e7a-feira (22), a Comenda do M\u00e9rito Legislativo. A homenagem foi prestada durante solenidade alusiva aos 30 anos da instala\u00e7\u00e3o do Tribunal Regional do Trabalho (TRT) da 24\u00aa Regi\u00e3o, que aconteceu no plen\u00e1rio da Assembleia Legislativa de Mato Grosso do Sul. Durante a noite festiva outras [&hellip;]\" \/>\n<meta property=\"og:url\" content=\"https:\/\/grandelojams.org.br\/es\/grao-mestre-recebe-comenda-do-merito-legislativo-em-sessao-comemorativa-aos-30-anos-do-trt\/\" \/>\n<meta property=\"og:site_name\" content=\"GLEMS\" \/>\n<meta property=\"article:published_time\" content=\"2023-08-24T18:11:07+00:00\" \/>\n<meta property=\"article:modified_time\" content=\"2025-06-20T19:17:44+00:00\" \/>\n<meta property=\"og:image\" content=\"https:\/\/grandelojams.org.br\/es\/wp-content\/uploads\/2023\/08\/Comenda-GM-3-672x372-1.jpeg\" \/>\n\t<meta property=\"og:image:width\" content=\"672\" \/>\n\t<meta property=\"og:image:height\" content=\"372\" \/>\n\t<meta property=\"og:image:type\" content=\"image\/jpeg\" \/>\n<meta name=\"author\" content=\"admin\" \/>\n<meta name=\"twitter:card\" content=\"summary_large_image\" \/>\n<meta name=\"twitter:label1\" content=\"Escrito por\" \/>\n\t<meta name=\"twitter:data1\" content=\"admin\" \/>\n\t<meta name=\"twitter:label2\" content=\"Est. tempo de leitura\" \/>\n\t<meta name=\"twitter:data2\" content=\"2 minutos\" \/>\n<script type=\"application\/ld+json\" class=\"yoast-schema-graph\">{\"@context\":\"https:\/\/schema.org\",\"@graph\":[{\"@type\":\"WebPage\",\"@id\":\"https:\/\/grandelojams.org.br\/es\/grao-mestre-recebe-comenda-do-merito-legislativo-em-sessao-comemorativa-aos-30-anos-do-trt\/\",\"url\":\"https:\/\/grandelojams.org.br\/es\/grao-mestre-recebe-comenda-do-merito-legislativo-em-sessao-comemorativa-aos-30-anos-do-trt\/\",\"name\":\"GR\u00c3O-MESTRE RECEBE COMENDA DO M\u00c9RITO LEGISLATIVO EM SESS\u00c3O COMEMORATIVA AOS 30 ANOS DO TRT - GLEMS\",\"isPartOf\":{\"@id\":\"https:\/\/grandelojams.org.br\/es\/#website\"},\"primaryImageOfPage\":{\"@id\":\"https:\/\/grandelojams.org.br\/es\/grao-mestre-recebe-comenda-do-merito-legislativo-em-sessao-comemorativa-aos-30-anos-do-trt\/#primaryimage\"},\"image\":{\"@id\":\"https:\/\/grandelojams.org.br\/es\/grao-mestre-recebe-comenda-do-merito-legislativo-em-sessao-comemorativa-aos-30-anos-do-trt\/#primaryimage\"},\"thumbnailUrl\":\"https:\/\/grandelojams.org.br\/es\/wp-content\/uploads\/2023\/08\/Comenda-GM-3-672x372-1.jpeg\",\"datePublished\":\"2023-08-24T18:11:07+00:00\",\"dateModified\":\"2025-06-20T19:17:44+00:00\",\"author\":{\"@id\":\"https:\/\/grandelojams.org.br\/es\/#\/schema\/person\/5da1c0de136fe7cc6dea7d22b535752b\"},\"breadcrumb\":{\"@id\":\"https:\/\/grandelojams.org.br\/es\/grao-mestre-recebe-comenda-do-merito-legislativo-em-sessao-comemorativa-aos-30-anos-do-trt\/#breadcrumb\"},\"inLanguage\":\"pt-BR\",\"potentialAction\":[{\"@type\":\"ReadAction\",\"target\":[\"https:\/\/grandelojams.org.br\/es\/grao-mestre-recebe-comenda-do-merito-legislativo-em-sessao-comemorativa-aos-30-anos-do-trt\/\"]}]},{\"@type\":\"ImageObject\",\"inLanguage\":\"pt-BR\",\"@id\":\"https:\/\/grandelojams.org.br\/es\/grao-mestre-recebe-comenda-do-merito-legislativo-em-sessao-comemorativa-aos-30-anos-do-trt\/#primaryimage\",\"url\":\"https:\/\/grandelojams.org.br\/es\/wp-content\/uploads\/2023\/08\/Comenda-GM-3-672x372-1.jpeg\",\"contentUrl\":\"https:\/\/grandelojams.org.br\/es\/wp-content\/uploads\/2023\/08\/Comenda-GM-3-672x372-1.jpeg\",\"width\":672,\"height\":372},{\"@type\":\"BreadcrumbList\",\"@id\":\"https:\/\/grandelojams.org.br\/es\/grao-mestre-recebe-comenda-do-merito-legislativo-em-sessao-comemorativa-aos-30-anos-do-trt\/#breadcrumb\",\"itemListElement\":[{\"@type\":\"ListItem\",\"position\":1,\"name\":\"In\u00edcio\",\"item\":\"https:\/\/grandelojams.org.br\/es\/\"},{\"@type\":\"ListItem\",\"position\":2,\"name\":\"GR\u00c3O-MESTRE RECEBE COMENDA DO M\u00c9RITO LEGISLATIVO EM SESS\u00c3O COMEMORATIVA AOS 30 ANOS DO TRT\"}]},{\"@type\":\"WebSite\",\"@id\":\"https:\/\/grandelojams.org.br\/es\/#website\",\"url\":\"https:\/\/grandelojams.org.br\/es\/\",\"name\":\"GLEMS\",\"description\":\"Grande Loja Ma\u00e7\u00f4nica do Mato Grosso do Sul\",\"potentialAction\":[{\"@type\":\"SearchAction\",\"target\":{\"@type\":\"EntryPoint\",\"urlTemplate\":\"https:\/\/grandelojams.org.br\/es\/?s={search_term_string}\"},\"query-input\":{\"@type\":\"PropertyValueSpecification\",\"valueRequired\":true,\"valueName\":\"search_term_string\"}}],\"inLanguage\":\"pt-BR\"},{\"@type\":\"Person\",\"@id\":\"https:\/\/grandelojams.org.br\/es\/#\/schema\/person\/5da1c0de136fe7cc6dea7d22b535752b\",\"name\":\"admin\",\"image\":{\"@type\":\"ImageObject\",\"inLanguage\":\"pt-BR\",\"@id\":\"https:\/\/grandelojams.org.br\/es\/#\/schema\/person\/image\/\",\"url\":\"https:\/\/secure.gravatar.com\/avatar\/786137a0e890f9b53660f24bf8ec01ff8c644974de881f5aedc68bd0708ea113?s=96&d=mm&r=g\",\"contentUrl\":\"https:\/\/secure.gravatar.com\/avatar\/786137a0e890f9b53660f24bf8ec01ff8c644974de881f5aedc68bd0708ea113?s=96&d=mm&r=g\",\"caption\":\"admin\"},\"sameAs\":[\"https:\/\/mondayde.com.br\/clientes\/template1\"],\"url\":\"https:\/\/grandelojams.org.br\/es\/author\/admin\/\"}]}<\/script>\n<!-- \/ Yoast SEO plugin. -->","yoast_head_json":{"title":"GR\u00c3O-MESTRE RECEBE COMENDA DO M\u00c9RITO LEGISLATIVO EM SESS\u00c3O COMEMORATIVA AOS 30 ANOS DO TRT - GLEMS","robots":{"index":"index","follow":"follow","max-snippet":"max-snippet:-1","max-image-preview":"max-image-preview:large","max-video-preview":"max-video-preview:-1"},"canonical":"https:\/\/grandelojams.org.br\/es\/grao-mestre-recebe-comenda-do-merito-legislativo-em-sessao-comemorativa-aos-30-anos-do-trt\/","og_locale":"pt_BR","og_type":"article","og_title":"GR\u00c3O-MESTRE RECEBE COMENDA DO M\u00c9RITO LEGISLATIVO EM SESS\u00c3O COMEMORATIVA AOS 30 ANOS DO TRT - GLEMS","og_description":"O Seren\u00edssimo Gr\u00e3o-Mestre, Ir\u2234 Ademar de Souza Freitas recebeu nesta ter\u00e7a-feira (22), a Comenda do M\u00e9rito Legislativo. A homenagem foi prestada durante solenidade alusiva aos 30 anos da instala\u00e7\u00e3o do Tribunal Regional do Trabalho (TRT) da 24\u00aa Regi\u00e3o, que aconteceu no plen\u00e1rio da Assembleia Legislativa de Mato Grosso do Sul. Durante a noite festiva outras [&hellip;]","og_url":"https:\/\/grandelojams.org.br\/es\/grao-mestre-recebe-comenda-do-merito-legislativo-em-sessao-comemorativa-aos-30-anos-do-trt\/","og_site_name":"GLEMS","article_published_time":"2023-08-24T18:11:07+00:00","article_modified_time":"2025-06-20T19:17:44+00:00","og_image":[{"width":672,"height":372,"url":"https:\/\/grandelojams.org.br\/es\/wp-content\/uploads\/2023\/08\/Comenda-GM-3-672x372-1.jpeg","type":"image\/jpeg"}],"author":"admin","twitter_card":"summary_large_image","twitter_misc":{"Escrito por":"admin","Est. tempo de leitura":"2 minutos"},"schema":{"@context":"https:\/\/schema.org","@graph":[{"@type":"WebPage","@id":"https:\/\/grandelojams.org.br\/es\/grao-mestre-recebe-comenda-do-merito-legislativo-em-sessao-comemorativa-aos-30-anos-do-trt\/","url":"https:\/\/grandelojams.org.br\/es\/grao-mestre-recebe-comenda-do-merito-legislativo-em-sessao-comemorativa-aos-30-anos-do-trt\/","name":"GR\u00c3O-MESTRE RECEBE COMENDA DO M\u00c9RITO LEGISLATIVO EM SESS\u00c3O COMEMORATIVA AOS 30 ANOS DO TRT - GLEMS","isPartOf":{"@id":"https:\/\/grandelojams.org.br\/es\/#website"},"primaryImageOfPage":{"@id":"https:\/\/grandelojams.org.br\/es\/grao-mestre-recebe-comenda-do-merito-legislativo-em-sessao-comemorativa-aos-30-anos-do-trt\/#primaryimage"},"image":{"@id":"https:\/\/grandelojams.org.br\/es\/grao-mestre-recebe-comenda-do-merito-legislativo-em-sessao-comemorativa-aos-30-anos-do-trt\/#primaryimage"},"thumbnailUrl":"https:\/\/grandelojams.org.br\/es\/wp-content\/uploads\/2023\/08\/Comenda-GM-3-672x372-1.jpeg","datePublished":"2023-08-24T18:11:07+00:00","dateModified":"2025-06-20T19:17:44+00:00","author":{"@id":"https:\/\/grandelojams.org.br\/es\/#\/schema\/person\/5da1c0de136fe7cc6dea7d22b535752b"},"breadcrumb":{"@id":"https:\/\/grandelojams.org.br\/es\/grao-mestre-recebe-comenda-do-merito-legislativo-em-sessao-comemorativa-aos-30-anos-do-trt\/#breadcrumb"},"inLanguage":"pt-BR","potentialAction":[{"@type":"ReadAction","target":["https:\/\/grandelojams.org.br\/es\/grao-mestre-recebe-comenda-do-merito-legislativo-em-sessao-comemorativa-aos-30-anos-do-trt\/"]}]},{"@type":"ImageObject","inLanguage":"pt-BR","@id":"https:\/\/grandelojams.org.br\/es\/grao-mestre-recebe-comenda-do-merito-legislativo-em-sessao-comemorativa-aos-30-anos-do-trt\/#primaryimage","url":"https:\/\/grandelojams.org.br\/es\/wp-content\/uploads\/2023\/08\/Comenda-GM-3-672x372-1.jpeg","contentUrl":"https:\/\/grandelojams.org.br\/es\/wp-content\/uploads\/2023\/08\/Comenda-GM-3-672x372-1.jpeg","width":672,"height":372},{"@type":"BreadcrumbList","@id":"https:\/\/grandelojams.org.br\/es\/grao-mestre-recebe-comenda-do-merito-legislativo-em-sessao-comemorativa-aos-30-anos-do-trt\/#breadcrumb","itemListElement":[{"@type":"ListItem","position":1,"name":"In\u00edcio","item":"https:\/\/grandelojams.org.br\/es\/"},{"@type":"ListItem","position":2,"name":"GR\u00c3O-MESTRE RECEBE COMENDA DO M\u00c9RITO LEGISLATIVO EM SESS\u00c3O COMEMORATIVA AOS 30 ANOS DO TRT"}]},{"@type":"WebSite","@id":"https:\/\/grandelojams.org.br\/es\/#website","url":"https:\/\/grandelojams.org.br\/es\/","name":"GLEMS","description":"Grande Loja Ma\u00e7\u00f4nica do Mato Grosso do Sul","potentialAction":[{"@type":"SearchAction","target":{"@type":"EntryPoint","urlTemplate":"https:\/\/grandelojams.org.br\/es\/?s={search_term_string}"},"query-input":{"@type":"PropertyValueSpecification","valueRequired":true,"valueName":"search_term_string"}}],"inLanguage":"pt-BR"},{"@type":"Person","@id":"https:\/\/grandelojams.org.br\/es\/#\/schema\/person\/5da1c0de136fe7cc6dea7d22b535752b","name":"admin","image":{"@type":"ImageObject","inLanguage":"pt-BR","@id":"https:\/\/grandelojams.org.br\/es\/#\/schema\/person\/image\/","url":"https:\/\/secure.gravatar.com\/avatar\/786137a0e890f9b53660f24bf8ec01ff8c644974de881f5aedc68bd0708ea113?s=96&d=mm&r=g","contentUrl":"https:\/\/secure.gravatar.com\/avatar\/786137a0e890f9b53660f24bf8ec01ff8c644974de881f5aedc68bd0708ea113?s=96&d=mm&r=g","caption":"admin"},"sameAs":["https:\/\/mondayde.com.br\/clientes\/template1"],"url":"https:\/\/grandelojams.org.br\/es\/author\/admin\/"}]}},"_links":{"self":[{"href":"https:\/\/grandelojams.org.br\/es\/wp-json\/wp\/v2\/posts\/4295","targetHints":{"allow":["GET"]}}],"collection":[{"href":"https:\/\/grandelojams.org.br\/es\/wp-json\/wp\/v2\/posts"}],"about":[{"href":"https:\/\/grandelojams.org.br\/es\/wp-json\/wp\/v2\/types\/post"}],"author":[{"embeddable":true,"href":"https:\/\/grandelojams.org.br\/es\/wp-json\/wp\/v2\/users\/1"}],"replies":[{"embeddable":true,"href":"https:\/\/grandelojams.org.br\/es\/wp-json\/wp\/v2\/comments?post=4295"}],"version-history":[{"count":1,"href":"https:\/\/grandelojams.org.br\/es\/wp-json\/wp\/v2\/posts\/4295\/revisions"}],"predecessor-version":[{"id":9441,"href":"https:\/\/grandelojams.org.br\/es\/wp-json\/wp\/v2\/posts\/4295\/revisions\/9441"}],"wp:featuredmedia":[{"embeddable":true,"href":"https:\/\/grandelojams.org.br\/es\/wp-json\/wp\/v2\/media\/9438"}],"wp:attachment":[{"href":"https:\/\/grandelojams.org.br\/es\/wp-json\/wp\/v2\/media?parent=4295"}],"wp:term":[{"taxonomy":"category","embeddable":true,"href":"https:\/\/grandelojams.org.br\/es\/wp-json\/wp\/v2\/categories?post=4295"},{"taxonomy":"post_tag","embeddable":true,"href":"https:\/\/grandelojams.org.br\/es\/wp-json\/wp\/v2\/tags?post=4295"}],"curies":[{"name":"wp","href":"https:\/\/api.w.org\/{rel}","templated":true}]}}