{"id":4229,"date":"2023-08-18T15:21:21","date_gmt":"2023-08-18T18:21:21","guid":{"rendered":"https:\/\/grandelojams.org.br\/?p=4229"},"modified":"2025-06-20T16:18:12","modified_gmt":"2025-06-20T19:18:12","slug":"dia-do-macom-mensagem-do-grao-mestre","status":"publish","type":"post","link":"https:\/\/grandelojams.org.br\/es\/dia-do-macom-mensagem-do-grao-mestre\/","title":{"rendered":"HOMENAGEM AO DIA DO MA\u00c7OM"},"content":{"rendered":"<p>Ol\u00e1, meus irm\u00e3os!<\/p>\n<p>No dia 20 de agosto, comemoramos no Brasil, o Dia do Ma\u00e7om!<\/p>\n<p>\u00c9 uma data muito especial. Que nos leva a recordar o passado de gl\u00f3rias da ma\u00e7onaria e de quanto os ma\u00e7ons espalhados pelo&nbsp; mundo inteiro j\u00e1 fizeram em prol da democracia, pelo bem e pelo desenvolvimento da humanidade.<\/p>\n<p>Mas, hoje tamb\u00e9m \u00e9 dia de refletirmos sobre os rumos da ma\u00e7onaria e sobre o que n\u00f3s ma\u00e7ons podemos fazer para que essa fant\u00e1stica escola de vida, possa continuar a influenciar a humanidade no caminho do aperfei\u00e7oamento moral, da igualdade e da fraternidade universal.<\/p>\n<p>Para tanto, n\u00e3o podemos nos acomodar e ficar parados no tempo.<\/p>\n<p>O que importa na vida n\u00e3o \u00e9 a situa\u00e7\u00e3o em que estamos, mas a dire\u00e7\u00e3o para a qual nos movemos, sem nunca nos esquecermos que a luz sempre encontrar\u00e1 aqueles que a procuram.<\/p>\n<p>Ent\u00e3o, meus irm\u00e3os trabalhemos em uni\u00e3o, levando em frente, rumo \u00e0s gera\u00e7\u00f5es futuras, a filosofia e o modo de vida ensinado nos nossos rituais, pois na medida em que as pessoas se unem em torno de um objetivo comum, acabam melhorando a si mesmas.<\/p>\n<p>Feliz Dia do Ma\u00e7om!<\/p>\n<figure id=\"attachment_4233\" aria-describedby=\"caption-attachment-4233\" style=\"width: 274px\" class=\"wp-caption aligncenter\"><img fetchpriority=\"high\" decoding=\"async\" class=\"wp-image-4233 size-medium\" src=\"https:\/\/grandelojams.org.br\/wp-content\/uploads\/2023\/08\/GM-274x300.jpg\" alt=\"\" width=\"274\" height=\"300\"><figcaption id=\"caption-attachment-4233\" class=\"wp-caption-text\">ADEMAR DE SOUZA FREITAS &#8211; Seren\u00edssmo Gr\u00e3o-Mestre da GLEMS<\/figcaption><\/figure>\n","protected":false},"excerpt":{"rendered":"<p>Ol\u00e1, meus irm\u00e3os! No dia 20 de agosto, comemoramos no Brasil, o Dia do Ma\u00e7om! \u00c9 uma data muito especial. Que nos leva a recordar o passado de gl\u00f3rias da ma\u00e7onaria e de quanto os ma\u00e7ons espalhados pelo&nbsp; mundo inteiro j\u00e1 fizeram em prol da democracia, pelo bem e pelo desenvolvimento da humanidade. Mas, hoje [&hellip;]<\/p>\n","protected":false},"author":1,"featured_media":9435,"comment_status":"open","ping_status":"open","sticky":false,"template":"","format":"standard","meta":{"footnotes":""},"categories":[55],"tags":[],"class_list":["post-4229","post","type-post","status-publish","format-standard","has-post-thumbnail","hentry","category-palavra-do-s-g-m"],"yoast_head":"<!-- This site is optimized with the Yoast SEO plugin v26.3 - https:\/\/yoast.com\/wordpress\/plugins\/seo\/ -->\n<title>HOMENAGEM AO DIA DO MA\u00c7OM - GLEMS<\/title>\n<meta name=\"robots\" content=\"index, follow, max-snippet:-1, max-image-preview:large, max-video-preview:-1\" \/>\n<link rel=\"canonical\" href=\"https:\/\/grandelojams.org.br\/es\/dia-do-macom-mensagem-do-grao-mestre\/\" \/>\n<meta property=\"og:locale\" content=\"pt_BR\" \/>\n<meta property=\"og:type\" content=\"article\" \/>\n<meta property=\"og:title\" content=\"HOMENAGEM AO DIA DO MA\u00c7OM - GLEMS\" \/>\n<meta property=\"og:description\" content=\"Ol\u00e1, meus irm\u00e3os! No dia 20 de agosto, comemoramos no Brasil, o Dia do Ma\u00e7om! \u00c9 uma data muito especial. Que nos leva a recordar o passado de gl\u00f3rias da ma\u00e7onaria e de quanto os ma\u00e7ons espalhados pelo&nbsp; mundo inteiro j\u00e1 fizeram em prol da democracia, pelo bem e pelo desenvolvimento da humanidade. Mas, hoje [&hellip;]\" \/>\n<meta property=\"og:url\" content=\"https:\/\/grandelojams.org.br\/es\/dia-do-macom-mensagem-do-grao-mestre\/\" \/>\n<meta property=\"og:site_name\" content=\"GLEMS\" \/>\n<meta property=\"article:published_time\" content=\"2023-08-18T18:21:21+00:00\" \/>\n<meta property=\"article:modified_time\" content=\"2025-06-20T19:18:12+00:00\" \/>\n<meta property=\"og:image\" content=\"https:\/\/grandelojams.org.br\/es\/wp-content\/uploads\/2023\/08\/Dia-do-Macom-SITE-1-500x372-1.png\" \/>\n\t<meta property=\"og:image:width\" content=\"500\" \/>\n\t<meta property=\"og:image:height\" content=\"372\" \/>\n\t<meta property=\"og:image:type\" content=\"image\/png\" \/>\n<meta name=\"author\" content=\"admin\" \/>\n<meta name=\"twitter:card\" content=\"summary_large_image\" \/>\n<meta name=\"twitter:label1\" content=\"Escrito por\" \/>\n\t<meta name=\"twitter:data1\" content=\"admin\" \/>\n\t<meta name=\"twitter:label2\" content=\"Est. tempo de leitura\" \/>\n\t<meta name=\"twitter:data2\" content=\"2 minutos\" \/>\n<script type=\"application\/ld+json\" class=\"yoast-schema-graph\">{\"@context\":\"https:\/\/schema.org\",\"@graph\":[{\"@type\":\"WebPage\",\"@id\":\"https:\/\/grandelojams.org.br\/es\/dia-do-macom-mensagem-do-grao-mestre\/\",\"url\":\"https:\/\/grandelojams.org.br\/es\/dia-do-macom-mensagem-do-grao-mestre\/\",\"name\":\"HOMENAGEM AO DIA DO MA\u00c7OM - GLEMS\",\"isPartOf\":{\"@id\":\"https:\/\/grandelojams.org.br\/es\/#website\"},\"primaryImageOfPage\":{\"@id\":\"https:\/\/grandelojams.org.br\/es\/dia-do-macom-mensagem-do-grao-mestre\/#primaryimage\"},\"image\":{\"@id\":\"https:\/\/grandelojams.org.br\/es\/dia-do-macom-mensagem-do-grao-mestre\/#primaryimage\"},\"thumbnailUrl\":\"https:\/\/grandelojams.org.br\/es\/wp-content\/uploads\/2023\/08\/Dia-do-Macom-SITE-1-500x372-1.png\",\"datePublished\":\"2023-08-18T18:21:21+00:00\",\"dateModified\":\"2025-06-20T19:18:12+00:00\",\"author\":{\"@id\":\"https:\/\/grandelojams.org.br\/es\/#\/schema\/person\/5da1c0de136fe7cc6dea7d22b535752b\"},\"breadcrumb\":{\"@id\":\"https:\/\/grandelojams.org.br\/es\/dia-do-macom-mensagem-do-grao-mestre\/#breadcrumb\"},\"inLanguage\":\"pt-BR\",\"potentialAction\":[{\"@type\":\"ReadAction\",\"target\":[\"https:\/\/grandelojams.org.br\/es\/dia-do-macom-mensagem-do-grao-mestre\/\"]}]},{\"@type\":\"ImageObject\",\"inLanguage\":\"pt-BR\",\"@id\":\"https:\/\/grandelojams.org.br\/es\/dia-do-macom-mensagem-do-grao-mestre\/#primaryimage\",\"url\":\"https:\/\/grandelojams.org.br\/es\/wp-content\/uploads\/2023\/08\/Dia-do-Macom-SITE-1-500x372-1.png\",\"contentUrl\":\"https:\/\/grandelojams.org.br\/es\/wp-content\/uploads\/2023\/08\/Dia-do-Macom-SITE-1-500x372-1.png\",\"width\":500,\"height\":372},{\"@type\":\"BreadcrumbList\",\"@id\":\"https:\/\/grandelojams.org.br\/es\/dia-do-macom-mensagem-do-grao-mestre\/#breadcrumb\",\"itemListElement\":[{\"@type\":\"ListItem\",\"position\":1,\"name\":\"In\u00edcio\",\"item\":\"https:\/\/grandelojams.org.br\/es\/\"},{\"@type\":\"ListItem\",\"position\":2,\"name\":\"HOMENAGEM AO DIA DO MA\u00c7OM\"}]},{\"@type\":\"WebSite\",\"@id\":\"https:\/\/grandelojams.org.br\/es\/#website\",\"url\":\"https:\/\/grandelojams.org.br\/es\/\",\"name\":\"GLEMS\",\"description\":\"Grande Loja Ma\u00e7\u00f4nica do Mato Grosso do Sul\",\"potentialAction\":[{\"@type\":\"SearchAction\",\"target\":{\"@type\":\"EntryPoint\",\"urlTemplate\":\"https:\/\/grandelojams.org.br\/es\/?s={search_term_string}\"},\"query-input\":{\"@type\":\"PropertyValueSpecification\",\"valueRequired\":true,\"valueName\":\"search_term_string\"}}],\"inLanguage\":\"pt-BR\"},{\"@type\":\"Person\",\"@id\":\"https:\/\/grandelojams.org.br\/es\/#\/schema\/person\/5da1c0de136fe7cc6dea7d22b535752b\",\"name\":\"admin\",\"image\":{\"@type\":\"ImageObject\",\"inLanguage\":\"pt-BR\",\"@id\":\"https:\/\/grandelojams.org.br\/es\/#\/schema\/person\/image\/\",\"url\":\"https:\/\/secure.gravatar.com\/avatar\/786137a0e890f9b53660f24bf8ec01ff8c644974de881f5aedc68bd0708ea113?s=96&d=mm&r=g\",\"contentUrl\":\"https:\/\/secure.gravatar.com\/avatar\/786137a0e890f9b53660f24bf8ec01ff8c644974de881f5aedc68bd0708ea113?s=96&d=mm&r=g\",\"caption\":\"admin\"},\"sameAs\":[\"https:\/\/mondayde.com.br\/clientes\/template1\"],\"url\":\"https:\/\/grandelojams.org.br\/es\/author\/admin\/\"}]}<\/script>\n<!-- \/ Yoast SEO plugin. -->","yoast_head_json":{"title":"HOMENAGEM AO DIA DO MA\u00c7OM - GLEMS","robots":{"index":"index","follow":"follow","max-snippet":"max-snippet:-1","max-image-preview":"max-image-preview:large","max-video-preview":"max-video-preview:-1"},"canonical":"https:\/\/grandelojams.org.br\/es\/dia-do-macom-mensagem-do-grao-mestre\/","og_locale":"pt_BR","og_type":"article","og_title":"HOMENAGEM AO DIA DO MA\u00c7OM - GLEMS","og_description":"Ol\u00e1, meus irm\u00e3os! No dia 20 de agosto, comemoramos no Brasil, o Dia do Ma\u00e7om! \u00c9 uma data muito especial. Que nos leva a recordar o passado de gl\u00f3rias da ma\u00e7onaria e de quanto os ma\u00e7ons espalhados pelo&nbsp; mundo inteiro j\u00e1 fizeram em prol da democracia, pelo bem e pelo desenvolvimento da humanidade. Mas, hoje [&hellip;]","og_url":"https:\/\/grandelojams.org.br\/es\/dia-do-macom-mensagem-do-grao-mestre\/","og_site_name":"GLEMS","article_published_time":"2023-08-18T18:21:21+00:00","article_modified_time":"2025-06-20T19:18:12+00:00","og_image":[{"width":500,"height":372,"url":"https:\/\/grandelojams.org.br\/es\/wp-content\/uploads\/2023\/08\/Dia-do-Macom-SITE-1-500x372-1.png","type":"image\/png"}],"author":"admin","twitter_card":"summary_large_image","twitter_misc":{"Escrito por":"admin","Est. tempo de leitura":"2 minutos"},"schema":{"@context":"https:\/\/schema.org","@graph":[{"@type":"WebPage","@id":"https:\/\/grandelojams.org.br\/es\/dia-do-macom-mensagem-do-grao-mestre\/","url":"https:\/\/grandelojams.org.br\/es\/dia-do-macom-mensagem-do-grao-mestre\/","name":"HOMENAGEM AO DIA DO MA\u00c7OM - GLEMS","isPartOf":{"@id":"https:\/\/grandelojams.org.br\/es\/#website"},"primaryImageOfPage":{"@id":"https:\/\/grandelojams.org.br\/es\/dia-do-macom-mensagem-do-grao-mestre\/#primaryimage"},"image":{"@id":"https:\/\/grandelojams.org.br\/es\/dia-do-macom-mensagem-do-grao-mestre\/#primaryimage"},"thumbnailUrl":"https:\/\/grandelojams.org.br\/es\/wp-content\/uploads\/2023\/08\/Dia-do-Macom-SITE-1-500x372-1.png","datePublished":"2023-08-18T18:21:21+00:00","dateModified":"2025-06-20T19:18:12+00:00","author":{"@id":"https:\/\/grandelojams.org.br\/es\/#\/schema\/person\/5da1c0de136fe7cc6dea7d22b535752b"},"breadcrumb":{"@id":"https:\/\/grandelojams.org.br\/es\/dia-do-macom-mensagem-do-grao-mestre\/#breadcrumb"},"inLanguage":"pt-BR","potentialAction":[{"@type":"ReadAction","target":["https:\/\/grandelojams.org.br\/es\/dia-do-macom-mensagem-do-grao-mestre\/"]}]},{"@type":"ImageObject","inLanguage":"pt-BR","@id":"https:\/\/grandelojams.org.br\/es\/dia-do-macom-mensagem-do-grao-mestre\/#primaryimage","url":"https:\/\/grandelojams.org.br\/es\/wp-content\/uploads\/2023\/08\/Dia-do-Macom-SITE-1-500x372-1.png","contentUrl":"https:\/\/grandelojams.org.br\/es\/wp-content\/uploads\/2023\/08\/Dia-do-Macom-SITE-1-500x372-1.png","width":500,"height":372},{"@type":"BreadcrumbList","@id":"https:\/\/grandelojams.org.br\/es\/dia-do-macom-mensagem-do-grao-mestre\/#breadcrumb","itemListElement":[{"@type":"ListItem","position":1,"name":"In\u00edcio","item":"https:\/\/grandelojams.org.br\/es\/"},{"@type":"ListItem","position":2,"name":"HOMENAGEM AO DIA DO MA\u00c7OM"}]},{"@type":"WebSite","@id":"https:\/\/grandelojams.org.br\/es\/#website","url":"https:\/\/grandelojams.org.br\/es\/","name":"GLEMS","description":"Grande Loja Ma\u00e7\u00f4nica do Mato Grosso do Sul","potentialAction":[{"@type":"SearchAction","target":{"@type":"EntryPoint","urlTemplate":"https:\/\/grandelojams.org.br\/es\/?s={search_term_string}"},"query-input":{"@type":"PropertyValueSpecification","valueRequired":true,"valueName":"search_term_string"}}],"inLanguage":"pt-BR"},{"@type":"Person","@id":"https:\/\/grandelojams.org.br\/es\/#\/schema\/person\/5da1c0de136fe7cc6dea7d22b535752b","name":"admin","image":{"@type":"ImageObject","inLanguage":"pt-BR","@id":"https:\/\/grandelojams.org.br\/es\/#\/schema\/person\/image\/","url":"https:\/\/secure.gravatar.com\/avatar\/786137a0e890f9b53660f24bf8ec01ff8c644974de881f5aedc68bd0708ea113?s=96&d=mm&r=g","contentUrl":"https:\/\/secure.gravatar.com\/avatar\/786137a0e890f9b53660f24bf8ec01ff8c644974de881f5aedc68bd0708ea113?s=96&d=mm&r=g","caption":"admin"},"sameAs":["https:\/\/mondayde.com.br\/clientes\/template1"],"url":"https:\/\/grandelojams.org.br\/es\/author\/admin\/"}]}},"_links":{"self":[{"href":"https:\/\/grandelojams.org.br\/es\/wp-json\/wp\/v2\/posts\/4229","targetHints":{"allow":["GET"]}}],"collection":[{"href":"https:\/\/grandelojams.org.br\/es\/wp-json\/wp\/v2\/posts"}],"about":[{"href":"https:\/\/grandelojams.org.br\/es\/wp-json\/wp\/v2\/types\/post"}],"author":[{"embeddable":true,"href":"https:\/\/grandelojams.org.br\/es\/wp-json\/wp\/v2\/users\/1"}],"replies":[{"embeddable":true,"href":"https:\/\/grandelojams.org.br\/es\/wp-json\/wp\/v2\/comments?post=4229"}],"version-history":[{"count":1,"href":"https:\/\/grandelojams.org.br\/es\/wp-json\/wp\/v2\/posts\/4229\/revisions"}],"predecessor-version":[{"id":9444,"href":"https:\/\/grandelojams.org.br\/es\/wp-json\/wp\/v2\/posts\/4229\/revisions\/9444"}],"wp:featuredmedia":[{"embeddable":true,"href":"https:\/\/grandelojams.org.br\/es\/wp-json\/wp\/v2\/media\/9435"}],"wp:attachment":[{"href":"https:\/\/grandelojams.org.br\/es\/wp-json\/wp\/v2\/media?parent=4229"}],"wp:term":[{"taxonomy":"category","embeddable":true,"href":"https:\/\/grandelojams.org.br\/es\/wp-json\/wp\/v2\/categories?post=4229"},{"taxonomy":"post_tag","embeddable":true,"href":"https:\/\/grandelojams.org.br\/es\/wp-json\/wp\/v2\/tags?post=4229"}],"curies":[{"name":"wp","href":"https:\/\/api.w.org\/{rel}","templated":true}]}}