{"id":4219,"date":"2023-08-16T12:31:19","date_gmt":"2023-08-16T15:31:19","guid":{"rendered":"https:\/\/grandelojams.org.br\/?p=4219"},"modified":"2025-06-20T16:18:18","modified_gmt":"2025-06-20T19:18:18","slug":"governador-realiza-palestra-em-sessao-conjunta-realizada-na-grande-loja","status":"publish","type":"post","link":"https:\/\/grandelojams.org.br\/es\/governador-realiza-palestra-em-sessao-conjunta-realizada-na-grande-loja\/","title":{"rendered":"GOVERNADOR PARTICIPA DE SESS\u00c3O CONJUNTA REALIZADA NA GRANDE LOJA"},"content":{"rendered":"<p>Nesta segunda-feira o Governador do Estado, Eduardo Riedel, esteve presente na sess\u00e3o conjunta realizada pelas lojas Inconfid\u00eancia, N\u00ba 67 e Ac\u00e1ssia Pantaneira, N\u00ba 59, onde teve a oportunidade de proferir uma palestra sobre as a\u00e7\u00f5es do governo para o desenvolvimento do Estado. A sess\u00e3o foi presidida pelo Seren\u00edssimo Gr\u00e3o-Mestre, Ir\u2234 Ademar de Souza Freitas e conduzida pelo Ven\u2234 M\u2234 da Loja Inconfid\u00eancia, Ir\u2234 Ozevaldo Santos de Melo.<\/p>\n<p>Na palestra com o tema: \u201cOportunidades e Desafios de Mato Grosso do Sul\u201d, o governador mostrou as metas do atual governo. Dentre elas Ensino Integral em 100% das Escolas; Infovias Digitais; Universaliza\u00e7\u00e3o Do Saneamento B\u00e1sico;&nbsp; Conclus\u00e3o do Invent\u00e1rio dos Gases de Efeito Estufa , Regionaliza\u00e7\u00e3o da Sa\u00fade; Qualifica\u00e7\u00e3o Profissional; Plano Estadual de Pavimenta\u00e7\u00e3o das Cidades e a Transversalidade (Renda, Emprego, Habita\u00e7\u00e3o E Creche).<\/p>\n<p><img fetchpriority=\"high\" decoding=\"async\" class=\"size-medium wp-image-4220 aligncenter\" src=\"https:\/\/grandelojams.org.br\/wp-content\/uploads\/2023\/08\/WhatsApp-Image-2023-08-16-at-11.22.21-1-300x225.jpeg\" alt=\"\" width=\"300\" height=\"225\"><\/p>\n<p>Riedel falou dos desafios do Estado em digitalizar e integrar todo o servi\u00e7o p\u00fablico, estabelecer um crescimento sustent\u00e1vel e fazer o MS ser reconhecido como Estado Carbono Zero, at\u00e9 2030. Outro desafio apresentado pelo Governador foi a implanta\u00e7\u00e3o da Rota Bioce\u00e2nica a expans\u00e3o das hidrovias e a revitaliza\u00e7\u00e3o das ferrovias, al\u00e9m do combate a pobreza no Mato Grosso do Sul.<\/p>\n<p>A sess\u00e3o foi abrilhantada por diversas autoridades, dentre estas , o&nbsp; Eminente Gr\u00e3o-Mestre do GOB\/MS \u2013 Grande Oriente do Brasil, no Estado, &nbsp;Ir\u2234 David da Silva Ribeiro e o Soberano Gr\u00e3o-Mestre do GOMS \u2013 Grande Oriente do Mato Grosso do Sul, Ir\u2234 Bento Adriano Monteiro Duailibi, o Delegado Geral, Ir\u2234 Ruy Cesar Barbosa, os Delegados Regionais, IIr\u2234 Alexandre Scheid e Jos\u00e9 de Souza Filho, os Delegados Distritais, , IIr\u2234 Ademir Batista De Oliveira, Jo\u00e3o Vieira Neto e Raul Da Cunha Vieira Filho, al\u00e9m do Secret\u00e1rio de Estado de Meio Ambiente, Desenvolvimento, Ci\u00eancia, Tecnologia e Inova\u00e7\u00e3o, Ir\u2234 Jaime Verruk.<\/p>\n<p>A sess\u00e3o bastante concorrida e contou com a presen\u00e7a de mais de 170 irm\u00e3os. Ap\u00f3s a sess\u00e3o conjunta o governador e sua comitiva foram recepcionados no sal\u00e3o de festas da GLEMS para o \u00c1gape Fraternal juntamente com os irm\u00e3os presentes.<\/p>\n\n","protected":false},"excerpt":{"rendered":"<p>Nesta segunda-feira o Governador do Estado, Eduardo Riedel, esteve presente na sess\u00e3o conjunta realizada pelas lojas Inconfid\u00eancia, N\u00ba 67 e Ac\u00e1ssia Pantaneira, N\u00ba 59, onde teve a oportunidade de proferir uma palestra sobre as a\u00e7\u00f5es do governo para o desenvolvimento do Estado. A sess\u00e3o foi presidida pelo Seren\u00edssimo Gr\u00e3o-Mestre, Ir\u2234 Ademar de Souza Freitas e [&hellip;]<\/p>\n","protected":false},"author":1,"featured_media":9434,"comment_status":"open","ping_status":"open","sticky":false,"template":"","format":"standard","meta":{"footnotes":""},"categories":[55],"tags":[119,61,113,114,86,120,65],"class_list":["post-4219","post","type-post","status-publish","format-standard","has-post-thumbnail","hentry","category-palavra-do-s-g-m","tag-acacia-pantaneira","tag-glems","tag-gob-ms","tag-goms","tag-governo-do-estado-ms","tag-inconfidencia","tag-ms"],"yoast_head":"<!-- This site is optimized with the Yoast SEO plugin v26.3 - https:\/\/yoast.com\/wordpress\/plugins\/seo\/ -->\n<title>GOVERNADOR PARTICIPA DE SESS\u00c3O CONJUNTA REALIZADA NA GRANDE LOJA - GLEMS<\/title>\n<meta name=\"robots\" content=\"index, follow, max-snippet:-1, max-image-preview:large, max-video-preview:-1\" \/>\n<link rel=\"canonical\" href=\"https:\/\/grandelojams.org.br\/es\/governador-realiza-palestra-em-sessao-conjunta-realizada-na-grande-loja\/\" \/>\n<meta property=\"og:locale\" content=\"pt_BR\" \/>\n<meta property=\"og:type\" content=\"article\" \/>\n<meta property=\"og:title\" content=\"GOVERNADOR PARTICIPA DE SESS\u00c3O CONJUNTA REALIZADA NA GRANDE LOJA - GLEMS\" \/>\n<meta property=\"og:description\" content=\"Nesta segunda-feira o Governador do Estado, Eduardo Riedel, esteve presente na sess\u00e3o conjunta realizada pelas lojas Inconfid\u00eancia, N\u00ba 67 e Ac\u00e1ssia Pantaneira, N\u00ba 59, onde teve a oportunidade de proferir uma palestra sobre as a\u00e7\u00f5es do governo para o desenvolvimento do Estado. A sess\u00e3o foi presidida pelo Seren\u00edssimo Gr\u00e3o-Mestre, Ir\u2234 Ademar de Souza Freitas e [&hellip;]\" \/>\n<meta property=\"og:url\" content=\"https:\/\/grandelojams.org.br\/es\/governador-realiza-palestra-em-sessao-conjunta-realizada-na-grande-loja\/\" \/>\n<meta property=\"og:site_name\" content=\"GLEMS\" \/>\n<meta property=\"article:published_time\" content=\"2023-08-16T15:31:19+00:00\" \/>\n<meta property=\"article:modified_time\" content=\"2025-06-20T19:18:18+00:00\" \/>\n<meta property=\"og:image\" content=\"https:\/\/grandelojams.org.br\/es\/wp-content\/uploads\/2023\/08\/WhatsApp-Image-2023-08-16-at-11.24.14-672x372-1.jpeg\" \/>\n\t<meta property=\"og:image:width\" content=\"672\" \/>\n\t<meta property=\"og:image:height\" content=\"372\" \/>\n\t<meta property=\"og:image:type\" content=\"image\/jpeg\" \/>\n<meta name=\"author\" content=\"admin\" \/>\n<meta name=\"twitter:card\" content=\"summary_large_image\" \/>\n<meta name=\"twitter:label1\" content=\"Escrito por\" \/>\n\t<meta name=\"twitter:data1\" content=\"admin\" \/>\n\t<meta name=\"twitter:label2\" content=\"Est. tempo de leitura\" \/>\n\t<meta name=\"twitter:data2\" content=\"2 minutos\" \/>\n<script type=\"application\/ld+json\" class=\"yoast-schema-graph\">{\"@context\":\"https:\/\/schema.org\",\"@graph\":[{\"@type\":\"WebPage\",\"@id\":\"https:\/\/grandelojams.org.br\/es\/governador-realiza-palestra-em-sessao-conjunta-realizada-na-grande-loja\/\",\"url\":\"https:\/\/grandelojams.org.br\/es\/governador-realiza-palestra-em-sessao-conjunta-realizada-na-grande-loja\/\",\"name\":\"GOVERNADOR PARTICIPA DE SESS\u00c3O CONJUNTA REALIZADA NA GRANDE LOJA - GLEMS\",\"isPartOf\":{\"@id\":\"https:\/\/grandelojams.org.br\/es\/#website\"},\"primaryImageOfPage\":{\"@id\":\"https:\/\/grandelojams.org.br\/es\/governador-realiza-palestra-em-sessao-conjunta-realizada-na-grande-loja\/#primaryimage\"},\"image\":{\"@id\":\"https:\/\/grandelojams.org.br\/es\/governador-realiza-palestra-em-sessao-conjunta-realizada-na-grande-loja\/#primaryimage\"},\"thumbnailUrl\":\"https:\/\/grandelojams.org.br\/es\/wp-content\/uploads\/2023\/08\/WhatsApp-Image-2023-08-16-at-11.24.14-672x372-1.jpeg\",\"datePublished\":\"2023-08-16T15:31:19+00:00\",\"dateModified\":\"2025-06-20T19:18:18+00:00\",\"author\":{\"@id\":\"https:\/\/grandelojams.org.br\/es\/#\/schema\/person\/5da1c0de136fe7cc6dea7d22b535752b\"},\"breadcrumb\":{\"@id\":\"https:\/\/grandelojams.org.br\/es\/governador-realiza-palestra-em-sessao-conjunta-realizada-na-grande-loja\/#breadcrumb\"},\"inLanguage\":\"pt-BR\",\"potentialAction\":[{\"@type\":\"ReadAction\",\"target\":[\"https:\/\/grandelojams.org.br\/es\/governador-realiza-palestra-em-sessao-conjunta-realizada-na-grande-loja\/\"]}]},{\"@type\":\"ImageObject\",\"inLanguage\":\"pt-BR\",\"@id\":\"https:\/\/grandelojams.org.br\/es\/governador-realiza-palestra-em-sessao-conjunta-realizada-na-grande-loja\/#primaryimage\",\"url\":\"https:\/\/grandelojams.org.br\/es\/wp-content\/uploads\/2023\/08\/WhatsApp-Image-2023-08-16-at-11.24.14-672x372-1.jpeg\",\"contentUrl\":\"https:\/\/grandelojams.org.br\/es\/wp-content\/uploads\/2023\/08\/WhatsApp-Image-2023-08-16-at-11.24.14-672x372-1.jpeg\",\"width\":672,\"height\":372},{\"@type\":\"BreadcrumbList\",\"@id\":\"https:\/\/grandelojams.org.br\/es\/governador-realiza-palestra-em-sessao-conjunta-realizada-na-grande-loja\/#breadcrumb\",\"itemListElement\":[{\"@type\":\"ListItem\",\"position\":1,\"name\":\"In\u00edcio\",\"item\":\"https:\/\/grandelojams.org.br\/es\/\"},{\"@type\":\"ListItem\",\"position\":2,\"name\":\"GOVERNADOR PARTICIPA DE SESS\u00c3O CONJUNTA REALIZADA NA GRANDE LOJA\"}]},{\"@type\":\"WebSite\",\"@id\":\"https:\/\/grandelojams.org.br\/es\/#website\",\"url\":\"https:\/\/grandelojams.org.br\/es\/\",\"name\":\"GLEMS\",\"description\":\"Grande Loja Ma\u00e7\u00f4nica do Mato Grosso do Sul\",\"potentialAction\":[{\"@type\":\"SearchAction\",\"target\":{\"@type\":\"EntryPoint\",\"urlTemplate\":\"https:\/\/grandelojams.org.br\/es\/?s={search_term_string}\"},\"query-input\":{\"@type\":\"PropertyValueSpecification\",\"valueRequired\":true,\"valueName\":\"search_term_string\"}}],\"inLanguage\":\"pt-BR\"},{\"@type\":\"Person\",\"@id\":\"https:\/\/grandelojams.org.br\/es\/#\/schema\/person\/5da1c0de136fe7cc6dea7d22b535752b\",\"name\":\"admin\",\"image\":{\"@type\":\"ImageObject\",\"inLanguage\":\"pt-BR\",\"@id\":\"https:\/\/grandelojams.org.br\/es\/#\/schema\/person\/image\/\",\"url\":\"https:\/\/secure.gravatar.com\/avatar\/786137a0e890f9b53660f24bf8ec01ff8c644974de881f5aedc68bd0708ea113?s=96&d=mm&r=g\",\"contentUrl\":\"https:\/\/secure.gravatar.com\/avatar\/786137a0e890f9b53660f24bf8ec01ff8c644974de881f5aedc68bd0708ea113?s=96&d=mm&r=g\",\"caption\":\"admin\"},\"sameAs\":[\"https:\/\/mondayde.com.br\/clientes\/template1\"],\"url\":\"https:\/\/grandelojams.org.br\/es\/author\/admin\/\"}]}<\/script>\n<!-- \/ Yoast SEO plugin. -->","yoast_head_json":{"title":"GOVERNADOR PARTICIPA DE SESS\u00c3O CONJUNTA REALIZADA NA GRANDE LOJA - GLEMS","robots":{"index":"index","follow":"follow","max-snippet":"max-snippet:-1","max-image-preview":"max-image-preview:large","max-video-preview":"max-video-preview:-1"},"canonical":"https:\/\/grandelojams.org.br\/es\/governador-realiza-palestra-em-sessao-conjunta-realizada-na-grande-loja\/","og_locale":"pt_BR","og_type":"article","og_title":"GOVERNADOR PARTICIPA DE SESS\u00c3O CONJUNTA REALIZADA NA GRANDE LOJA - GLEMS","og_description":"Nesta segunda-feira o Governador do Estado, Eduardo Riedel, esteve presente na sess\u00e3o conjunta realizada pelas lojas Inconfid\u00eancia, N\u00ba 67 e Ac\u00e1ssia Pantaneira, N\u00ba 59, onde teve a oportunidade de proferir uma palestra sobre as a\u00e7\u00f5es do governo para o desenvolvimento do Estado. A sess\u00e3o foi presidida pelo Seren\u00edssimo Gr\u00e3o-Mestre, Ir\u2234 Ademar de Souza Freitas e [&hellip;]","og_url":"https:\/\/grandelojams.org.br\/es\/governador-realiza-palestra-em-sessao-conjunta-realizada-na-grande-loja\/","og_site_name":"GLEMS","article_published_time":"2023-08-16T15:31:19+00:00","article_modified_time":"2025-06-20T19:18:18+00:00","og_image":[{"width":672,"height":372,"url":"https:\/\/grandelojams.org.br\/es\/wp-content\/uploads\/2023\/08\/WhatsApp-Image-2023-08-16-at-11.24.14-672x372-1.jpeg","type":"image\/jpeg"}],"author":"admin","twitter_card":"summary_large_image","twitter_misc":{"Escrito por":"admin","Est. tempo de leitura":"2 minutos"},"schema":{"@context":"https:\/\/schema.org","@graph":[{"@type":"WebPage","@id":"https:\/\/grandelojams.org.br\/es\/governador-realiza-palestra-em-sessao-conjunta-realizada-na-grande-loja\/","url":"https:\/\/grandelojams.org.br\/es\/governador-realiza-palestra-em-sessao-conjunta-realizada-na-grande-loja\/","name":"GOVERNADOR PARTICIPA DE SESS\u00c3O CONJUNTA REALIZADA NA GRANDE LOJA - GLEMS","isPartOf":{"@id":"https:\/\/grandelojams.org.br\/es\/#website"},"primaryImageOfPage":{"@id":"https:\/\/grandelojams.org.br\/es\/governador-realiza-palestra-em-sessao-conjunta-realizada-na-grande-loja\/#primaryimage"},"image":{"@id":"https:\/\/grandelojams.org.br\/es\/governador-realiza-palestra-em-sessao-conjunta-realizada-na-grande-loja\/#primaryimage"},"thumbnailUrl":"https:\/\/grandelojams.org.br\/es\/wp-content\/uploads\/2023\/08\/WhatsApp-Image-2023-08-16-at-11.24.14-672x372-1.jpeg","datePublished":"2023-08-16T15:31:19+00:00","dateModified":"2025-06-20T19:18:18+00:00","author":{"@id":"https:\/\/grandelojams.org.br\/es\/#\/schema\/person\/5da1c0de136fe7cc6dea7d22b535752b"},"breadcrumb":{"@id":"https:\/\/grandelojams.org.br\/es\/governador-realiza-palestra-em-sessao-conjunta-realizada-na-grande-loja\/#breadcrumb"},"inLanguage":"pt-BR","potentialAction":[{"@type":"ReadAction","target":["https:\/\/grandelojams.org.br\/es\/governador-realiza-palestra-em-sessao-conjunta-realizada-na-grande-loja\/"]}]},{"@type":"ImageObject","inLanguage":"pt-BR","@id":"https:\/\/grandelojams.org.br\/es\/governador-realiza-palestra-em-sessao-conjunta-realizada-na-grande-loja\/#primaryimage","url":"https:\/\/grandelojams.org.br\/es\/wp-content\/uploads\/2023\/08\/WhatsApp-Image-2023-08-16-at-11.24.14-672x372-1.jpeg","contentUrl":"https:\/\/grandelojams.org.br\/es\/wp-content\/uploads\/2023\/08\/WhatsApp-Image-2023-08-16-at-11.24.14-672x372-1.jpeg","width":672,"height":372},{"@type":"BreadcrumbList","@id":"https:\/\/grandelojams.org.br\/es\/governador-realiza-palestra-em-sessao-conjunta-realizada-na-grande-loja\/#breadcrumb","itemListElement":[{"@type":"ListItem","position":1,"name":"In\u00edcio","item":"https:\/\/grandelojams.org.br\/es\/"},{"@type":"ListItem","position":2,"name":"GOVERNADOR PARTICIPA DE SESS\u00c3O CONJUNTA REALIZADA NA GRANDE LOJA"}]},{"@type":"WebSite","@id":"https:\/\/grandelojams.org.br\/es\/#website","url":"https:\/\/grandelojams.org.br\/es\/","name":"GLEMS","description":"Grande Loja Ma\u00e7\u00f4nica do Mato Grosso do Sul","potentialAction":[{"@type":"SearchAction","target":{"@type":"EntryPoint","urlTemplate":"https:\/\/grandelojams.org.br\/es\/?s={search_term_string}"},"query-input":{"@type":"PropertyValueSpecification","valueRequired":true,"valueName":"search_term_string"}}],"inLanguage":"pt-BR"},{"@type":"Person","@id":"https:\/\/grandelojams.org.br\/es\/#\/schema\/person\/5da1c0de136fe7cc6dea7d22b535752b","name":"admin","image":{"@type":"ImageObject","inLanguage":"pt-BR","@id":"https:\/\/grandelojams.org.br\/es\/#\/schema\/person\/image\/","url":"https:\/\/secure.gravatar.com\/avatar\/786137a0e890f9b53660f24bf8ec01ff8c644974de881f5aedc68bd0708ea113?s=96&d=mm&r=g","contentUrl":"https:\/\/secure.gravatar.com\/avatar\/786137a0e890f9b53660f24bf8ec01ff8c644974de881f5aedc68bd0708ea113?s=96&d=mm&r=g","caption":"admin"},"sameAs":["https:\/\/mondayde.com.br\/clientes\/template1"],"url":"https:\/\/grandelojams.org.br\/es\/author\/admin\/"}]}},"_links":{"self":[{"href":"https:\/\/grandelojams.org.br\/es\/wp-json\/wp\/v2\/posts\/4219","targetHints":{"allow":["GET"]}}],"collection":[{"href":"https:\/\/grandelojams.org.br\/es\/wp-json\/wp\/v2\/posts"}],"about":[{"href":"https:\/\/grandelojams.org.br\/es\/wp-json\/wp\/v2\/types\/post"}],"author":[{"embeddable":true,"href":"https:\/\/grandelojams.org.br\/es\/wp-json\/wp\/v2\/users\/1"}],"replies":[{"embeddable":true,"href":"https:\/\/grandelojams.org.br\/es\/wp-json\/wp\/v2\/comments?post=4219"}],"version-history":[{"count":1,"href":"https:\/\/grandelojams.org.br\/es\/wp-json\/wp\/v2\/posts\/4219\/revisions"}],"predecessor-version":[{"id":9445,"href":"https:\/\/grandelojams.org.br\/es\/wp-json\/wp\/v2\/posts\/4219\/revisions\/9445"}],"wp:featuredmedia":[{"embeddable":true,"href":"https:\/\/grandelojams.org.br\/es\/wp-json\/wp\/v2\/media\/9434"}],"wp:attachment":[{"href":"https:\/\/grandelojams.org.br\/es\/wp-json\/wp\/v2\/media?parent=4219"}],"wp:term":[{"taxonomy":"category","embeddable":true,"href":"https:\/\/grandelojams.org.br\/es\/wp-json\/wp\/v2\/categories?post=4219"},{"taxonomy":"post_tag","embeddable":true,"href":"https:\/\/grandelojams.org.br\/es\/wp-json\/wp\/v2\/tags?post=4219"}],"curies":[{"name":"wp","href":"https:\/\/api.w.org\/{rel}","templated":true}]}}