{"id":4210,"date":"2023-08-16T10:11:09","date_gmt":"2023-08-16T13:11:09","guid":{"rendered":"https:\/\/grandelojams.org.br\/?p=4210"},"modified":"2025-06-20T16:18:27","modified_gmt":"2025-06-20T19:18:27","slug":"abertas-as-inscricoes-para-os-encontros-de-negocios-das-fronteiras-brasil-bolivia-e-brasil-paraguay","status":"publish","type":"post","link":"https:\/\/grandelojams.org.br\/es\/abertas-as-inscricoes-para-os-encontros-de-negocios-das-fronteiras-brasil-bolivia-e-brasil-paraguay\/","title":{"rendered":"ABERTAS AS INSCRI\u00c7\u00d5ES PARA OS ENCONTROS DE NEG\u00d3CIOS DAS FRONTEIRAS BRASIL\/BOL\u00cdVIA E BRASIL\/PARAGUAY"},"content":{"rendered":"<p>Est\u00e3o abertas as inscri\u00e7\u00f5es para os irm\u00e3os e cunhadas participarem dos Encontros de Neg\u00f3cios das Fronteiras Brasil\/ Bol\u00edvia e Brasil\/Paraguai\u201d.<\/p>\n<p>O primeiro Encontro de Neg\u00f3cios acontecer\u00e1 nos dias 08 e 09 de setembro de 2023, em Corumb\u00e1, no Centro de Conven\u00e7\u00f5es. O tema em pauta nessa edi\u00e7\u00e3o ser\u00e1 o potencial econ\u00f4mico e as oportunidades de neg\u00f3cios que surgir\u00e3o com a implanta\u00e7\u00e3o do novo Porto Seco, naquela regi\u00e3o.<\/p>\n<p>Dentro da programa\u00e7\u00e3o, est\u00e3o previstas v\u00e1rias palestras, al\u00e9m de exposi\u00e7\u00f5es, apresenta\u00e7\u00f5es culturais e rodada de neg\u00f3cios.<\/p>\n<p>O evento est\u00e1 sendo organizado pela Grande Loja Ma\u00e7\u00f4nica do Estado de Mato Grosso do Sul, em parceria com a Gran Log\u00eda Simb\u00f3lica da Bolivia.<\/p>\n<p>No dia 09 de setembro, a partir das 20:00 horas, ser\u00e1 realizado o jantar de gala de encerramento do Encontro,\u00a0 no Hotel Nacional Palace, em Corumb\u00e1. Os convites para o jantar j\u00e1 est\u00e3o dispon\u00edveis para venda, no valor individual de R$ 100,00 (bebidas inclu\u00eddas).<\/p>\n<p>J\u00e1 o segundo Encontro de Neg\u00f3cios,\u00a0 acontecer\u00e1 nos dias 15 e 16 de setembro de 2023, em Ponta Por\u00e3, no Majestic Hall Eventos. J\u00e1 est\u00e1 confirmada a presen\u00e7a do Governador do Estado de Mato Grosso do Sul, Eduardo Riedel, que proferir\u00e1 a palestra inaugural, no dia 15, as 8:00 horas. O tema a ser abordado pelo Governador ser\u00e1 a \u201cImplanta\u00e7\u00e3o da Rota Bioce\u00e2nica\u201d, com todos os impactos esperados na economia da regi\u00e3o da fronteira Brasil\/Paraguai, bem como ao longo da rodovia.<\/p>\n<p>Al\u00e9m dos impactos da implanta\u00e7\u00e3o da Rota Bioce\u00e2nica, o foco principal do Encontro \u00e9 aproximar a classe empresarial e os produtores rurais da fronteira Brasil \/Paraguai e adjac\u00eancias, para interc\u00e2mbio de informa\u00e7\u00f5es, divulga\u00e7\u00e3o de produtos, servi\u00e7os e tecnologia, visando fomentar o com\u00e9rcio em geral, o agroneg\u00f3cio e o turismo na regi\u00e3o.<\/p>\n<p>Tal Encontro est\u00e1 sendo promovido pela Grande Loja Ma\u00e7\u00f4nica do Estado de Mato Grosso do Sul, em parceria com a Gran Logia Simb\u00f3lica del Paraguay. Assim como em Corumb\u00e1, esse Encontro \u00e9 aberto ao p\u00fablico em geral, voltado especialmente \u00e0 classe empresarial, empreendedores, produtores rurais, consumidores e estudantes.<\/p>\n<p>O encerramento do evento acontecer\u00e1 no s\u00e1bado \u00e0 noite, dia 16, \u00e0s 20 horas, com um jantar de gala, no Majestic Hall Eventos, em Ponta Por\u00e3. Os convites para o jantar j\u00e1 est\u00e3o dispon\u00edveis para venda, no valor individual de R$ 120,00 (bebidas inclu\u00eddas).<\/p>\n<p><u>Informa\u00e7\u00f5es gerais<\/u>:<\/p>\n<p>Para a aquisi\u00e7\u00e3o de convites para o jantar de gala de ambos os Encontros de Neg\u00f3cios, o interessado deve entrar em contato com a organiza\u00e7\u00e3o do evento, pelos telefones: \u00a0+ 55 67 98158-5766 ou + 55 67 99971-8623.<\/p>\n<p>Para receber o\u00a0 certificado de participa\u00e7\u00e3o nos Encontros de Neg\u00f3cios, os interessados dever\u00e3o providenciar a sua inscri\u00e7\u00e3o. N\u00e3o haver\u00e1 custo para a emiss\u00e3o dos certificados de participa\u00e7\u00e3o nos Encontros. A inscri\u00e7\u00e3o \u00e9 gratuita. Para fazer \u00e9 s\u00f3 acessar os links abaixo:<\/p>\n<p><img fetchpriority=\"high\" decoding=\"async\" class=\"size-medium wp-image-4213 aligncenter\" src=\"https:\/\/grandelojams.org.br\/wp-content\/uploads\/2023\/08\/logo-Bolivia-300x226.png\" alt=\"\" width=\"300\" height=\"226\" \/><\/p>\n<p>Link para inscri\u00e7\u00e3o no Encontro de Neg\u00f3cios da Fronteira Brasil \/Bol\u00edvia \u2013 Dias 08 e 09 de setembro em Corumb\u00e1:\u00a0 \u00a0<a href=\"https:\/\/forms.gle\/nGJptJ5rBYKYepwQ6\">CLICK AQUI E FA\u00c7A SUA INSCRI\u00c7\u00c3O<\/a><\/p>\n<p><img decoding=\"async\" class=\"size-medium wp-image-4214 aligncenter\" src=\"https:\/\/grandelojams.org.br\/wp-content\/uploads\/2023\/08\/logo-Paraguay-300x234.png\" alt=\"\" width=\"300\" height=\"234\" \/><\/p>\n<p>Link para inscri\u00e7\u00e3o no Encontro de Neg\u00f3cios da Fronteira Brasil \/Paraguay \u2013 Dias 15 e 16 de setembro em Ponta Por\u00e3:\u00a0<a href=\"https:\/\/forms.gle\/xG9mz6q3rB3nfbRV6\">CLICK AQUI E FA\u00c7A SUA INSCRI\u00c7\u00c3O<\/a><\/p>\n","protected":false},"excerpt":{"rendered":"<p>Est\u00e3o abertas as inscri\u00e7\u00f5es para os irm\u00e3os e cunhadas participarem dos Encontros de Neg\u00f3cios das Fronteiras Brasil\/ Bol\u00edvia e Brasil\/Paraguai\u201d. O primeiro Encontro de Neg\u00f3cios acontecer\u00e1 nos dias 08 e 09 de setembro de 2023, em Corumb\u00e1, no Centro de Conven\u00e7\u00f5es. O tema em pauta nessa edi\u00e7\u00e3o ser\u00e1 o potencial econ\u00f4mico e as oportunidades de [&hellip;]<\/p>\n","protected":false},"author":1,"featured_media":9433,"comment_status":"open","ping_status":"open","sticky":false,"template":"","format":"standard","meta":{"footnotes":""},"categories":[56],"tags":[74,75,118,85,61,68,65,76],"class_list":["post-4210","post","type-post","status-publish","format-standard","has-post-thumbnail","hentry","category-noticias","tag-corumba","tag-encontro-de-negocios","tag-fronteira-brasil-paraguay","tag-fronteira-brasil-bolivia","tag-glems","tag-maconaria","tag-ms","tag-ponta-pora"],"yoast_head":"<!-- This site is optimized with the Yoast SEO plugin v26.3 - https:\/\/yoast.com\/wordpress\/plugins\/seo\/ -->\n<title>ABERTAS AS INSCRI\u00c7\u00d5ES PARA OS ENCONTROS DE NEG\u00d3CIOS DAS FRONTEIRAS BRASIL\/BOL\u00cdVIA E BRASIL\/PARAGUAY - GLEMS<\/title>\n<meta name=\"robots\" content=\"index, follow, max-snippet:-1, max-image-preview:large, max-video-preview:-1\" \/>\n<link rel=\"canonical\" href=\"https:\/\/grandelojams.org.br\/es\/abertas-as-inscricoes-para-os-encontros-de-negocios-das-fronteiras-brasil-bolivia-e-brasil-paraguay\/\" \/>\n<meta property=\"og:locale\" content=\"pt_BR\" \/>\n<meta property=\"og:type\" content=\"article\" \/>\n<meta property=\"og:title\" content=\"ABERTAS AS INSCRI\u00c7\u00d5ES PARA OS ENCONTROS DE NEG\u00d3CIOS DAS FRONTEIRAS BRASIL\/BOL\u00cdVIA E BRASIL\/PARAGUAY - GLEMS\" \/>\n<meta property=\"og:description\" content=\"Est\u00e3o abertas as inscri\u00e7\u00f5es para os irm\u00e3os e cunhadas participarem dos Encontros de Neg\u00f3cios das Fronteiras Brasil\/ Bol\u00edvia e Brasil\/Paraguai\u201d. O primeiro Encontro de Neg\u00f3cios acontecer\u00e1 nos dias 08 e 09 de setembro de 2023, em Corumb\u00e1, no Centro de Conven\u00e7\u00f5es. O tema em pauta nessa edi\u00e7\u00e3o ser\u00e1 o potencial econ\u00f4mico e as oportunidades de [&hellip;]\" \/>\n<meta property=\"og:url\" content=\"https:\/\/grandelojams.org.br\/es\/abertas-as-inscricoes-para-os-encontros-de-negocios-das-fronteiras-brasil-bolivia-e-brasil-paraguay\/\" \/>\n<meta property=\"og:site_name\" content=\"GLEMS\" \/>\n<meta property=\"article:published_time\" content=\"2023-08-16T13:11:09+00:00\" \/>\n<meta property=\"article:modified_time\" content=\"2025-06-20T19:18:27+00:00\" \/>\n<meta property=\"og:image\" content=\"https:\/\/grandelojams.org.br\/es\/wp-content\/uploads\/2023\/08\/Arte-1-672x372-1.jpeg\" \/>\n\t<meta property=\"og:image:width\" content=\"672\" \/>\n\t<meta property=\"og:image:height\" content=\"372\" \/>\n\t<meta property=\"og:image:type\" content=\"image\/jpeg\" \/>\n<meta name=\"author\" content=\"admin\" \/>\n<meta name=\"twitter:card\" content=\"summary_large_image\" \/>\n<meta name=\"twitter:label1\" content=\"Escrito por\" \/>\n\t<meta name=\"twitter:data1\" content=\"admin\" \/>\n\t<meta name=\"twitter:label2\" content=\"Est. tempo de leitura\" \/>\n\t<meta name=\"twitter:data2\" content=\"4 minutos\" \/>\n<script type=\"application\/ld+json\" class=\"yoast-schema-graph\">{\"@context\":\"https:\/\/schema.org\",\"@graph\":[{\"@type\":\"WebPage\",\"@id\":\"https:\/\/grandelojams.org.br\/es\/abertas-as-inscricoes-para-os-encontros-de-negocios-das-fronteiras-brasil-bolivia-e-brasil-paraguay\/\",\"url\":\"https:\/\/grandelojams.org.br\/es\/abertas-as-inscricoes-para-os-encontros-de-negocios-das-fronteiras-brasil-bolivia-e-brasil-paraguay\/\",\"name\":\"ABERTAS AS INSCRI\u00c7\u00d5ES PARA OS ENCONTROS DE NEG\u00d3CIOS DAS FRONTEIRAS BRASIL\/BOL\u00cdVIA E BRASIL\/PARAGUAY - GLEMS\",\"isPartOf\":{\"@id\":\"https:\/\/grandelojams.org.br\/es\/#website\"},\"primaryImageOfPage\":{\"@id\":\"https:\/\/grandelojams.org.br\/es\/abertas-as-inscricoes-para-os-encontros-de-negocios-das-fronteiras-brasil-bolivia-e-brasil-paraguay\/#primaryimage\"},\"image\":{\"@id\":\"https:\/\/grandelojams.org.br\/es\/abertas-as-inscricoes-para-os-encontros-de-negocios-das-fronteiras-brasil-bolivia-e-brasil-paraguay\/#primaryimage\"},\"thumbnailUrl\":\"https:\/\/grandelojams.org.br\/es\/wp-content\/uploads\/2023\/08\/Arte-1-672x372-1.jpeg\",\"datePublished\":\"2023-08-16T13:11:09+00:00\",\"dateModified\":\"2025-06-20T19:18:27+00:00\",\"author\":{\"@id\":\"https:\/\/grandelojams.org.br\/es\/#\/schema\/person\/5da1c0de136fe7cc6dea7d22b535752b\"},\"breadcrumb\":{\"@id\":\"https:\/\/grandelojams.org.br\/es\/abertas-as-inscricoes-para-os-encontros-de-negocios-das-fronteiras-brasil-bolivia-e-brasil-paraguay\/#breadcrumb\"},\"inLanguage\":\"pt-BR\",\"potentialAction\":[{\"@type\":\"ReadAction\",\"target\":[\"https:\/\/grandelojams.org.br\/es\/abertas-as-inscricoes-para-os-encontros-de-negocios-das-fronteiras-brasil-bolivia-e-brasil-paraguay\/\"]}]},{\"@type\":\"ImageObject\",\"inLanguage\":\"pt-BR\",\"@id\":\"https:\/\/grandelojams.org.br\/es\/abertas-as-inscricoes-para-os-encontros-de-negocios-das-fronteiras-brasil-bolivia-e-brasil-paraguay\/#primaryimage\",\"url\":\"https:\/\/grandelojams.org.br\/es\/wp-content\/uploads\/2023\/08\/Arte-1-672x372-1.jpeg\",\"contentUrl\":\"https:\/\/grandelojams.org.br\/es\/wp-content\/uploads\/2023\/08\/Arte-1-672x372-1.jpeg\",\"width\":672,\"height\":372},{\"@type\":\"BreadcrumbList\",\"@id\":\"https:\/\/grandelojams.org.br\/es\/abertas-as-inscricoes-para-os-encontros-de-negocios-das-fronteiras-brasil-bolivia-e-brasil-paraguay\/#breadcrumb\",\"itemListElement\":[{\"@type\":\"ListItem\",\"position\":1,\"name\":\"In\u00edcio\",\"item\":\"https:\/\/grandelojams.org.br\/es\/\"},{\"@type\":\"ListItem\",\"position\":2,\"name\":\"ABERTAS AS INSCRI\u00c7\u00d5ES PARA OS ENCONTROS DE NEG\u00d3CIOS DAS FRONTEIRAS BRASIL\/BOL\u00cdVIA E BRASIL\/PARAGUAY\"}]},{\"@type\":\"WebSite\",\"@id\":\"https:\/\/grandelojams.org.br\/es\/#website\",\"url\":\"https:\/\/grandelojams.org.br\/es\/\",\"name\":\"GLEMS\",\"description\":\"Grande Loja Ma\u00e7\u00f4nica do Mato Grosso do Sul\",\"potentialAction\":[{\"@type\":\"SearchAction\",\"target\":{\"@type\":\"EntryPoint\",\"urlTemplate\":\"https:\/\/grandelojams.org.br\/es\/?s={search_term_string}\"},\"query-input\":{\"@type\":\"PropertyValueSpecification\",\"valueRequired\":true,\"valueName\":\"search_term_string\"}}],\"inLanguage\":\"pt-BR\"},{\"@type\":\"Person\",\"@id\":\"https:\/\/grandelojams.org.br\/es\/#\/schema\/person\/5da1c0de136fe7cc6dea7d22b535752b\",\"name\":\"admin\",\"image\":{\"@type\":\"ImageObject\",\"inLanguage\":\"pt-BR\",\"@id\":\"https:\/\/grandelojams.org.br\/es\/#\/schema\/person\/image\/\",\"url\":\"https:\/\/secure.gravatar.com\/avatar\/786137a0e890f9b53660f24bf8ec01ff8c644974de881f5aedc68bd0708ea113?s=96&d=mm&r=g\",\"contentUrl\":\"https:\/\/secure.gravatar.com\/avatar\/786137a0e890f9b53660f24bf8ec01ff8c644974de881f5aedc68bd0708ea113?s=96&d=mm&r=g\",\"caption\":\"admin\"},\"sameAs\":[\"https:\/\/mondayde.com.br\/clientes\/template1\"],\"url\":\"https:\/\/grandelojams.org.br\/es\/author\/admin\/\"}]}<\/script>\n<!-- \/ Yoast SEO plugin. -->","yoast_head_json":{"title":"ABERTAS AS INSCRI\u00c7\u00d5ES PARA OS ENCONTROS DE NEG\u00d3CIOS DAS FRONTEIRAS BRASIL\/BOL\u00cdVIA E BRASIL\/PARAGUAY - GLEMS","robots":{"index":"index","follow":"follow","max-snippet":"max-snippet:-1","max-image-preview":"max-image-preview:large","max-video-preview":"max-video-preview:-1"},"canonical":"https:\/\/grandelojams.org.br\/es\/abertas-as-inscricoes-para-os-encontros-de-negocios-das-fronteiras-brasil-bolivia-e-brasil-paraguay\/","og_locale":"pt_BR","og_type":"article","og_title":"ABERTAS AS INSCRI\u00c7\u00d5ES PARA OS ENCONTROS DE NEG\u00d3CIOS DAS FRONTEIRAS BRASIL\/BOL\u00cdVIA E BRASIL\/PARAGUAY - GLEMS","og_description":"Est\u00e3o abertas as inscri\u00e7\u00f5es para os irm\u00e3os e cunhadas participarem dos Encontros de Neg\u00f3cios das Fronteiras Brasil\/ Bol\u00edvia e Brasil\/Paraguai\u201d. O primeiro Encontro de Neg\u00f3cios acontecer\u00e1 nos dias 08 e 09 de setembro de 2023, em Corumb\u00e1, no Centro de Conven\u00e7\u00f5es. O tema em pauta nessa edi\u00e7\u00e3o ser\u00e1 o potencial econ\u00f4mico e as oportunidades de [&hellip;]","og_url":"https:\/\/grandelojams.org.br\/es\/abertas-as-inscricoes-para-os-encontros-de-negocios-das-fronteiras-brasil-bolivia-e-brasil-paraguay\/","og_site_name":"GLEMS","article_published_time":"2023-08-16T13:11:09+00:00","article_modified_time":"2025-06-20T19:18:27+00:00","og_image":[{"width":672,"height":372,"url":"https:\/\/grandelojams.org.br\/es\/wp-content\/uploads\/2023\/08\/Arte-1-672x372-1.jpeg","type":"image\/jpeg"}],"author":"admin","twitter_card":"summary_large_image","twitter_misc":{"Escrito por":"admin","Est. tempo de leitura":"4 minutos"},"schema":{"@context":"https:\/\/schema.org","@graph":[{"@type":"WebPage","@id":"https:\/\/grandelojams.org.br\/es\/abertas-as-inscricoes-para-os-encontros-de-negocios-das-fronteiras-brasil-bolivia-e-brasil-paraguay\/","url":"https:\/\/grandelojams.org.br\/es\/abertas-as-inscricoes-para-os-encontros-de-negocios-das-fronteiras-brasil-bolivia-e-brasil-paraguay\/","name":"ABERTAS AS INSCRI\u00c7\u00d5ES PARA OS ENCONTROS DE NEG\u00d3CIOS DAS FRONTEIRAS BRASIL\/BOL\u00cdVIA E BRASIL\/PARAGUAY - GLEMS","isPartOf":{"@id":"https:\/\/grandelojams.org.br\/es\/#website"},"primaryImageOfPage":{"@id":"https:\/\/grandelojams.org.br\/es\/abertas-as-inscricoes-para-os-encontros-de-negocios-das-fronteiras-brasil-bolivia-e-brasil-paraguay\/#primaryimage"},"image":{"@id":"https:\/\/grandelojams.org.br\/es\/abertas-as-inscricoes-para-os-encontros-de-negocios-das-fronteiras-brasil-bolivia-e-brasil-paraguay\/#primaryimage"},"thumbnailUrl":"https:\/\/grandelojams.org.br\/es\/wp-content\/uploads\/2023\/08\/Arte-1-672x372-1.jpeg","datePublished":"2023-08-16T13:11:09+00:00","dateModified":"2025-06-20T19:18:27+00:00","author":{"@id":"https:\/\/grandelojams.org.br\/es\/#\/schema\/person\/5da1c0de136fe7cc6dea7d22b535752b"},"breadcrumb":{"@id":"https:\/\/grandelojams.org.br\/es\/abertas-as-inscricoes-para-os-encontros-de-negocios-das-fronteiras-brasil-bolivia-e-brasil-paraguay\/#breadcrumb"},"inLanguage":"pt-BR","potentialAction":[{"@type":"ReadAction","target":["https:\/\/grandelojams.org.br\/es\/abertas-as-inscricoes-para-os-encontros-de-negocios-das-fronteiras-brasil-bolivia-e-brasil-paraguay\/"]}]},{"@type":"ImageObject","inLanguage":"pt-BR","@id":"https:\/\/grandelojams.org.br\/es\/abertas-as-inscricoes-para-os-encontros-de-negocios-das-fronteiras-brasil-bolivia-e-brasil-paraguay\/#primaryimage","url":"https:\/\/grandelojams.org.br\/es\/wp-content\/uploads\/2023\/08\/Arte-1-672x372-1.jpeg","contentUrl":"https:\/\/grandelojams.org.br\/es\/wp-content\/uploads\/2023\/08\/Arte-1-672x372-1.jpeg","width":672,"height":372},{"@type":"BreadcrumbList","@id":"https:\/\/grandelojams.org.br\/es\/abertas-as-inscricoes-para-os-encontros-de-negocios-das-fronteiras-brasil-bolivia-e-brasil-paraguay\/#breadcrumb","itemListElement":[{"@type":"ListItem","position":1,"name":"In\u00edcio","item":"https:\/\/grandelojams.org.br\/es\/"},{"@type":"ListItem","position":2,"name":"ABERTAS AS INSCRI\u00c7\u00d5ES PARA OS ENCONTROS DE NEG\u00d3CIOS DAS FRONTEIRAS BRASIL\/BOL\u00cdVIA E BRASIL\/PARAGUAY"}]},{"@type":"WebSite","@id":"https:\/\/grandelojams.org.br\/es\/#website","url":"https:\/\/grandelojams.org.br\/es\/","name":"GLEMS","description":"Grande Loja Ma\u00e7\u00f4nica do Mato Grosso do Sul","potentialAction":[{"@type":"SearchAction","target":{"@type":"EntryPoint","urlTemplate":"https:\/\/grandelojams.org.br\/es\/?s={search_term_string}"},"query-input":{"@type":"PropertyValueSpecification","valueRequired":true,"valueName":"search_term_string"}}],"inLanguage":"pt-BR"},{"@type":"Person","@id":"https:\/\/grandelojams.org.br\/es\/#\/schema\/person\/5da1c0de136fe7cc6dea7d22b535752b","name":"admin","image":{"@type":"ImageObject","inLanguage":"pt-BR","@id":"https:\/\/grandelojams.org.br\/es\/#\/schema\/person\/image\/","url":"https:\/\/secure.gravatar.com\/avatar\/786137a0e890f9b53660f24bf8ec01ff8c644974de881f5aedc68bd0708ea113?s=96&d=mm&r=g","contentUrl":"https:\/\/secure.gravatar.com\/avatar\/786137a0e890f9b53660f24bf8ec01ff8c644974de881f5aedc68bd0708ea113?s=96&d=mm&r=g","caption":"admin"},"sameAs":["https:\/\/mondayde.com.br\/clientes\/template1"],"url":"https:\/\/grandelojams.org.br\/es\/author\/admin\/"}]}},"_links":{"self":[{"href":"https:\/\/grandelojams.org.br\/es\/wp-json\/wp\/v2\/posts\/4210","targetHints":{"allow":["GET"]}}],"collection":[{"href":"https:\/\/grandelojams.org.br\/es\/wp-json\/wp\/v2\/posts"}],"about":[{"href":"https:\/\/grandelojams.org.br\/es\/wp-json\/wp\/v2\/types\/post"}],"author":[{"embeddable":true,"href":"https:\/\/grandelojams.org.br\/es\/wp-json\/wp\/v2\/users\/1"}],"replies":[{"embeddable":true,"href":"https:\/\/grandelojams.org.br\/es\/wp-json\/wp\/v2\/comments?post=4210"}],"version-history":[{"count":1,"href":"https:\/\/grandelojams.org.br\/es\/wp-json\/wp\/v2\/posts\/4210\/revisions"}],"predecessor-version":[{"id":9446,"href":"https:\/\/grandelojams.org.br\/es\/wp-json\/wp\/v2\/posts\/4210\/revisions\/9446"}],"wp:featuredmedia":[{"embeddable":true,"href":"https:\/\/grandelojams.org.br\/es\/wp-json\/wp\/v2\/media\/9433"}],"wp:attachment":[{"href":"https:\/\/grandelojams.org.br\/es\/wp-json\/wp\/v2\/media?parent=4210"}],"wp:term":[{"taxonomy":"category","embeddable":true,"href":"https:\/\/grandelojams.org.br\/es\/wp-json\/wp\/v2\/categories?post=4210"},{"taxonomy":"post_tag","embeddable":true,"href":"https:\/\/grandelojams.org.br\/es\/wp-json\/wp\/v2\/tags?post=4210"}],"curies":[{"name":"wp","href":"https:\/\/api.w.org\/{rel}","templated":true}]}}