{"id":4189,"date":"2023-08-13T09:49:42","date_gmt":"2023-08-13T12:49:42","guid":{"rendered":"https:\/\/grandelojams.org.br\/?p=4189"},"modified":"2025-06-20T16:18:51","modified_gmt":"2025-06-20T19:18:51","slug":"grao-mestre-participa-da-expomasonica-internacional-em-ciudad-del-este","status":"publish","type":"post","link":"https:\/\/grandelojams.org.br\/es\/grao-mestre-participa-da-expomasonica-internacional-em-ciudad-del-este\/","title":{"rendered":"GR\u00c3O-MESTRE PARTICIPA DA EXPOMAS\u00d3NICA INTERNACIONAL EM CIUDAD DEL ESTE"},"content":{"rendered":"<p>O Seren\u00edssimo Gr\u00e3o-mestre, Ir\u2234 Ademar de Souza Freitas esteve neste final de semana em Ciudad del Este, capital do departamento do Alto Paran\u00e1, no Paraguai, participando da Expomas\u00f3nica Internacional\/Regional 2023, evento promovido pela Gran Logia Simb\u00f3lica del Paraguay.<\/p>\n<p>Na Exposi\u00e7\u00e3o que foi prestigiada por diversas autoridades ma\u00e7\u00f4nicas do Brasil e do Paraguay. O Ir\u2234 Ademar foi recepcionado pelo anfitri\u00e3o do evento, o Gr\u00e3o-Mestre da Gran Logia do Paraguay, Ir\u2234 Jose Fernandez Zacur<\/p>\n<p><img fetchpriority=\"high\" decoding=\"async\" class=\" wp-image-4195 aligncenter\" src=\"https:\/\/grandelojams.org.br\/wp-content\/uploads\/2023\/08\/WhatsApp-Image-2023-08-12-at-13.09.30-300x135.jpeg\" alt=\"\" width=\"407\" height=\"183\" \/><\/p>\n<p>O Seren\u00edssimo aproveitou o momento para divulgar o I Encontro de Neg\u00f3cios da Fronteira Brasil \/ Paraguay e o I Encontro de Neg\u00f3cios da Fronteira Brasil \/ Bol\u00edvia, que acontecem no pr\u00f3ximo m\u00eas de setembro, e que j\u00e1 tem presen\u00e7a confirmada de diversas autoridades ma\u00e7\u00f4nicas e pol\u00edticas de nosso Estado, dentre estas o governador do Mato Grosso do Sul, Eduardo Riedel, que em Ponta Por\u00e3 dar\u00e1 uma palestra sobre as oportunidades de neg\u00f3cios e empreendimentos com a implanta\u00e7\u00e3o da Rota Bioce\u00e2nica.<\/p>\n<p><img decoding=\"async\" class=\"size-medium wp-image-4190 aligncenter\" src=\"https:\/\/grandelojams.org.br\/wp-content\/uploads\/2023\/08\/Encontro-300x291.jpeg\" alt=\"\" width=\"300\" height=\"291\" \/><\/p>\n<p>Durante a exposi\u00e7\u00e3o, o Gr\u00e3o-Mestre encontrou-se com o famoso goleiro paraguaio, Jos\u00e9 Luis F\u00e9lix Chilavert Gonz\u00e1lez, mais conhecido como Chilavert, que fez hist\u00f3ria no futebol mundial com belas defesas, esp\u00edrito de lideran\u00e7a e principalmente pela habilidade que tinha nas cobran\u00e7as de faltas e p\u00eanaltis.<\/p>\n<p><img decoding=\"async\" class=\" wp-image-4198 aligncenter\" src=\"https:\/\/grandelojams.org.br\/wp-content\/uploads\/2023\/08\/WhatsApp-Image-2023-08-13-at-08.44.57-169x300.jpeg\" alt=\"\" width=\"209\" height=\"371\" \/><\/p>\n<p>\u201cEssa foi uma excelente oportunidade para divulgarmos os encontros de neg\u00f3cios que estaremos promovendo no m\u00eas de setembro, em Corumb\u00e1 e em Ponta Por\u00e3, em parceria com as Grandes Lojas Ma\u00e7\u00f4nicas da Bol\u00edvia e do Paraguai. Confirmamos a presen\u00e7a de v\u00e1rias autoridades e expositores do Paraguai e do Brasil, nos nossos dois encontros de neg\u00f3cios. Acreditamos que tais encontros v\u00e3o ficar na hist\u00f3ria de nossa Grande Loja e que ser\u00e3o de grande import\u00e2ncia para o nosso Estado e para a classe empresarial dos tr\u00eas pa\u00edses envolvidos\u201d, ressaltou o Gr\u00e3o-Mestre.<\/p>\n<p>Al\u00e9m do Governo do Estado, o evento conta ainda com a parceria da Fecom\u00e9rcio MS, do Sebrae e das prefeituras de Ponta Por\u00e3 e Dourados.<\/p>\n\n","protected":false},"excerpt":{"rendered":"<p>O Seren\u00edssimo Gr\u00e3o-mestre, Ir\u2234 Ademar de Souza Freitas esteve neste final de semana em Ciudad del Este, capital do departamento do Alto Paran\u00e1, no Paraguai, participando da Expomas\u00f3nica Internacional\/Regional 2023, evento promovido pela Gran Logia Simb\u00f3lica del Paraguay. Na Exposi\u00e7\u00e3o que foi prestigiada por diversas autoridades ma\u00e7\u00f4nicas do Brasil e do Paraguay. O Ir\u2234 Ademar [&hellip;]<\/p>\n","protected":false},"author":1,"featured_media":9432,"comment_status":"open","ping_status":"open","sticky":false,"template":"","format":"standard","meta":{"footnotes":""},"categories":[55],"tags":[],"class_list":["post-4189","post","type-post","status-publish","format-standard","has-post-thumbnail","hentry","category-palavra-do-s-g-m"],"yoast_head":"<!-- This site is optimized with the Yoast SEO plugin v26.3 - https:\/\/yoast.com\/wordpress\/plugins\/seo\/ -->\n<title>GR\u00c3O-MESTRE PARTICIPA DA EXPOMAS\u00d3NICA INTERNACIONAL EM CIUDAD DEL ESTE - GLEMS<\/title>\n<meta name=\"robots\" content=\"index, follow, max-snippet:-1, max-image-preview:large, max-video-preview:-1\" \/>\n<link rel=\"canonical\" href=\"https:\/\/grandelojams.org.br\/es\/grao-mestre-participa-da-expomasonica-internacional-em-ciudad-del-este\/\" \/>\n<meta property=\"og:locale\" content=\"pt_BR\" \/>\n<meta property=\"og:type\" content=\"article\" \/>\n<meta property=\"og:title\" content=\"GR\u00c3O-MESTRE PARTICIPA DA EXPOMAS\u00d3NICA INTERNACIONAL EM CIUDAD DEL ESTE - GLEMS\" \/>\n<meta property=\"og:description\" content=\"O Seren\u00edssimo Gr\u00e3o-mestre, Ir\u2234 Ademar de Souza Freitas esteve neste final de semana em Ciudad del Este, capital do departamento do Alto Paran\u00e1, no Paraguai, participando da Expomas\u00f3nica Internacional\/Regional 2023, evento promovido pela Gran Logia Simb\u00f3lica del Paraguay. Na Exposi\u00e7\u00e3o que foi prestigiada por diversas autoridades ma\u00e7\u00f4nicas do Brasil e do Paraguay. O Ir\u2234 Ademar [&hellip;]\" \/>\n<meta property=\"og:url\" content=\"https:\/\/grandelojams.org.br\/es\/grao-mestre-participa-da-expomasonica-internacional-em-ciudad-del-este\/\" \/>\n<meta property=\"og:site_name\" content=\"GLEMS\" \/>\n<meta property=\"article:published_time\" content=\"2023-08-13T12:49:42+00:00\" \/>\n<meta property=\"article:modified_time\" content=\"2025-06-20T19:18:51+00:00\" \/>\n<meta property=\"og:image\" content=\"https:\/\/grandelojams.org.br\/es\/wp-content\/uploads\/2023\/08\/WhatsApp-Image-2023-08-12-at-13.08.43-672x372-1.jpeg\" \/>\n\t<meta property=\"og:image:width\" content=\"672\" \/>\n\t<meta property=\"og:image:height\" content=\"372\" \/>\n\t<meta property=\"og:image:type\" content=\"image\/jpeg\" \/>\n<meta name=\"author\" content=\"admin\" \/>\n<meta name=\"twitter:card\" content=\"summary_large_image\" \/>\n<meta name=\"twitter:label1\" content=\"Escrito por\" \/>\n\t<meta name=\"twitter:data1\" content=\"admin\" \/>\n\t<meta name=\"twitter:label2\" content=\"Est. tempo de leitura\" \/>\n\t<meta name=\"twitter:data2\" content=\"3 minutos\" \/>\n<script type=\"application\/ld+json\" class=\"yoast-schema-graph\">{\"@context\":\"https:\/\/schema.org\",\"@graph\":[{\"@type\":\"WebPage\",\"@id\":\"https:\/\/grandelojams.org.br\/es\/grao-mestre-participa-da-expomasonica-internacional-em-ciudad-del-este\/\",\"url\":\"https:\/\/grandelojams.org.br\/es\/grao-mestre-participa-da-expomasonica-internacional-em-ciudad-del-este\/\",\"name\":\"GR\u00c3O-MESTRE PARTICIPA DA EXPOMAS\u00d3NICA INTERNACIONAL EM CIUDAD DEL ESTE - GLEMS\",\"isPartOf\":{\"@id\":\"https:\/\/grandelojams.org.br\/es\/#website\"},\"primaryImageOfPage\":{\"@id\":\"https:\/\/grandelojams.org.br\/es\/grao-mestre-participa-da-expomasonica-internacional-em-ciudad-del-este\/#primaryimage\"},\"image\":{\"@id\":\"https:\/\/grandelojams.org.br\/es\/grao-mestre-participa-da-expomasonica-internacional-em-ciudad-del-este\/#primaryimage\"},\"thumbnailUrl\":\"https:\/\/grandelojams.org.br\/es\/wp-content\/uploads\/2023\/08\/WhatsApp-Image-2023-08-12-at-13.08.43-672x372-1.jpeg\",\"datePublished\":\"2023-08-13T12:49:42+00:00\",\"dateModified\":\"2025-06-20T19:18:51+00:00\",\"author\":{\"@id\":\"https:\/\/grandelojams.org.br\/es\/#\/schema\/person\/5da1c0de136fe7cc6dea7d22b535752b\"},\"breadcrumb\":{\"@id\":\"https:\/\/grandelojams.org.br\/es\/grao-mestre-participa-da-expomasonica-internacional-em-ciudad-del-este\/#breadcrumb\"},\"inLanguage\":\"pt-BR\",\"potentialAction\":[{\"@type\":\"ReadAction\",\"target\":[\"https:\/\/grandelojams.org.br\/es\/grao-mestre-participa-da-expomasonica-internacional-em-ciudad-del-este\/\"]}]},{\"@type\":\"ImageObject\",\"inLanguage\":\"pt-BR\",\"@id\":\"https:\/\/grandelojams.org.br\/es\/grao-mestre-participa-da-expomasonica-internacional-em-ciudad-del-este\/#primaryimage\",\"url\":\"https:\/\/grandelojams.org.br\/es\/wp-content\/uploads\/2023\/08\/WhatsApp-Image-2023-08-12-at-13.08.43-672x372-1.jpeg\",\"contentUrl\":\"https:\/\/grandelojams.org.br\/es\/wp-content\/uploads\/2023\/08\/WhatsApp-Image-2023-08-12-at-13.08.43-672x372-1.jpeg\",\"width\":672,\"height\":372},{\"@type\":\"BreadcrumbList\",\"@id\":\"https:\/\/grandelojams.org.br\/es\/grao-mestre-participa-da-expomasonica-internacional-em-ciudad-del-este\/#breadcrumb\",\"itemListElement\":[{\"@type\":\"ListItem\",\"position\":1,\"name\":\"In\u00edcio\",\"item\":\"https:\/\/grandelojams.org.br\/es\/\"},{\"@type\":\"ListItem\",\"position\":2,\"name\":\"GR\u00c3O-MESTRE PARTICIPA DA EXPOMAS\u00d3NICA INTERNACIONAL EM CIUDAD DEL ESTE\"}]},{\"@type\":\"WebSite\",\"@id\":\"https:\/\/grandelojams.org.br\/es\/#website\",\"url\":\"https:\/\/grandelojams.org.br\/es\/\",\"name\":\"GLEMS\",\"description\":\"Grande Loja Ma\u00e7\u00f4nica do Mato Grosso do Sul\",\"potentialAction\":[{\"@type\":\"SearchAction\",\"target\":{\"@type\":\"EntryPoint\",\"urlTemplate\":\"https:\/\/grandelojams.org.br\/es\/?s={search_term_string}\"},\"query-input\":{\"@type\":\"PropertyValueSpecification\",\"valueRequired\":true,\"valueName\":\"search_term_string\"}}],\"inLanguage\":\"pt-BR\"},{\"@type\":\"Person\",\"@id\":\"https:\/\/grandelojams.org.br\/es\/#\/schema\/person\/5da1c0de136fe7cc6dea7d22b535752b\",\"name\":\"admin\",\"image\":{\"@type\":\"ImageObject\",\"inLanguage\":\"pt-BR\",\"@id\":\"https:\/\/grandelojams.org.br\/es\/#\/schema\/person\/image\/\",\"url\":\"https:\/\/secure.gravatar.com\/avatar\/786137a0e890f9b53660f24bf8ec01ff8c644974de881f5aedc68bd0708ea113?s=96&d=mm&r=g\",\"contentUrl\":\"https:\/\/secure.gravatar.com\/avatar\/786137a0e890f9b53660f24bf8ec01ff8c644974de881f5aedc68bd0708ea113?s=96&d=mm&r=g\",\"caption\":\"admin\"},\"sameAs\":[\"https:\/\/mondayde.com.br\/clientes\/template1\"],\"url\":\"https:\/\/grandelojams.org.br\/es\/author\/admin\/\"}]}<\/script>\n<!-- \/ Yoast SEO plugin. -->","yoast_head_json":{"title":"GR\u00c3O-MESTRE PARTICIPA DA EXPOMAS\u00d3NICA INTERNACIONAL EM CIUDAD DEL ESTE - GLEMS","robots":{"index":"index","follow":"follow","max-snippet":"max-snippet:-1","max-image-preview":"max-image-preview:large","max-video-preview":"max-video-preview:-1"},"canonical":"https:\/\/grandelojams.org.br\/es\/grao-mestre-participa-da-expomasonica-internacional-em-ciudad-del-este\/","og_locale":"pt_BR","og_type":"article","og_title":"GR\u00c3O-MESTRE PARTICIPA DA EXPOMAS\u00d3NICA INTERNACIONAL EM CIUDAD DEL ESTE - GLEMS","og_description":"O Seren\u00edssimo Gr\u00e3o-mestre, Ir\u2234 Ademar de Souza Freitas esteve neste final de semana em Ciudad del Este, capital do departamento do Alto Paran\u00e1, no Paraguai, participando da Expomas\u00f3nica Internacional\/Regional 2023, evento promovido pela Gran Logia Simb\u00f3lica del Paraguay. Na Exposi\u00e7\u00e3o que foi prestigiada por diversas autoridades ma\u00e7\u00f4nicas do Brasil e do Paraguay. O Ir\u2234 Ademar [&hellip;]","og_url":"https:\/\/grandelojams.org.br\/es\/grao-mestre-participa-da-expomasonica-internacional-em-ciudad-del-este\/","og_site_name":"GLEMS","article_published_time":"2023-08-13T12:49:42+00:00","article_modified_time":"2025-06-20T19:18:51+00:00","og_image":[{"width":672,"height":372,"url":"https:\/\/grandelojams.org.br\/es\/wp-content\/uploads\/2023\/08\/WhatsApp-Image-2023-08-12-at-13.08.43-672x372-1.jpeg","type":"image\/jpeg"}],"author":"admin","twitter_card":"summary_large_image","twitter_misc":{"Escrito por":"admin","Est. tempo de leitura":"3 minutos"},"schema":{"@context":"https:\/\/schema.org","@graph":[{"@type":"WebPage","@id":"https:\/\/grandelojams.org.br\/es\/grao-mestre-participa-da-expomasonica-internacional-em-ciudad-del-este\/","url":"https:\/\/grandelojams.org.br\/es\/grao-mestre-participa-da-expomasonica-internacional-em-ciudad-del-este\/","name":"GR\u00c3O-MESTRE PARTICIPA DA EXPOMAS\u00d3NICA INTERNACIONAL EM CIUDAD DEL ESTE - GLEMS","isPartOf":{"@id":"https:\/\/grandelojams.org.br\/es\/#website"},"primaryImageOfPage":{"@id":"https:\/\/grandelojams.org.br\/es\/grao-mestre-participa-da-expomasonica-internacional-em-ciudad-del-este\/#primaryimage"},"image":{"@id":"https:\/\/grandelojams.org.br\/es\/grao-mestre-participa-da-expomasonica-internacional-em-ciudad-del-este\/#primaryimage"},"thumbnailUrl":"https:\/\/grandelojams.org.br\/es\/wp-content\/uploads\/2023\/08\/WhatsApp-Image-2023-08-12-at-13.08.43-672x372-1.jpeg","datePublished":"2023-08-13T12:49:42+00:00","dateModified":"2025-06-20T19:18:51+00:00","author":{"@id":"https:\/\/grandelojams.org.br\/es\/#\/schema\/person\/5da1c0de136fe7cc6dea7d22b535752b"},"breadcrumb":{"@id":"https:\/\/grandelojams.org.br\/es\/grao-mestre-participa-da-expomasonica-internacional-em-ciudad-del-este\/#breadcrumb"},"inLanguage":"pt-BR","potentialAction":[{"@type":"ReadAction","target":["https:\/\/grandelojams.org.br\/es\/grao-mestre-participa-da-expomasonica-internacional-em-ciudad-del-este\/"]}]},{"@type":"ImageObject","inLanguage":"pt-BR","@id":"https:\/\/grandelojams.org.br\/es\/grao-mestre-participa-da-expomasonica-internacional-em-ciudad-del-este\/#primaryimage","url":"https:\/\/grandelojams.org.br\/es\/wp-content\/uploads\/2023\/08\/WhatsApp-Image-2023-08-12-at-13.08.43-672x372-1.jpeg","contentUrl":"https:\/\/grandelojams.org.br\/es\/wp-content\/uploads\/2023\/08\/WhatsApp-Image-2023-08-12-at-13.08.43-672x372-1.jpeg","width":672,"height":372},{"@type":"BreadcrumbList","@id":"https:\/\/grandelojams.org.br\/es\/grao-mestre-participa-da-expomasonica-internacional-em-ciudad-del-este\/#breadcrumb","itemListElement":[{"@type":"ListItem","position":1,"name":"In\u00edcio","item":"https:\/\/grandelojams.org.br\/es\/"},{"@type":"ListItem","position":2,"name":"GR\u00c3O-MESTRE PARTICIPA DA EXPOMAS\u00d3NICA INTERNACIONAL EM CIUDAD DEL ESTE"}]},{"@type":"WebSite","@id":"https:\/\/grandelojams.org.br\/es\/#website","url":"https:\/\/grandelojams.org.br\/es\/","name":"GLEMS","description":"Grande Loja Ma\u00e7\u00f4nica do Mato Grosso do Sul","potentialAction":[{"@type":"SearchAction","target":{"@type":"EntryPoint","urlTemplate":"https:\/\/grandelojams.org.br\/es\/?s={search_term_string}"},"query-input":{"@type":"PropertyValueSpecification","valueRequired":true,"valueName":"search_term_string"}}],"inLanguage":"pt-BR"},{"@type":"Person","@id":"https:\/\/grandelojams.org.br\/es\/#\/schema\/person\/5da1c0de136fe7cc6dea7d22b535752b","name":"admin","image":{"@type":"ImageObject","inLanguage":"pt-BR","@id":"https:\/\/grandelojams.org.br\/es\/#\/schema\/person\/image\/","url":"https:\/\/secure.gravatar.com\/avatar\/786137a0e890f9b53660f24bf8ec01ff8c644974de881f5aedc68bd0708ea113?s=96&d=mm&r=g","contentUrl":"https:\/\/secure.gravatar.com\/avatar\/786137a0e890f9b53660f24bf8ec01ff8c644974de881f5aedc68bd0708ea113?s=96&d=mm&r=g","caption":"admin"},"sameAs":["https:\/\/mondayde.com.br\/clientes\/template1"],"url":"https:\/\/grandelojams.org.br\/es\/author\/admin\/"}]}},"_links":{"self":[{"href":"https:\/\/grandelojams.org.br\/es\/wp-json\/wp\/v2\/posts\/4189","targetHints":{"allow":["GET"]}}],"collection":[{"href":"https:\/\/grandelojams.org.br\/es\/wp-json\/wp\/v2\/posts"}],"about":[{"href":"https:\/\/grandelojams.org.br\/es\/wp-json\/wp\/v2\/types\/post"}],"author":[{"embeddable":true,"href":"https:\/\/grandelojams.org.br\/es\/wp-json\/wp\/v2\/users\/1"}],"replies":[{"embeddable":true,"href":"https:\/\/grandelojams.org.br\/es\/wp-json\/wp\/v2\/comments?post=4189"}],"version-history":[{"count":1,"href":"https:\/\/grandelojams.org.br\/es\/wp-json\/wp\/v2\/posts\/4189\/revisions"}],"predecessor-version":[{"id":9447,"href":"https:\/\/grandelojams.org.br\/es\/wp-json\/wp\/v2\/posts\/4189\/revisions\/9447"}],"wp:featuredmedia":[{"embeddable":true,"href":"https:\/\/grandelojams.org.br\/es\/wp-json\/wp\/v2\/media\/9432"}],"wp:attachment":[{"href":"https:\/\/grandelojams.org.br\/es\/wp-json\/wp\/v2\/media?parent=4189"}],"wp:term":[{"taxonomy":"category","embeddable":true,"href":"https:\/\/grandelojams.org.br\/es\/wp-json\/wp\/v2\/categories?post=4189"},{"taxonomy":"post_tag","embeddable":true,"href":"https:\/\/grandelojams.org.br\/es\/wp-json\/wp\/v2\/tags?post=4189"}],"curies":[{"name":"wp","href":"https:\/\/api.w.org\/{rel}","templated":true}]}}