{"id":4165,"date":"2023-08-09T22:12:37","date_gmt":"2023-08-10T01:12:37","guid":{"rendered":"https:\/\/grandelojams.org.br\/?p=4165"},"modified":"2025-06-20T16:19:10","modified_gmt":"2025-06-20T19:19:10","slug":"glems-participa-de-reuniao-da-v-zona-da-cmi-e-prestigia-posse-de-presidente-da-comab","status":"publish","type":"post","link":"https:\/\/grandelojams.org.br\/es\/glems-participa-de-reuniao-da-v-zona-da-cmi-e-prestigia-posse-de-presidente-da-comab\/","title":{"rendered":"GR\u00c3O-MESTRE LAN\u00c7A CANDIDATURA A PRESIDENTE DA ZONA V, DA CMI, EM CURITIBA-pr"},"content":{"rendered":"<p>O Seren\u00edssimo Gr\u00e3o -Mestre, Ir\u2234 Ademar de Souza Freitas e o Grande Secret\u00e1rio de Rela\u00e7\u00f5es Exteriores, da GLEMS, Ir\u2234 Darcy Costa Filho, estiveram no \u00faltimo final de semana, do dia 4 ao dia 6 de agosto, em Curitiba, no Paran\u00e1, participando da reuni\u00e3o da Zona V da CMI \u2013 Confedera\u00e7\u00e3o da Ma\u00e7onaria Interamericana.<\/p>\n<p>Na ocasi\u00e3o, Ir\u2234 Ademar anunciou sua candidatura ao cargo de presidente da Zona V da CMI, que foi recebida com muito entusiasmo pelos presentes. Ap\u00f3s o lan\u00e7amento da candidatura, todos os integrantes da CMI que estavam presentes usaram da palavra, manifestando, um a um, o apoio total \u00e0 candidatura do o Seren\u00edssimo Gr\u00e3o-Mestre, que foi muito aplaudido.<\/p>\n<p>\u201cO que mais me deixou feliz foi ver minha candidatura ser recebida com muito entusiasmo, com apoio incondicional e un\u00e2nime de todos os Membros da COMAB, da CMSB e dos dirigentes da CMI, que estavam presentes. Embora a elei\u00e7\u00e3o e a posse sejam apenas em abril do ano que vem, quero crer que minha elei\u00e7\u00e3o j\u00e1 esteja definida. At\u00e9 porque, nenhum outro irm\u00e3o se lan\u00e7ou candidato ao cargo\u201d, comemorou Ir\u2234 Ademar.<\/p>\n<p>O Grande Oriente do Paran\u00e1, anfitri\u00e3o do evento, estava comemorando 120 anos de funda\u00e7\u00e3o e na ocasi\u00e3o, o Seren\u00edssimo Gr\u00e3o-Mestre, Ir\u2234 \u00a0Cristian Flores Maldonado,\u00a0 tomou posse no cargo de presidente da COMAB \u2013 Confedera\u00e7\u00e3o Ma\u00e7\u00f4nica do Brasil.<\/p>\n<p>O evento foi muito concorrido. Na reuni\u00e3o da CMI, estiveram presentes todos os Grandes Orientes brasileiros vinculados \u00e0 COMAB (14), mais dois Grandes Orientes que participaram como observadores. Da parte da CMSB, participaram 8 Grandes Lojas.<\/p>\n<p>Tamb\u00e9m estiveram presentes os Seren\u00edssimos Gr\u00e3os-Mestres das Grandes Lojas de Portugal, Bol\u00edvia, Uruguai, Peru, Chile, Grande Loja Nacional Francesa,\u00a0 uma Grande Loja do M\u00e9xico e duas Grandes Lojas dos Estados Unidos. V\u00e1rias outras autoridades ma\u00e7\u00f4nicas se fizeram presentes, podendo ser destacados o presidente da CMI e o Secret\u00e1rio Executivo da CMI.<\/p>\n<p>\u201cAt\u00e9 bem pouco tempo, as tr\u00eas Pot\u00eancias Ma\u00e7\u00f4nicas regulares brasileira, ou seja, Grandes Lojas, Grandes Orientes Independentes e GOB, praticamente n\u00e3o se relacionavam. Ali\u00e1s, em alguns Estados, at\u00e9 mesmo se tratavam como inimigos. Mas atualmente, depois de muito trabalho, esse cen\u00e1rio mudou. As Pot\u00eancias Regulares se reconhecem mutuamente, se respeitam e trabalham juntas. Prova disso foi o encontro realizado em Curitiba, no \u00faltimo final de semana, onde se reuniu toda a ma\u00e7onaria brasileira, num ambiente festivo e de camaradagem.\u00a0 Ali\u00e1s, refletindo bem o esp\u00edrito do encontro, o qual os organizadores batizaram de \u2018Semana da Fraternidade\u2019\u201d, Declarou o Gr\u00e3o-Mestre.<\/p>\n<p>Durante a reuni\u00e3o da CMI foram apresentadas palestras pelo presidente da VI Zona da CMI, Ir\u2234 Armindo Azevedo e pelos dirigentes da CMI, IIr\u2234 Jimmy Aramayo e Rubens Franz. Ap\u00f3s a assembleia realizada s\u00e1bado \u00e0 tarde, no templo do Grande Oriente do Paran\u00e1, em comemora\u00e7\u00e3o aos seus 120 anos de funda\u00e7\u00e3o, foi realizado um jantar de gala nas depend\u00eancias do Sociedade Garibaldi, tradicional clube curitibano.<\/p>\n<p><img fetchpriority=\"high\" decoding=\"async\" class=\"alignnone size-medium wp-image-4166 aligncenter\" src=\"https:\/\/grandelojams.org.br\/wp-content\/uploads\/2023\/08\/curitiba-2-300x225.jpeg\" alt=\"\" width=\"300\" height=\"225\" \/><\/p>\n<p>\u00a0<\/p>\n<p><img decoding=\"async\" class=\"alignnone size-medium wp-image-4167 aligncenter\" src=\"https:\/\/grandelojams.org.br\/wp-content\/uploads\/2023\/08\/curitiba-3-300x169.jpeg\" alt=\"\" width=\"300\" height=\"169\" \/><\/p>\n<p><img decoding=\"async\" class=\"alignnone size-medium wp-image-4168 aligncenter\" src=\"https:\/\/grandelojams.org.br\/wp-content\/uploads\/2023\/08\/curitiba-4-300x169.jpeg\" alt=\"\" width=\"300\" height=\"169\" \/><\/p>\n\n\n<figure class=\"wp-block-image size-large\"><img decoding=\"async\" src=\"https:\/\/grandelojams.org.br\/wp-content\/uploads\/2023\/08\/curitiba-5-1024x768.jpeg\" alt=\"\" class=\"wp-image-4180\"\/><\/figure>\n\n\n\n\n\n\n\n\n\n\n\n\n\n\n\n\n\n<figure class=\"wp-block-gallery has-nested-images columns-default is-cropped wp-block-gallery-1 is-layout-flex wp-block-gallery-is-layout-flex\"><\/figure>\n\n\n\n<figure class=\"wp-block-gallery has-nested-images columns-default is-cropped wp-block-gallery-2 is-layout-flex wp-block-gallery-is-layout-flex\"><\/figure>\n\n\n\n<figure class=\"wp-block-gallery has-nested-images columns-default is-cropped wp-block-gallery-3 is-layout-flex wp-block-gallery-is-layout-flex\"><\/figure>\n\n\n\n<figure class=\"wp-block-gallery has-nested-images columns-default is-cropped wp-block-gallery-4 is-layout-flex wp-block-gallery-is-layout-flex\"><\/figure>\n\n\n\n<figure class=\"wp-block-gallery has-nested-images columns-default is-cropped wp-block-gallery-5 is-layout-flex wp-block-gallery-is-layout-flex\"><\/figure>\n\n\n\n<figure class=\"wp-block-gallery has-nested-images columns-default is-cropped wp-block-gallery-6 is-layout-flex wp-block-gallery-is-layout-flex\"><\/figure>\n\n\n\n\n\n\n","protected":false},"excerpt":{"rendered":"<p>O Seren\u00edssimo Gr\u00e3o -Mestre, Ir\u2234 Ademar de Souza Freitas e o Grande Secret\u00e1rio de Rela\u00e7\u00f5es Exteriores, da GLEMS, Ir\u2234 Darcy Costa Filho, estiveram no \u00faltimo final de semana, do dia 4 ao dia 6 de agosto, em Curitiba, no Paran\u00e1, participando da reuni\u00e3o da Zona V da CMI \u2013 Confedera\u00e7\u00e3o da Ma\u00e7onaria Interamericana. Na ocasi\u00e3o, [&hellip;]<\/p>\n","protected":false},"author":1,"featured_media":9430,"comment_status":"open","ping_status":"open","sticky":false,"template":"","format":"standard","meta":{"footnotes":""},"categories":[55],"tags":[],"class_list":["post-4165","post","type-post","status-publish","format-standard","has-post-thumbnail","hentry","category-palavra-do-s-g-m"],"yoast_head":"<!-- This site is optimized with the Yoast SEO plugin v26.3 - https:\/\/yoast.com\/wordpress\/plugins\/seo\/ -->\n<title>GR\u00c3O-MESTRE LAN\u00c7A CANDIDATURA A PRESIDENTE DA ZONA V, DA CMI, EM CURITIBA-pr - GLEMS<\/title>\n<meta name=\"robots\" content=\"index, follow, max-snippet:-1, max-image-preview:large, max-video-preview:-1\" \/>\n<link rel=\"canonical\" href=\"https:\/\/grandelojams.org.br\/es\/glems-participa-de-reuniao-da-v-zona-da-cmi-e-prestigia-posse-de-presidente-da-comab\/\" \/>\n<meta property=\"og:locale\" content=\"pt_BR\" \/>\n<meta property=\"og:type\" content=\"article\" \/>\n<meta property=\"og:title\" content=\"GR\u00c3O-MESTRE LAN\u00c7A CANDIDATURA A PRESIDENTE DA ZONA V, DA CMI, EM CURITIBA-pr - GLEMS\" \/>\n<meta property=\"og:description\" content=\"O Seren\u00edssimo Gr\u00e3o -Mestre, Ir\u2234 Ademar de Souza Freitas e o Grande Secret\u00e1rio de Rela\u00e7\u00f5es Exteriores, da GLEMS, Ir\u2234 Darcy Costa Filho, estiveram no \u00faltimo final de semana, do dia 4 ao dia 6 de agosto, em Curitiba, no Paran\u00e1, participando da reuni\u00e3o da Zona V da CMI \u2013 Confedera\u00e7\u00e3o da Ma\u00e7onaria Interamericana. Na ocasi\u00e3o, [&hellip;]\" \/>\n<meta property=\"og:url\" content=\"https:\/\/grandelojams.org.br\/es\/glems-participa-de-reuniao-da-v-zona-da-cmi-e-prestigia-posse-de-presidente-da-comab\/\" \/>\n<meta property=\"og:site_name\" content=\"GLEMS\" \/>\n<meta property=\"article:published_time\" content=\"2023-08-10T01:12:37+00:00\" \/>\n<meta property=\"article:modified_time\" content=\"2025-06-20T19:19:10+00:00\" \/>\n<meta property=\"og:image\" content=\"https:\/\/grandelojams.org.br\/es\/wp-content\/uploads\/2023\/08\/curitiba-672x372-1.jpeg\" \/>\n\t<meta property=\"og:image:width\" content=\"672\" \/>\n\t<meta property=\"og:image:height\" content=\"372\" \/>\n\t<meta property=\"og:image:type\" content=\"image\/jpeg\" \/>\n<meta name=\"author\" content=\"admin\" \/>\n<meta name=\"twitter:card\" content=\"summary_large_image\" \/>\n<meta name=\"twitter:label1\" content=\"Escrito por\" \/>\n\t<meta name=\"twitter:data1\" content=\"admin\" \/>\n\t<meta name=\"twitter:label2\" content=\"Est. tempo de leitura\" \/>\n\t<meta name=\"twitter:data2\" content=\"5 minutos\" \/>\n<script type=\"application\/ld+json\" class=\"yoast-schema-graph\">{\"@context\":\"https:\/\/schema.org\",\"@graph\":[{\"@type\":\"WebPage\",\"@id\":\"https:\/\/grandelojams.org.br\/es\/glems-participa-de-reuniao-da-v-zona-da-cmi-e-prestigia-posse-de-presidente-da-comab\/\",\"url\":\"https:\/\/grandelojams.org.br\/es\/glems-participa-de-reuniao-da-v-zona-da-cmi-e-prestigia-posse-de-presidente-da-comab\/\",\"name\":\"GR\u00c3O-MESTRE LAN\u00c7A CANDIDATURA A PRESIDENTE DA ZONA V, DA CMI, EM CURITIBA-pr - GLEMS\",\"isPartOf\":{\"@id\":\"https:\/\/grandelojams.org.br\/es\/#website\"},\"primaryImageOfPage\":{\"@id\":\"https:\/\/grandelojams.org.br\/es\/glems-participa-de-reuniao-da-v-zona-da-cmi-e-prestigia-posse-de-presidente-da-comab\/#primaryimage\"},\"image\":{\"@id\":\"https:\/\/grandelojams.org.br\/es\/glems-participa-de-reuniao-da-v-zona-da-cmi-e-prestigia-posse-de-presidente-da-comab\/#primaryimage\"},\"thumbnailUrl\":\"https:\/\/grandelojams.org.br\/es\/wp-content\/uploads\/2023\/08\/curitiba-672x372-1.jpeg\",\"datePublished\":\"2023-08-10T01:12:37+00:00\",\"dateModified\":\"2025-06-20T19:19:10+00:00\",\"author\":{\"@id\":\"https:\/\/grandelojams.org.br\/es\/#\/schema\/person\/5da1c0de136fe7cc6dea7d22b535752b\"},\"breadcrumb\":{\"@id\":\"https:\/\/grandelojams.org.br\/es\/glems-participa-de-reuniao-da-v-zona-da-cmi-e-prestigia-posse-de-presidente-da-comab\/#breadcrumb\"},\"inLanguage\":\"pt-BR\",\"potentialAction\":[{\"@type\":\"ReadAction\",\"target\":[\"https:\/\/grandelojams.org.br\/es\/glems-participa-de-reuniao-da-v-zona-da-cmi-e-prestigia-posse-de-presidente-da-comab\/\"]}]},{\"@type\":\"ImageObject\",\"inLanguage\":\"pt-BR\",\"@id\":\"https:\/\/grandelojams.org.br\/es\/glems-participa-de-reuniao-da-v-zona-da-cmi-e-prestigia-posse-de-presidente-da-comab\/#primaryimage\",\"url\":\"https:\/\/grandelojams.org.br\/es\/wp-content\/uploads\/2023\/08\/curitiba-672x372-1.jpeg\",\"contentUrl\":\"https:\/\/grandelojams.org.br\/es\/wp-content\/uploads\/2023\/08\/curitiba-672x372-1.jpeg\",\"width\":672,\"height\":372},{\"@type\":\"BreadcrumbList\",\"@id\":\"https:\/\/grandelojams.org.br\/es\/glems-participa-de-reuniao-da-v-zona-da-cmi-e-prestigia-posse-de-presidente-da-comab\/#breadcrumb\",\"itemListElement\":[{\"@type\":\"ListItem\",\"position\":1,\"name\":\"In\u00edcio\",\"item\":\"https:\/\/grandelojams.org.br\/es\/\"},{\"@type\":\"ListItem\",\"position\":2,\"name\":\"GR\u00c3O-MESTRE LAN\u00c7A CANDIDATURA A PRESIDENTE DA ZONA V, DA CMI, EM CURITIBA-pr\"}]},{\"@type\":\"WebSite\",\"@id\":\"https:\/\/grandelojams.org.br\/es\/#website\",\"url\":\"https:\/\/grandelojams.org.br\/es\/\",\"name\":\"GLEMS\",\"description\":\"Grande Loja Ma\u00e7\u00f4nica do Mato Grosso do Sul\",\"potentialAction\":[{\"@type\":\"SearchAction\",\"target\":{\"@type\":\"EntryPoint\",\"urlTemplate\":\"https:\/\/grandelojams.org.br\/es\/?s={search_term_string}\"},\"query-input\":{\"@type\":\"PropertyValueSpecification\",\"valueRequired\":true,\"valueName\":\"search_term_string\"}}],\"inLanguage\":\"pt-BR\"},{\"@type\":\"Person\",\"@id\":\"https:\/\/grandelojams.org.br\/es\/#\/schema\/person\/5da1c0de136fe7cc6dea7d22b535752b\",\"name\":\"admin\",\"image\":{\"@type\":\"ImageObject\",\"inLanguage\":\"pt-BR\",\"@id\":\"https:\/\/grandelojams.org.br\/es\/#\/schema\/person\/image\/\",\"url\":\"https:\/\/secure.gravatar.com\/avatar\/786137a0e890f9b53660f24bf8ec01ff8c644974de881f5aedc68bd0708ea113?s=96&d=mm&r=g\",\"contentUrl\":\"https:\/\/secure.gravatar.com\/avatar\/786137a0e890f9b53660f24bf8ec01ff8c644974de881f5aedc68bd0708ea113?s=96&d=mm&r=g\",\"caption\":\"admin\"},\"sameAs\":[\"https:\/\/mondayde.com.br\/clientes\/template1\"],\"url\":\"https:\/\/grandelojams.org.br\/es\/author\/admin\/\"}]}<\/script>\n<!-- \/ Yoast SEO plugin. -->","yoast_head_json":{"title":"GR\u00c3O-MESTRE LAN\u00c7A CANDIDATURA A PRESIDENTE DA ZONA V, DA CMI, EM CURITIBA-pr - GLEMS","robots":{"index":"index","follow":"follow","max-snippet":"max-snippet:-1","max-image-preview":"max-image-preview:large","max-video-preview":"max-video-preview:-1"},"canonical":"https:\/\/grandelojams.org.br\/es\/glems-participa-de-reuniao-da-v-zona-da-cmi-e-prestigia-posse-de-presidente-da-comab\/","og_locale":"pt_BR","og_type":"article","og_title":"GR\u00c3O-MESTRE LAN\u00c7A CANDIDATURA A PRESIDENTE DA ZONA V, DA CMI, EM CURITIBA-pr - GLEMS","og_description":"O Seren\u00edssimo Gr\u00e3o -Mestre, Ir\u2234 Ademar de Souza Freitas e o Grande Secret\u00e1rio de Rela\u00e7\u00f5es Exteriores, da GLEMS, Ir\u2234 Darcy Costa Filho, estiveram no \u00faltimo final de semana, do dia 4 ao dia 6 de agosto, em Curitiba, no Paran\u00e1, participando da reuni\u00e3o da Zona V da CMI \u2013 Confedera\u00e7\u00e3o da Ma\u00e7onaria Interamericana. Na ocasi\u00e3o, [&hellip;]","og_url":"https:\/\/grandelojams.org.br\/es\/glems-participa-de-reuniao-da-v-zona-da-cmi-e-prestigia-posse-de-presidente-da-comab\/","og_site_name":"GLEMS","article_published_time":"2023-08-10T01:12:37+00:00","article_modified_time":"2025-06-20T19:19:10+00:00","og_image":[{"width":672,"height":372,"url":"https:\/\/grandelojams.org.br\/es\/wp-content\/uploads\/2023\/08\/curitiba-672x372-1.jpeg","type":"image\/jpeg"}],"author":"admin","twitter_card":"summary_large_image","twitter_misc":{"Escrito por":"admin","Est. tempo de leitura":"5 minutos"},"schema":{"@context":"https:\/\/schema.org","@graph":[{"@type":"WebPage","@id":"https:\/\/grandelojams.org.br\/es\/glems-participa-de-reuniao-da-v-zona-da-cmi-e-prestigia-posse-de-presidente-da-comab\/","url":"https:\/\/grandelojams.org.br\/es\/glems-participa-de-reuniao-da-v-zona-da-cmi-e-prestigia-posse-de-presidente-da-comab\/","name":"GR\u00c3O-MESTRE LAN\u00c7A CANDIDATURA A PRESIDENTE DA ZONA V, DA CMI, EM CURITIBA-pr - GLEMS","isPartOf":{"@id":"https:\/\/grandelojams.org.br\/es\/#website"},"primaryImageOfPage":{"@id":"https:\/\/grandelojams.org.br\/es\/glems-participa-de-reuniao-da-v-zona-da-cmi-e-prestigia-posse-de-presidente-da-comab\/#primaryimage"},"image":{"@id":"https:\/\/grandelojams.org.br\/es\/glems-participa-de-reuniao-da-v-zona-da-cmi-e-prestigia-posse-de-presidente-da-comab\/#primaryimage"},"thumbnailUrl":"https:\/\/grandelojams.org.br\/es\/wp-content\/uploads\/2023\/08\/curitiba-672x372-1.jpeg","datePublished":"2023-08-10T01:12:37+00:00","dateModified":"2025-06-20T19:19:10+00:00","author":{"@id":"https:\/\/grandelojams.org.br\/es\/#\/schema\/person\/5da1c0de136fe7cc6dea7d22b535752b"},"breadcrumb":{"@id":"https:\/\/grandelojams.org.br\/es\/glems-participa-de-reuniao-da-v-zona-da-cmi-e-prestigia-posse-de-presidente-da-comab\/#breadcrumb"},"inLanguage":"pt-BR","potentialAction":[{"@type":"ReadAction","target":["https:\/\/grandelojams.org.br\/es\/glems-participa-de-reuniao-da-v-zona-da-cmi-e-prestigia-posse-de-presidente-da-comab\/"]}]},{"@type":"ImageObject","inLanguage":"pt-BR","@id":"https:\/\/grandelojams.org.br\/es\/glems-participa-de-reuniao-da-v-zona-da-cmi-e-prestigia-posse-de-presidente-da-comab\/#primaryimage","url":"https:\/\/grandelojams.org.br\/es\/wp-content\/uploads\/2023\/08\/curitiba-672x372-1.jpeg","contentUrl":"https:\/\/grandelojams.org.br\/es\/wp-content\/uploads\/2023\/08\/curitiba-672x372-1.jpeg","width":672,"height":372},{"@type":"BreadcrumbList","@id":"https:\/\/grandelojams.org.br\/es\/glems-participa-de-reuniao-da-v-zona-da-cmi-e-prestigia-posse-de-presidente-da-comab\/#breadcrumb","itemListElement":[{"@type":"ListItem","position":1,"name":"In\u00edcio","item":"https:\/\/grandelojams.org.br\/es\/"},{"@type":"ListItem","position":2,"name":"GR\u00c3O-MESTRE LAN\u00c7A CANDIDATURA A PRESIDENTE DA ZONA V, DA CMI, EM CURITIBA-pr"}]},{"@type":"WebSite","@id":"https:\/\/grandelojams.org.br\/es\/#website","url":"https:\/\/grandelojams.org.br\/es\/","name":"GLEMS","description":"Grande Loja Ma\u00e7\u00f4nica do Mato Grosso do Sul","potentialAction":[{"@type":"SearchAction","target":{"@type":"EntryPoint","urlTemplate":"https:\/\/grandelojams.org.br\/es\/?s={search_term_string}"},"query-input":{"@type":"PropertyValueSpecification","valueRequired":true,"valueName":"search_term_string"}}],"inLanguage":"pt-BR"},{"@type":"Person","@id":"https:\/\/grandelojams.org.br\/es\/#\/schema\/person\/5da1c0de136fe7cc6dea7d22b535752b","name":"admin","image":{"@type":"ImageObject","inLanguage":"pt-BR","@id":"https:\/\/grandelojams.org.br\/es\/#\/schema\/person\/image\/","url":"https:\/\/secure.gravatar.com\/avatar\/786137a0e890f9b53660f24bf8ec01ff8c644974de881f5aedc68bd0708ea113?s=96&d=mm&r=g","contentUrl":"https:\/\/secure.gravatar.com\/avatar\/786137a0e890f9b53660f24bf8ec01ff8c644974de881f5aedc68bd0708ea113?s=96&d=mm&r=g","caption":"admin"},"sameAs":["https:\/\/mondayde.com.br\/clientes\/template1"],"url":"https:\/\/grandelojams.org.br\/es\/author\/admin\/"}]}},"_links":{"self":[{"href":"https:\/\/grandelojams.org.br\/es\/wp-json\/wp\/v2\/posts\/4165","targetHints":{"allow":["GET"]}}],"collection":[{"href":"https:\/\/grandelojams.org.br\/es\/wp-json\/wp\/v2\/posts"}],"about":[{"href":"https:\/\/grandelojams.org.br\/es\/wp-json\/wp\/v2\/types\/post"}],"author":[{"embeddable":true,"href":"https:\/\/grandelojams.org.br\/es\/wp-json\/wp\/v2\/users\/1"}],"replies":[{"embeddable":true,"href":"https:\/\/grandelojams.org.br\/es\/wp-json\/wp\/v2\/comments?post=4165"}],"version-history":[{"count":1,"href":"https:\/\/grandelojams.org.br\/es\/wp-json\/wp\/v2\/posts\/4165\/revisions"}],"predecessor-version":[{"id":9450,"href":"https:\/\/grandelojams.org.br\/es\/wp-json\/wp\/v2\/posts\/4165\/revisions\/9450"}],"wp:featuredmedia":[{"embeddable":true,"href":"https:\/\/grandelojams.org.br\/es\/wp-json\/wp\/v2\/media\/9430"}],"wp:attachment":[{"href":"https:\/\/grandelojams.org.br\/es\/wp-json\/wp\/v2\/media?parent=4165"}],"wp:term":[{"taxonomy":"category","embeddable":true,"href":"https:\/\/grandelojams.org.br\/es\/wp-json\/wp\/v2\/categories?post=4165"},{"taxonomy":"post_tag","embeddable":true,"href":"https:\/\/grandelojams.org.br\/es\/wp-json\/wp\/v2\/tags?post=4165"}],"curies":[{"name":"wp","href":"https:\/\/api.w.org\/{rel}","templated":true}]}}