{"id":4159,"date":"2023-07-28T16:40:43","date_gmt":"2023-07-28T19:40:43","guid":{"rendered":"https:\/\/grandelojams.org.br\/?p=4159"},"modified":"2025-06-20T16:19:17","modified_gmt":"2025-06-20T19:19:17","slug":"lojas-oriente-maracaju-e-nova-era-realizam-sessoes-magnas-de-elevacao","status":"publish","type":"post","link":"https:\/\/grandelojams.org.br\/es\/lojas-oriente-maracaju-e-nova-era-realizam-sessoes-magnas-de-elevacao\/","title":{"rendered":"LOJAS ORIENTE MARACAJU E NOVA ERA REALIZAM SESS\u00d5ES MAGNAS DE ELEVA\u00c7\u00c3O"},"content":{"rendered":"<p>A Centen\u00e1ria Gr\u00e3-Benem\u00e9rita ARLS Oriente Maracaju N\u00ba 1, realizou no \u00faltimo dia 24 Sess\u00e3o Magna de Eleva\u00e7\u00e3o, dos IIr\u2234 Assahd Milan Neto, Brucy Willians Bertholi, F\u00e1bio Farias Campara e Luciano Rog\u00e9rio Franco dos Santos.<\/p>\n<p>A sess\u00e3o foi conduzida pelo Ven\u2234 M\u2234 da Loja, o ir\u2234 Jairo Garay de Oliveira e abrilhantada com a presen\u00e7a do Delegado Geral, ir\u2234 Ruy C\u00e9sar Barbosa, no ato representando o Seren\u00edssimo Gr\u00e3o-Mestre, ir\u2234 Ademar de Souza Freitas.<\/p>\n<p>Tamb\u00e9m prestigiaram a sess\u00e3o o Ven\u2234 M\u2234 da ARLS Luz e Perfei\u00e7\u00e3o N\u00b0 66, ir\u2234 Glauber da S. Rodrigues Martelli, al\u00e9m de convidados que representaram outras Lojas da nossa jurisdi\u00e7\u00e3o e tamb\u00e9m de outras Pot\u00eancias Ma\u00e7\u00f4nicas.<\/p>\n<p>Ap\u00f3s a Sess\u00e3o Magna de Eleva\u00e7\u00e3o os presentes participaram do \u00c1gape que foi servido no sal\u00e3o de festas da Loja.<\/p>\n<p><img fetchpriority=\"high\" decoding=\"async\" class=\"size-medium wp-image-4160 aligncenter\" src=\"https:\/\/grandelojams.org.br\/wp-content\/uploads\/2023\/07\/Elevacao-Oriente-Maracaju-300x169.jpeg\" alt=\"\" width=\"300\" height=\"169\" \/><\/p>\n<p>Ainda em Campo Grande, a Benem\u00e9rita ARLS Nova Era, N.8 realizou no dia 20 desse m\u00eas, Sess\u00e3o Magna de Eleva\u00e7\u00e3o dos IIr\u2234 Lucas Lemos Nogueira, \u00a0Paolo Jolo, Savio On\u00e7a, Marcelo Serra, Najeep Fadellah Kewan, Luciano Kenzo Komiyama, al\u00e9m do Ir\u2234 J\u00falio Cesar De Souza, pertencente a Loja Centen\u00e1ria Gr\u00e3-Benem\u00e9rita Oriente Maracaju, N\u00ba 1.<\/p>\n<p>Abrilhantaram a sess\u00e3o o Delegado Regional, , ir\u2234 Ruy C\u00e9sar Barbosa, o Delegado Regional, ir\u2234 Alexandre Scheid, o Delegado Distrital, ir\u2234 Ademir Batista de Oliveira \u00a0o Vener\u00e1veis Mestre da Centen\u00e1ria Gr\u00e3-Benem\u00e9rita Oriente Maracaju, ir\u2234 Jairo Garay Ribeiro De Oliveira, o Vener\u00e1vel da ARLS Ac\u00e1cia Pantaneira, ir\u2234 Araes El Daher Filho e o Vener\u00e1vel da Loja Monte Si\u00e3o, ir\u2234 \u00a0Artur Lemos Nogueira, al\u00e9m de irm\u00e3os membros da Academia Ma\u00e7\u00f4nica De Letras do Mato Grosso do Sul, totalizando 38 visitantes.<\/p>\n<p><img decoding=\"async\" class=\"alignnone size-medium wp-image-4161 aligncenter\" src=\"https:\/\/grandelojams.org.br\/wp-content\/uploads\/2023\/07\/Elevacao-Nova-Era-20-07-300x169.jpeg\" alt=\"\" width=\"300\" height=\"169\" \/><\/p>\n","protected":false},"excerpt":{"rendered":"<p>A Centen\u00e1ria Gr\u00e3-Benem\u00e9rita ARLS Oriente Maracaju N\u00ba 1, realizou no \u00faltimo dia 24 Sess\u00e3o Magna de Eleva\u00e7\u00e3o, dos IIr\u2234 Assahd Milan Neto, Brucy Willians Bertholi, F\u00e1bio Farias Campara e Luciano Rog\u00e9rio Franco dos Santos. A sess\u00e3o foi conduzida pelo Ven\u2234 M\u2234 da Loja, o ir\u2234 Jairo Garay de Oliveira e abrilhantada com a presen\u00e7a do [&hellip;]<\/p>\n","protected":false},"author":1,"featured_media":9429,"comment_status":"open","ping_status":"open","sticky":false,"template":"","format":"standard","meta":{"footnotes":""},"categories":[1],"tags":[],"class_list":["post-4159","post","type-post","status-publish","format-standard","has-post-thumbnail","hentry","category-sem-categoria"],"yoast_head":"<!-- This site is optimized with the Yoast SEO plugin v26.3 - https:\/\/yoast.com\/wordpress\/plugins\/seo\/ -->\n<title>LOJAS ORIENTE MARACAJU E NOVA ERA REALIZAM SESS\u00d5ES MAGNAS DE ELEVA\u00c7\u00c3O - GLEMS<\/title>\n<meta name=\"robots\" content=\"index, follow, max-snippet:-1, max-image-preview:large, max-video-preview:-1\" \/>\n<link rel=\"canonical\" href=\"https:\/\/grandelojams.org.br\/es\/lojas-oriente-maracaju-e-nova-era-realizam-sessoes-magnas-de-elevacao\/\" \/>\n<meta property=\"og:locale\" content=\"pt_BR\" \/>\n<meta property=\"og:type\" content=\"article\" \/>\n<meta property=\"og:title\" content=\"LOJAS ORIENTE MARACAJU E NOVA ERA REALIZAM SESS\u00d5ES MAGNAS DE ELEVA\u00c7\u00c3O - GLEMS\" \/>\n<meta property=\"og:description\" content=\"A Centen\u00e1ria Gr\u00e3-Benem\u00e9rita ARLS Oriente Maracaju N\u00ba 1, realizou no \u00faltimo dia 24 Sess\u00e3o Magna de Eleva\u00e7\u00e3o, dos IIr\u2234 Assahd Milan Neto, Brucy Willians Bertholi, F\u00e1bio Farias Campara e Luciano Rog\u00e9rio Franco dos Santos. A sess\u00e3o foi conduzida pelo Ven\u2234 M\u2234 da Loja, o ir\u2234 Jairo Garay de Oliveira e abrilhantada com a presen\u00e7a do [&hellip;]\" \/>\n<meta property=\"og:url\" content=\"https:\/\/grandelojams.org.br\/es\/lojas-oriente-maracaju-e-nova-era-realizam-sessoes-magnas-de-elevacao\/\" \/>\n<meta property=\"og:site_name\" content=\"GLEMS\" \/>\n<meta property=\"article:published_time\" content=\"2023-07-28T19:40:43+00:00\" \/>\n<meta property=\"article:modified_time\" content=\"2025-06-20T19:19:17+00:00\" \/>\n<meta property=\"og:image\" content=\"https:\/\/grandelojams.org.br\/es\/wp-content\/uploads\/2023\/08\/Destaque-elevacao-capital-1-e-8-1-500x372-1.png\" \/>\n\t<meta property=\"og:image:width\" content=\"500\" \/>\n\t<meta property=\"og:image:height\" content=\"372\" \/>\n\t<meta property=\"og:image:type\" content=\"image\/png\" \/>\n<meta name=\"author\" content=\"admin\" \/>\n<meta name=\"twitter:card\" content=\"summary_large_image\" \/>\n<meta name=\"twitter:label1\" content=\"Escrito por\" \/>\n\t<meta name=\"twitter:data1\" content=\"admin\" \/>\n\t<meta name=\"twitter:label2\" content=\"Est. tempo de leitura\" \/>\n\t<meta name=\"twitter:data2\" content=\"2 minutos\" \/>\n<script type=\"application\/ld+json\" class=\"yoast-schema-graph\">{\"@context\":\"https:\/\/schema.org\",\"@graph\":[{\"@type\":\"WebPage\",\"@id\":\"https:\/\/grandelojams.org.br\/es\/lojas-oriente-maracaju-e-nova-era-realizam-sessoes-magnas-de-elevacao\/\",\"url\":\"https:\/\/grandelojams.org.br\/es\/lojas-oriente-maracaju-e-nova-era-realizam-sessoes-magnas-de-elevacao\/\",\"name\":\"LOJAS ORIENTE MARACAJU E NOVA ERA REALIZAM SESS\u00d5ES MAGNAS DE ELEVA\u00c7\u00c3O - GLEMS\",\"isPartOf\":{\"@id\":\"https:\/\/grandelojams.org.br\/es\/#website\"},\"primaryImageOfPage\":{\"@id\":\"https:\/\/grandelojams.org.br\/es\/lojas-oriente-maracaju-e-nova-era-realizam-sessoes-magnas-de-elevacao\/#primaryimage\"},\"image\":{\"@id\":\"https:\/\/grandelojams.org.br\/es\/lojas-oriente-maracaju-e-nova-era-realizam-sessoes-magnas-de-elevacao\/#primaryimage\"},\"thumbnailUrl\":\"https:\/\/grandelojams.org.br\/es\/wp-content\/uploads\/2023\/08\/Destaque-elevacao-capital-1-e-8-1-500x372-1.png\",\"datePublished\":\"2023-07-28T19:40:43+00:00\",\"dateModified\":\"2025-06-20T19:19:17+00:00\",\"author\":{\"@id\":\"https:\/\/grandelojams.org.br\/es\/#\/schema\/person\/5da1c0de136fe7cc6dea7d22b535752b\"},\"breadcrumb\":{\"@id\":\"https:\/\/grandelojams.org.br\/es\/lojas-oriente-maracaju-e-nova-era-realizam-sessoes-magnas-de-elevacao\/#breadcrumb\"},\"inLanguage\":\"pt-BR\",\"potentialAction\":[{\"@type\":\"ReadAction\",\"target\":[\"https:\/\/grandelojams.org.br\/es\/lojas-oriente-maracaju-e-nova-era-realizam-sessoes-magnas-de-elevacao\/\"]}]},{\"@type\":\"ImageObject\",\"inLanguage\":\"pt-BR\",\"@id\":\"https:\/\/grandelojams.org.br\/es\/lojas-oriente-maracaju-e-nova-era-realizam-sessoes-magnas-de-elevacao\/#primaryimage\",\"url\":\"https:\/\/grandelojams.org.br\/es\/wp-content\/uploads\/2023\/08\/Destaque-elevacao-capital-1-e-8-1-500x372-1.png\",\"contentUrl\":\"https:\/\/grandelojams.org.br\/es\/wp-content\/uploads\/2023\/08\/Destaque-elevacao-capital-1-e-8-1-500x372-1.png\",\"width\":500,\"height\":372},{\"@type\":\"BreadcrumbList\",\"@id\":\"https:\/\/grandelojams.org.br\/es\/lojas-oriente-maracaju-e-nova-era-realizam-sessoes-magnas-de-elevacao\/#breadcrumb\",\"itemListElement\":[{\"@type\":\"ListItem\",\"position\":1,\"name\":\"In\u00edcio\",\"item\":\"https:\/\/grandelojams.org.br\/es\/\"},{\"@type\":\"ListItem\",\"position\":2,\"name\":\"LOJAS ORIENTE MARACAJU E NOVA ERA REALIZAM SESS\u00d5ES MAGNAS DE ELEVA\u00c7\u00c3O\"}]},{\"@type\":\"WebSite\",\"@id\":\"https:\/\/grandelojams.org.br\/es\/#website\",\"url\":\"https:\/\/grandelojams.org.br\/es\/\",\"name\":\"GLEMS\",\"description\":\"Grande Loja Ma\u00e7\u00f4nica do Mato Grosso do Sul\",\"potentialAction\":[{\"@type\":\"SearchAction\",\"target\":{\"@type\":\"EntryPoint\",\"urlTemplate\":\"https:\/\/grandelojams.org.br\/es\/?s={search_term_string}\"},\"query-input\":{\"@type\":\"PropertyValueSpecification\",\"valueRequired\":true,\"valueName\":\"search_term_string\"}}],\"inLanguage\":\"pt-BR\"},{\"@type\":\"Person\",\"@id\":\"https:\/\/grandelojams.org.br\/es\/#\/schema\/person\/5da1c0de136fe7cc6dea7d22b535752b\",\"name\":\"admin\",\"image\":{\"@type\":\"ImageObject\",\"inLanguage\":\"pt-BR\",\"@id\":\"https:\/\/grandelojams.org.br\/es\/#\/schema\/person\/image\/\",\"url\":\"https:\/\/secure.gravatar.com\/avatar\/786137a0e890f9b53660f24bf8ec01ff8c644974de881f5aedc68bd0708ea113?s=96&d=mm&r=g\",\"contentUrl\":\"https:\/\/secure.gravatar.com\/avatar\/786137a0e890f9b53660f24bf8ec01ff8c644974de881f5aedc68bd0708ea113?s=96&d=mm&r=g\",\"caption\":\"admin\"},\"sameAs\":[\"https:\/\/mondayde.com.br\/clientes\/template1\"],\"url\":\"https:\/\/grandelojams.org.br\/es\/author\/admin\/\"}]}<\/script>\n<!-- \/ Yoast SEO plugin. -->","yoast_head_json":{"title":"LOJAS ORIENTE MARACAJU E NOVA ERA REALIZAM SESS\u00d5ES MAGNAS DE ELEVA\u00c7\u00c3O - GLEMS","robots":{"index":"index","follow":"follow","max-snippet":"max-snippet:-1","max-image-preview":"max-image-preview:large","max-video-preview":"max-video-preview:-1"},"canonical":"https:\/\/grandelojams.org.br\/es\/lojas-oriente-maracaju-e-nova-era-realizam-sessoes-magnas-de-elevacao\/","og_locale":"pt_BR","og_type":"article","og_title":"LOJAS ORIENTE MARACAJU E NOVA ERA REALIZAM SESS\u00d5ES MAGNAS DE ELEVA\u00c7\u00c3O - GLEMS","og_description":"A Centen\u00e1ria Gr\u00e3-Benem\u00e9rita ARLS Oriente Maracaju N\u00ba 1, realizou no \u00faltimo dia 24 Sess\u00e3o Magna de Eleva\u00e7\u00e3o, dos IIr\u2234 Assahd Milan Neto, Brucy Willians Bertholi, F\u00e1bio Farias Campara e Luciano Rog\u00e9rio Franco dos Santos. A sess\u00e3o foi conduzida pelo Ven\u2234 M\u2234 da Loja, o ir\u2234 Jairo Garay de Oliveira e abrilhantada com a presen\u00e7a do [&hellip;]","og_url":"https:\/\/grandelojams.org.br\/es\/lojas-oriente-maracaju-e-nova-era-realizam-sessoes-magnas-de-elevacao\/","og_site_name":"GLEMS","article_published_time":"2023-07-28T19:40:43+00:00","article_modified_time":"2025-06-20T19:19:17+00:00","og_image":[{"width":500,"height":372,"url":"https:\/\/grandelojams.org.br\/es\/wp-content\/uploads\/2023\/08\/Destaque-elevacao-capital-1-e-8-1-500x372-1.png","type":"image\/png"}],"author":"admin","twitter_card":"summary_large_image","twitter_misc":{"Escrito por":"admin","Est. tempo de leitura":"2 minutos"},"schema":{"@context":"https:\/\/schema.org","@graph":[{"@type":"WebPage","@id":"https:\/\/grandelojams.org.br\/es\/lojas-oriente-maracaju-e-nova-era-realizam-sessoes-magnas-de-elevacao\/","url":"https:\/\/grandelojams.org.br\/es\/lojas-oriente-maracaju-e-nova-era-realizam-sessoes-magnas-de-elevacao\/","name":"LOJAS ORIENTE MARACAJU E NOVA ERA REALIZAM SESS\u00d5ES MAGNAS DE ELEVA\u00c7\u00c3O - GLEMS","isPartOf":{"@id":"https:\/\/grandelojams.org.br\/es\/#website"},"primaryImageOfPage":{"@id":"https:\/\/grandelojams.org.br\/es\/lojas-oriente-maracaju-e-nova-era-realizam-sessoes-magnas-de-elevacao\/#primaryimage"},"image":{"@id":"https:\/\/grandelojams.org.br\/es\/lojas-oriente-maracaju-e-nova-era-realizam-sessoes-magnas-de-elevacao\/#primaryimage"},"thumbnailUrl":"https:\/\/grandelojams.org.br\/es\/wp-content\/uploads\/2023\/08\/Destaque-elevacao-capital-1-e-8-1-500x372-1.png","datePublished":"2023-07-28T19:40:43+00:00","dateModified":"2025-06-20T19:19:17+00:00","author":{"@id":"https:\/\/grandelojams.org.br\/es\/#\/schema\/person\/5da1c0de136fe7cc6dea7d22b535752b"},"breadcrumb":{"@id":"https:\/\/grandelojams.org.br\/es\/lojas-oriente-maracaju-e-nova-era-realizam-sessoes-magnas-de-elevacao\/#breadcrumb"},"inLanguage":"pt-BR","potentialAction":[{"@type":"ReadAction","target":["https:\/\/grandelojams.org.br\/es\/lojas-oriente-maracaju-e-nova-era-realizam-sessoes-magnas-de-elevacao\/"]}]},{"@type":"ImageObject","inLanguage":"pt-BR","@id":"https:\/\/grandelojams.org.br\/es\/lojas-oriente-maracaju-e-nova-era-realizam-sessoes-magnas-de-elevacao\/#primaryimage","url":"https:\/\/grandelojams.org.br\/es\/wp-content\/uploads\/2023\/08\/Destaque-elevacao-capital-1-e-8-1-500x372-1.png","contentUrl":"https:\/\/grandelojams.org.br\/es\/wp-content\/uploads\/2023\/08\/Destaque-elevacao-capital-1-e-8-1-500x372-1.png","width":500,"height":372},{"@type":"BreadcrumbList","@id":"https:\/\/grandelojams.org.br\/es\/lojas-oriente-maracaju-e-nova-era-realizam-sessoes-magnas-de-elevacao\/#breadcrumb","itemListElement":[{"@type":"ListItem","position":1,"name":"In\u00edcio","item":"https:\/\/grandelojams.org.br\/es\/"},{"@type":"ListItem","position":2,"name":"LOJAS ORIENTE MARACAJU E NOVA ERA REALIZAM SESS\u00d5ES MAGNAS DE ELEVA\u00c7\u00c3O"}]},{"@type":"WebSite","@id":"https:\/\/grandelojams.org.br\/es\/#website","url":"https:\/\/grandelojams.org.br\/es\/","name":"GLEMS","description":"Grande Loja Ma\u00e7\u00f4nica do Mato Grosso do Sul","potentialAction":[{"@type":"SearchAction","target":{"@type":"EntryPoint","urlTemplate":"https:\/\/grandelojams.org.br\/es\/?s={search_term_string}"},"query-input":{"@type":"PropertyValueSpecification","valueRequired":true,"valueName":"search_term_string"}}],"inLanguage":"pt-BR"},{"@type":"Person","@id":"https:\/\/grandelojams.org.br\/es\/#\/schema\/person\/5da1c0de136fe7cc6dea7d22b535752b","name":"admin","image":{"@type":"ImageObject","inLanguage":"pt-BR","@id":"https:\/\/grandelojams.org.br\/es\/#\/schema\/person\/image\/","url":"https:\/\/secure.gravatar.com\/avatar\/786137a0e890f9b53660f24bf8ec01ff8c644974de881f5aedc68bd0708ea113?s=96&d=mm&r=g","contentUrl":"https:\/\/secure.gravatar.com\/avatar\/786137a0e890f9b53660f24bf8ec01ff8c644974de881f5aedc68bd0708ea113?s=96&d=mm&r=g","caption":"admin"},"sameAs":["https:\/\/mondayde.com.br\/clientes\/template1"],"url":"https:\/\/grandelojams.org.br\/es\/author\/admin\/"}]}},"_links":{"self":[{"href":"https:\/\/grandelojams.org.br\/es\/wp-json\/wp\/v2\/posts\/4159","targetHints":{"allow":["GET"]}}],"collection":[{"href":"https:\/\/grandelojams.org.br\/es\/wp-json\/wp\/v2\/posts"}],"about":[{"href":"https:\/\/grandelojams.org.br\/es\/wp-json\/wp\/v2\/types\/post"}],"author":[{"embeddable":true,"href":"https:\/\/grandelojams.org.br\/es\/wp-json\/wp\/v2\/users\/1"}],"replies":[{"embeddable":true,"href":"https:\/\/grandelojams.org.br\/es\/wp-json\/wp\/v2\/comments?post=4159"}],"version-history":[{"count":1,"href":"https:\/\/grandelojams.org.br\/es\/wp-json\/wp\/v2\/posts\/4159\/revisions"}],"predecessor-version":[{"id":9451,"href":"https:\/\/grandelojams.org.br\/es\/wp-json\/wp\/v2\/posts\/4159\/revisions\/9451"}],"wp:featuredmedia":[{"embeddable":true,"href":"https:\/\/grandelojams.org.br\/es\/wp-json\/wp\/v2\/media\/9429"}],"wp:attachment":[{"href":"https:\/\/grandelojams.org.br\/es\/wp-json\/wp\/v2\/media?parent=4159"}],"wp:term":[{"taxonomy":"category","embeddable":true,"href":"https:\/\/grandelojams.org.br\/es\/wp-json\/wp\/v2\/categories?post=4159"},{"taxonomy":"post_tag","embeddable":true,"href":"https:\/\/grandelojams.org.br\/es\/wp-json\/wp\/v2\/tags?post=4159"}],"curies":[{"name":"wp","href":"https:\/\/api.w.org\/{rel}","templated":true}]}}