{"id":4127,"date":"2023-07-18T18:32:41","date_gmt":"2023-07-18T21:32:41","guid":{"rendered":"https:\/\/grandelojams.org.br\/?p=4127"},"modified":"2025-06-20T16:20:13","modified_gmt":"2025-06-20T19:20:13","slug":"rede-feminina-faz-a-entrega-dos-alimentos-arrecadados-durante-o-1o-arraia-de-sao-joao-da-glems","status":"publish","type":"post","link":"https:\/\/grandelojams.org.br\/es\/rede-feminina-faz-a-entrega-dos-alimentos-arrecadados-durante-o-1o-arraia-de-sao-joao-da-glems\/","title":{"rendered":"REDE FEMININA FAZ A ENTREGA DOS ALIMENTOS ARRECADADOS DURANTE O 1\u00ba ARRAIA DE S\u00c3O JO\u00c3O DA GLEMS"},"content":{"rendered":"<p>A Rede Feminina da Grande Loja Ma\u00e7\u00f4nica do Estado de Mato Grosso do Sul, realizou atrav\u00e9s da cunhada Lourdinha, esposa do Seren\u00edssimo Gr\u00e3o-Mestre, Ir\u2234Ademar de Souza Freitas, a entrega dos alimentos arrecadados durante o 1\u00ba Arraia de S\u00e3o Jo\u00e3o da GLEMS, que aconteceu no dia 24 de junho, deste ano no p\u00e1tio do CEDESC\/FUNLEC.<\/p>\n<p>As primeiras entidades beneficiadas foram o Lar do Idoso (SIRPHA), o Projeto Pingo de Luz e Marmita Solid\u00e1ria. A cunhada Lourdinha esteve nos locais fazendo as entregas oficiais. \u201cMeu cora\u00e7\u00e3o transborda de gratid\u00e3o. Tivemos muito trabalho, mas todo esfor\u00e7o valeu a pena. O evento superou todas as nossas expectativas\u201d, comemorou.<\/p>\n<p><img decoding=\"async\" class=\"size-medium wp-image-4128 aligncenter\" src=\"https:\/\/grandelojams.org.br\/wp-content\/uploads\/2023\/07\/Rede-Feminina-3-300x135.jpeg\" alt=\"\" width=\"300\" height=\"135\" \/><\/p>\n<p>Ela lembra que a festa promoveu a confraterniza\u00e7\u00e3o da fam\u00edlia ma\u00e7\u00f4nica e contou com o apoio de v\u00e1rias lojas e entidades parama\u00e7\u00f4nicas como: Hikmat Shrine, DeMolay, Filhas de J\u00f3 e Arco-\u00edris. \u201cNos unimos em prol de algo maior. A solidariedade. Essa uni\u00e3o traz uma energia t\u00e3o boa que envolve os nossos cora\u00e7\u00f5es, fortalece o esp\u00edrito e nos proporciona imensa felicidade\u201d.<\/p>\n<p>Lourdinha lembrou que o sucesso do evento s\u00f3 foi poss\u00edvel gra\u00e7as a f\u00e9 e a for\u00e7a dada por Deus e o apoio incondicional de todos que estiveram \u00e0 frente da organiza\u00e7\u00e3o e trabalhando no dia do evento. \u201cO que verdadeiramente toca a alma \u00e9 que todo esse \u00e1rduo trabalho e todas as preocupa\u00e7\u00f5es se converteram no fortalecimento do poder e da uni\u00e3o da fam\u00edlia ma\u00e7\u00f4nica, com um nobre prop\u00f3sito: beneficiar a filantropia e promover o bem-estar do pr\u00f3ximo\u201d.<\/p>\n<p>A cunhada lembrou que o Arrai\u00e1 de S\u00e3o Jo\u00e3o da GLEMS j\u00e1 entrou para o calend\u00e1rio oficial da Grande Loja e que a Rede Feminina est\u00e1 empenhada em apoiar na organiza\u00e7\u00e3o da segunda edi\u00e7\u00e3o do evento. \u201cO sucesso do primeiro Arrai\u00e1 de S\u00e3o Jo\u00e3o da GLEMS mostrou a for\u00e7a da fam\u00edlia ma\u00e7\u00f4nica revelada por meio da uni\u00e3o e da determina\u00e7\u00e3o de todos que compartilharam um objetivo comum, com estrat\u00e9gia e sabedoria\u201d, concluiu Lourdinha.<\/p>\n","protected":false},"excerpt":{"rendered":"<p>A Rede Feminina da Grande Loja Ma\u00e7\u00f4nica do Estado de Mato Grosso do Sul, realizou atrav\u00e9s da cunhada Lourdinha, esposa do Seren\u00edssimo Gr\u00e3o-Mestre, Ir\u2234Ademar de Souza Freitas, a entrega dos alimentos arrecadados durante o 1\u00ba Arraia de S\u00e3o Jo\u00e3o da GLEMS, que aconteceu no dia 24 de junho, deste ano no p\u00e1tio do CEDESC\/FUNLEC. As [&hellip;]<\/p>\n","protected":false},"author":1,"featured_media":9423,"comment_status":"open","ping_status":"open","sticky":false,"template":"","format":"standard","meta":{"footnotes":""},"categories":[56],"tags":[],"class_list":["post-4127","post","type-post","status-publish","format-standard","has-post-thumbnail","hentry","category-noticias"],"yoast_head":"<!-- This site is optimized with the Yoast SEO plugin v26.3 - https:\/\/yoast.com\/wordpress\/plugins\/seo\/ -->\n<title>REDE FEMININA FAZ A ENTREGA DOS ALIMENTOS ARRECADADOS DURANTE O 1\u00ba ARRAIA DE S\u00c3O JO\u00c3O DA GLEMS - GLEMS<\/title>\n<meta name=\"robots\" content=\"index, follow, max-snippet:-1, max-image-preview:large, max-video-preview:-1\" \/>\n<link rel=\"canonical\" href=\"https:\/\/grandelojams.org.br\/es\/rede-feminina-faz-a-entrega-dos-alimentos-arrecadados-durante-o-1o-arraia-de-sao-joao-da-glems\/\" \/>\n<meta property=\"og:locale\" content=\"pt_BR\" \/>\n<meta property=\"og:type\" content=\"article\" \/>\n<meta property=\"og:title\" content=\"REDE FEMININA FAZ A ENTREGA DOS ALIMENTOS ARRECADADOS DURANTE O 1\u00ba ARRAIA DE S\u00c3O JO\u00c3O DA GLEMS - GLEMS\" \/>\n<meta property=\"og:description\" content=\"A Rede Feminina da Grande Loja Ma\u00e7\u00f4nica do Estado de Mato Grosso do Sul, realizou atrav\u00e9s da cunhada Lourdinha, esposa do Seren\u00edssimo Gr\u00e3o-Mestre, Ir\u2234Ademar de Souza Freitas, a entrega dos alimentos arrecadados durante o 1\u00ba Arraia de S\u00e3o Jo\u00e3o da GLEMS, que aconteceu no dia 24 de junho, deste ano no p\u00e1tio do CEDESC\/FUNLEC. As [&hellip;]\" \/>\n<meta property=\"og:url\" content=\"https:\/\/grandelojams.org.br\/es\/rede-feminina-faz-a-entrega-dos-alimentos-arrecadados-durante-o-1o-arraia-de-sao-joao-da-glems\/\" \/>\n<meta property=\"og:site_name\" content=\"GLEMS\" \/>\n<meta property=\"article:published_time\" content=\"2023-07-18T21:32:41+00:00\" \/>\n<meta property=\"article:modified_time\" content=\"2025-06-20T19:20:13+00:00\" \/>\n<meta property=\"og:image\" content=\"https:\/\/grandelojams.org.br\/es\/wp-content\/uploads\/2023\/08\/Rede-Feminina-4-672x372-1.jpeg\" \/>\n\t<meta property=\"og:image:width\" content=\"672\" \/>\n\t<meta property=\"og:image:height\" content=\"372\" \/>\n\t<meta property=\"og:image:type\" content=\"image\/jpeg\" \/>\n<meta name=\"author\" content=\"admin\" \/>\n<meta name=\"twitter:card\" content=\"summary_large_image\" \/>\n<meta name=\"twitter:label1\" content=\"Escrito por\" \/>\n\t<meta name=\"twitter:data1\" content=\"admin\" \/>\n\t<meta name=\"twitter:label2\" content=\"Est. tempo de leitura\" \/>\n\t<meta name=\"twitter:data2\" content=\"2 minutos\" \/>\n<script type=\"application\/ld+json\" class=\"yoast-schema-graph\">{\"@context\":\"https:\/\/schema.org\",\"@graph\":[{\"@type\":\"WebPage\",\"@id\":\"https:\/\/grandelojams.org.br\/es\/rede-feminina-faz-a-entrega-dos-alimentos-arrecadados-durante-o-1o-arraia-de-sao-joao-da-glems\/\",\"url\":\"https:\/\/grandelojams.org.br\/es\/rede-feminina-faz-a-entrega-dos-alimentos-arrecadados-durante-o-1o-arraia-de-sao-joao-da-glems\/\",\"name\":\"REDE FEMININA FAZ A ENTREGA DOS ALIMENTOS ARRECADADOS DURANTE O 1\u00ba ARRAIA DE S\u00c3O JO\u00c3O DA GLEMS - GLEMS\",\"isPartOf\":{\"@id\":\"https:\/\/grandelojams.org.br\/es\/#website\"},\"primaryImageOfPage\":{\"@id\":\"https:\/\/grandelojams.org.br\/es\/rede-feminina-faz-a-entrega-dos-alimentos-arrecadados-durante-o-1o-arraia-de-sao-joao-da-glems\/#primaryimage\"},\"image\":{\"@id\":\"https:\/\/grandelojams.org.br\/es\/rede-feminina-faz-a-entrega-dos-alimentos-arrecadados-durante-o-1o-arraia-de-sao-joao-da-glems\/#primaryimage\"},\"thumbnailUrl\":\"https:\/\/grandelojams.org.br\/es\/wp-content\/uploads\/2023\/08\/Rede-Feminina-4-672x372-1.jpeg\",\"datePublished\":\"2023-07-18T21:32:41+00:00\",\"dateModified\":\"2025-06-20T19:20:13+00:00\",\"author\":{\"@id\":\"https:\/\/grandelojams.org.br\/es\/#\/schema\/person\/5da1c0de136fe7cc6dea7d22b535752b\"},\"breadcrumb\":{\"@id\":\"https:\/\/grandelojams.org.br\/es\/rede-feminina-faz-a-entrega-dos-alimentos-arrecadados-durante-o-1o-arraia-de-sao-joao-da-glems\/#breadcrumb\"},\"inLanguage\":\"pt-BR\",\"potentialAction\":[{\"@type\":\"ReadAction\",\"target\":[\"https:\/\/grandelojams.org.br\/es\/rede-feminina-faz-a-entrega-dos-alimentos-arrecadados-durante-o-1o-arraia-de-sao-joao-da-glems\/\"]}]},{\"@type\":\"ImageObject\",\"inLanguage\":\"pt-BR\",\"@id\":\"https:\/\/grandelojams.org.br\/es\/rede-feminina-faz-a-entrega-dos-alimentos-arrecadados-durante-o-1o-arraia-de-sao-joao-da-glems\/#primaryimage\",\"url\":\"https:\/\/grandelojams.org.br\/es\/wp-content\/uploads\/2023\/08\/Rede-Feminina-4-672x372-1.jpeg\",\"contentUrl\":\"https:\/\/grandelojams.org.br\/es\/wp-content\/uploads\/2023\/08\/Rede-Feminina-4-672x372-1.jpeg\",\"width\":672,\"height\":372},{\"@type\":\"BreadcrumbList\",\"@id\":\"https:\/\/grandelojams.org.br\/es\/rede-feminina-faz-a-entrega-dos-alimentos-arrecadados-durante-o-1o-arraia-de-sao-joao-da-glems\/#breadcrumb\",\"itemListElement\":[{\"@type\":\"ListItem\",\"position\":1,\"name\":\"In\u00edcio\",\"item\":\"https:\/\/grandelojams.org.br\/es\/\"},{\"@type\":\"ListItem\",\"position\":2,\"name\":\"REDE FEMININA FAZ A ENTREGA DOS ALIMENTOS ARRECADADOS DURANTE O 1\u00ba ARRAIA DE S\u00c3O JO\u00c3O DA GLEMS\"}]},{\"@type\":\"WebSite\",\"@id\":\"https:\/\/grandelojams.org.br\/es\/#website\",\"url\":\"https:\/\/grandelojams.org.br\/es\/\",\"name\":\"GLEMS\",\"description\":\"Grande Loja Ma\u00e7\u00f4nica do Mato Grosso do Sul\",\"potentialAction\":[{\"@type\":\"SearchAction\",\"target\":{\"@type\":\"EntryPoint\",\"urlTemplate\":\"https:\/\/grandelojams.org.br\/es\/?s={search_term_string}\"},\"query-input\":{\"@type\":\"PropertyValueSpecification\",\"valueRequired\":true,\"valueName\":\"search_term_string\"}}],\"inLanguage\":\"pt-BR\"},{\"@type\":\"Person\",\"@id\":\"https:\/\/grandelojams.org.br\/es\/#\/schema\/person\/5da1c0de136fe7cc6dea7d22b535752b\",\"name\":\"admin\",\"image\":{\"@type\":\"ImageObject\",\"inLanguage\":\"pt-BR\",\"@id\":\"https:\/\/grandelojams.org.br\/es\/#\/schema\/person\/image\/\",\"url\":\"https:\/\/secure.gravatar.com\/avatar\/786137a0e890f9b53660f24bf8ec01ff8c644974de881f5aedc68bd0708ea113?s=96&d=mm&r=g\",\"contentUrl\":\"https:\/\/secure.gravatar.com\/avatar\/786137a0e890f9b53660f24bf8ec01ff8c644974de881f5aedc68bd0708ea113?s=96&d=mm&r=g\",\"caption\":\"admin\"},\"sameAs\":[\"https:\/\/mondayde.com.br\/clientes\/template1\"],\"url\":\"https:\/\/grandelojams.org.br\/es\/author\/admin\/\"}]}<\/script>\n<!-- \/ Yoast SEO plugin. -->","yoast_head_json":{"title":"REDE FEMININA FAZ A ENTREGA DOS ALIMENTOS ARRECADADOS DURANTE O 1\u00ba ARRAIA DE S\u00c3O JO\u00c3O DA GLEMS - GLEMS","robots":{"index":"index","follow":"follow","max-snippet":"max-snippet:-1","max-image-preview":"max-image-preview:large","max-video-preview":"max-video-preview:-1"},"canonical":"https:\/\/grandelojams.org.br\/es\/rede-feminina-faz-a-entrega-dos-alimentos-arrecadados-durante-o-1o-arraia-de-sao-joao-da-glems\/","og_locale":"pt_BR","og_type":"article","og_title":"REDE FEMININA FAZ A ENTREGA DOS ALIMENTOS ARRECADADOS DURANTE O 1\u00ba ARRAIA DE S\u00c3O JO\u00c3O DA GLEMS - GLEMS","og_description":"A Rede Feminina da Grande Loja Ma\u00e7\u00f4nica do Estado de Mato Grosso do Sul, realizou atrav\u00e9s da cunhada Lourdinha, esposa do Seren\u00edssimo Gr\u00e3o-Mestre, Ir\u2234Ademar de Souza Freitas, a entrega dos alimentos arrecadados durante o 1\u00ba Arraia de S\u00e3o Jo\u00e3o da GLEMS, que aconteceu no dia 24 de junho, deste ano no p\u00e1tio do CEDESC\/FUNLEC. As [&hellip;]","og_url":"https:\/\/grandelojams.org.br\/es\/rede-feminina-faz-a-entrega-dos-alimentos-arrecadados-durante-o-1o-arraia-de-sao-joao-da-glems\/","og_site_name":"GLEMS","article_published_time":"2023-07-18T21:32:41+00:00","article_modified_time":"2025-06-20T19:20:13+00:00","og_image":[{"width":672,"height":372,"url":"https:\/\/grandelojams.org.br\/es\/wp-content\/uploads\/2023\/08\/Rede-Feminina-4-672x372-1.jpeg","type":"image\/jpeg"}],"author":"admin","twitter_card":"summary_large_image","twitter_misc":{"Escrito por":"admin","Est. tempo de leitura":"2 minutos"},"schema":{"@context":"https:\/\/schema.org","@graph":[{"@type":"WebPage","@id":"https:\/\/grandelojams.org.br\/es\/rede-feminina-faz-a-entrega-dos-alimentos-arrecadados-durante-o-1o-arraia-de-sao-joao-da-glems\/","url":"https:\/\/grandelojams.org.br\/es\/rede-feminina-faz-a-entrega-dos-alimentos-arrecadados-durante-o-1o-arraia-de-sao-joao-da-glems\/","name":"REDE FEMININA FAZ A ENTREGA DOS ALIMENTOS ARRECADADOS DURANTE O 1\u00ba ARRAIA DE S\u00c3O JO\u00c3O DA GLEMS - GLEMS","isPartOf":{"@id":"https:\/\/grandelojams.org.br\/es\/#website"},"primaryImageOfPage":{"@id":"https:\/\/grandelojams.org.br\/es\/rede-feminina-faz-a-entrega-dos-alimentos-arrecadados-durante-o-1o-arraia-de-sao-joao-da-glems\/#primaryimage"},"image":{"@id":"https:\/\/grandelojams.org.br\/es\/rede-feminina-faz-a-entrega-dos-alimentos-arrecadados-durante-o-1o-arraia-de-sao-joao-da-glems\/#primaryimage"},"thumbnailUrl":"https:\/\/grandelojams.org.br\/es\/wp-content\/uploads\/2023\/08\/Rede-Feminina-4-672x372-1.jpeg","datePublished":"2023-07-18T21:32:41+00:00","dateModified":"2025-06-20T19:20:13+00:00","author":{"@id":"https:\/\/grandelojams.org.br\/es\/#\/schema\/person\/5da1c0de136fe7cc6dea7d22b535752b"},"breadcrumb":{"@id":"https:\/\/grandelojams.org.br\/es\/rede-feminina-faz-a-entrega-dos-alimentos-arrecadados-durante-o-1o-arraia-de-sao-joao-da-glems\/#breadcrumb"},"inLanguage":"pt-BR","potentialAction":[{"@type":"ReadAction","target":["https:\/\/grandelojams.org.br\/es\/rede-feminina-faz-a-entrega-dos-alimentos-arrecadados-durante-o-1o-arraia-de-sao-joao-da-glems\/"]}]},{"@type":"ImageObject","inLanguage":"pt-BR","@id":"https:\/\/grandelojams.org.br\/es\/rede-feminina-faz-a-entrega-dos-alimentos-arrecadados-durante-o-1o-arraia-de-sao-joao-da-glems\/#primaryimage","url":"https:\/\/grandelojams.org.br\/es\/wp-content\/uploads\/2023\/08\/Rede-Feminina-4-672x372-1.jpeg","contentUrl":"https:\/\/grandelojams.org.br\/es\/wp-content\/uploads\/2023\/08\/Rede-Feminina-4-672x372-1.jpeg","width":672,"height":372},{"@type":"BreadcrumbList","@id":"https:\/\/grandelojams.org.br\/es\/rede-feminina-faz-a-entrega-dos-alimentos-arrecadados-durante-o-1o-arraia-de-sao-joao-da-glems\/#breadcrumb","itemListElement":[{"@type":"ListItem","position":1,"name":"In\u00edcio","item":"https:\/\/grandelojams.org.br\/es\/"},{"@type":"ListItem","position":2,"name":"REDE FEMININA FAZ A ENTREGA DOS ALIMENTOS ARRECADADOS DURANTE O 1\u00ba ARRAIA DE S\u00c3O JO\u00c3O DA GLEMS"}]},{"@type":"WebSite","@id":"https:\/\/grandelojams.org.br\/es\/#website","url":"https:\/\/grandelojams.org.br\/es\/","name":"GLEMS","description":"Grande Loja Ma\u00e7\u00f4nica do Mato Grosso do Sul","potentialAction":[{"@type":"SearchAction","target":{"@type":"EntryPoint","urlTemplate":"https:\/\/grandelojams.org.br\/es\/?s={search_term_string}"},"query-input":{"@type":"PropertyValueSpecification","valueRequired":true,"valueName":"search_term_string"}}],"inLanguage":"pt-BR"},{"@type":"Person","@id":"https:\/\/grandelojams.org.br\/es\/#\/schema\/person\/5da1c0de136fe7cc6dea7d22b535752b","name":"admin","image":{"@type":"ImageObject","inLanguage":"pt-BR","@id":"https:\/\/grandelojams.org.br\/es\/#\/schema\/person\/image\/","url":"https:\/\/secure.gravatar.com\/avatar\/786137a0e890f9b53660f24bf8ec01ff8c644974de881f5aedc68bd0708ea113?s=96&d=mm&r=g","contentUrl":"https:\/\/secure.gravatar.com\/avatar\/786137a0e890f9b53660f24bf8ec01ff8c644974de881f5aedc68bd0708ea113?s=96&d=mm&r=g","caption":"admin"},"sameAs":["https:\/\/mondayde.com.br\/clientes\/template1"],"url":"https:\/\/grandelojams.org.br\/es\/author\/admin\/"}]}},"_links":{"self":[{"href":"https:\/\/grandelojams.org.br\/es\/wp-json\/wp\/v2\/posts\/4127","targetHints":{"allow":["GET"]}}],"collection":[{"href":"https:\/\/grandelojams.org.br\/es\/wp-json\/wp\/v2\/posts"}],"about":[{"href":"https:\/\/grandelojams.org.br\/es\/wp-json\/wp\/v2\/types\/post"}],"author":[{"embeddable":true,"href":"https:\/\/grandelojams.org.br\/es\/wp-json\/wp\/v2\/users\/1"}],"replies":[{"embeddable":true,"href":"https:\/\/grandelojams.org.br\/es\/wp-json\/wp\/v2\/comments?post=4127"}],"version-history":[{"count":1,"href":"https:\/\/grandelojams.org.br\/es\/wp-json\/wp\/v2\/posts\/4127\/revisions"}],"predecessor-version":[{"id":9457,"href":"https:\/\/grandelojams.org.br\/es\/wp-json\/wp\/v2\/posts\/4127\/revisions\/9457"}],"wp:featuredmedia":[{"embeddable":true,"href":"https:\/\/grandelojams.org.br\/es\/wp-json\/wp\/v2\/media\/9423"}],"wp:attachment":[{"href":"https:\/\/grandelojams.org.br\/es\/wp-json\/wp\/v2\/media?parent=4127"}],"wp:term":[{"taxonomy":"category","embeddable":true,"href":"https:\/\/grandelojams.org.br\/es\/wp-json\/wp\/v2\/categories?post=4127"},{"taxonomy":"post_tag","embeddable":true,"href":"https:\/\/grandelojams.org.br\/es\/wp-json\/wp\/v2\/tags?post=4127"}],"curies":[{"name":"wp","href":"https:\/\/api.w.org\/{rel}","templated":true}]}}