{"id":4083,"date":"2023-07-17T18:24:31","date_gmt":"2023-07-17T21:24:31","guid":{"rendered":"https:\/\/grandelojams.org.br\/?p=4083"},"modified":"2025-06-20T16:20:45","modified_gmt":"2025-06-20T19:20:45","slug":"glems-e-destaque-durante-52a-assembleia-geral-ordinaria-da-cmsb-em-rondonia","status":"publish","type":"post","link":"https:\/\/grandelojams.org.br\/es\/glems-e-destaque-durante-52a-assembleia-geral-ordinaria-da-cmsb-em-rondonia\/","title":{"rendered":"GLEMS \u00c9 DESTAQUE DURANTE 52\u00aa ASSEMBLEIA GERAL ORDIN\u00c1RIA DA CMSB EM ROND\u00d4NIA"},"content":{"rendered":"<p>Delega\u00e7\u00f5es de todas as regi\u00f5es do Brasil estiveram de 12 a 16 de julho em Porto Velho, capital de Rond\u00f4nia para participarem da 52\u00aa Assembleia Geral Ordin\u00e1ria da CMSB \u2013 Confedera\u00e7\u00e3o da Ma\u00e7onaria Simb\u00f3lica do Brasil. \u00a0A Grande Loja Ma\u00e7\u00f4nica do Estado de Mato Grosso do Sul marcou presen\u00e7a com comitiva liderada pelo Seren\u00edssimo Gr\u00e3o-Mestre, Ir\u2234 Ademar de Souza Freitas, que foi destaque no evento.<\/p>\n<p>A cerim\u00f4nia de abertura da 52\u00aa CMSB foi realizada no bel\u00edssimo Pal\u00e1cio das Artes, onde aconteceu a transmiss\u00e3o da Presid\u00eancia, a entrada das bandeiras e homenagens.<\/p>\n<p>Todas as 27 Grandes Lojas do Brasil estiveram representadas no evento, bem como os representantes das duas Grandes Lojas do Paraguai e do Supremo Conselho daquele pa\u00eds. Participaram ainda, o representante da Confedera\u00e7\u00e3o da Ma\u00e7onaria Mexicana, representantes da Grande Loja do Gab\u00e3o (\u00c1frica), Al\u00e9m do Soberano Grande Comendador do Rito Escoc\u00eas Antigo e Aceito da Ma\u00e7onaria para a Rep\u00fablica Federativa do Brasil, Ir\u2234 Jorge Luiz Andrade Lins, o Secret\u00e1rio Executivo da Confedera\u00e7\u00e3o Ma\u00e7\u00f4nica Interamericana \u2013 CMI, Ir\u2234 Geraldo de Souza Macedo e v\u00e1rias outras autoridades brasileiras e estrangeiras.<\/p>\n<p><img decoding=\"async\" class=\"size-medium wp-image-4087 aligncenter\" src=\"https:\/\/grandelojams.org.br\/wp-content\/uploads\/2023\/07\/GM-5-300x142.jpeg\" alt=\"\" width=\"300\" height=\"142\" \/><\/p>\n<p>\u201cFoi uma linda festa que contou com a participa\u00e7\u00e3o de comitivas de todas as regi\u00f5es do Pa\u00eds e tamb\u00e9m de Grandes Lojas do exterior. Isso confirma a \u00a0for\u00e7a e o prest\u00edgio que a Ma\u00e7onaria Brasileira tem\u201d, declarou ir\u2234 Ademar.<\/p>\n<p>Durante o evento da CMSB, o Gr\u00e3o-Mestre da GLEMS teve v\u00e1rias participa\u00e7\u00f5es de destaque, como a apresenta\u00e7\u00e3o de um trabalho de pesquisa sobre \u201cAs formas de Elei\u00e7\u00e3o do Gr\u00e3o-Mestre no \u00c2mbito da\u00a0 Ma\u00e7onaria Regular Brasileira\u201d , que foi muito aplaudido e elogiado pelos Gr\u00e3o-Mestres presentes.<\/p>\n<p>Ele tamb\u00e9m apresentou em conjunto com a Grande Loja Ma\u00e7\u00f4nica de Mato Grosso, um projeto de fortalecimento da Ma\u00e7onaria Regular Brasileira, que ser\u00e1 apresentado ao Senador e irm\u00e3o General Mour\u00e3o, que j\u00e1 se prontificou a transform\u00e1-lo em Projeto de Lei a ser apresentado ao Congresso Nacional. Por ocasi\u00e3o da apresenta\u00e7\u00e3o do referido trabalho, o GM Ademar prestou os esclarecimentos necess\u00e1rios e respondeu a v\u00e1rias perguntas formuladas pelos Gr\u00e3o-Mestres.<\/p>\n<p><img fetchpriority=\"high\" decoding=\"async\" class=\"size-medium wp-image-4085 aligncenter\" src=\"https:\/\/grandelojams.org.br\/wp-content\/uploads\/2023\/07\/GM-3-300x225.jpeg\" alt=\"\" width=\"300\" height=\"225\" \/><\/p>\n<p>Ainda durante a Assembleia foi oficializada a candidatura do Gr\u00e3o-Mestre da GLEMS \u00e0 Presidente da V Zona da CMI \u2013 Confedera\u00e7\u00e3o Ma\u00e7\u00f4nica Interamericana, que recebeu apoio unanime.<\/p>\n<p>\u201cEstou muito feliz com os apoios que estou recebendo, em especial com a not\u00edcia dada pelo Secret\u00e1rio Executivo da CMI, Ir\u2234 Geraldo Macedo, de que os Gr\u00e3o-Mestres pertencentes \u00e0 COMAB n\u00e3o tem candidato pr\u00f3prio e que tamb\u00e9m ir\u00e3o me apoiar integralmente. Dessa forma acreditamos que a elei\u00e7\u00e3o est\u00e1 praticamente garantida\u201d, comemorou ir\u2234 Ademar.<\/p>\n<p>E por fim, o Gr\u00e3o-Mestre, Ir\u2234 Ademar oficializou o convite de realiza\u00e7\u00e3o da Confer\u00eancia de Gr\u00e3o-Mestres, em Campo Grande, no dia 24 de novembro desse ano, v\u00e9spera do Baile de Anivers\u00e1rio de 61 anos da GLEMS. \u201cO convite foi aceito e ir\u00e1 integrar o calend\u00e1rio oficial da CMSB e trar\u00e1 mais brilho as atividades festivas, dos de 61 da GLEMS, no final do ano\u201d, agradeceu.<\/p>\n<p><img decoding=\"async\" class=\"size-medium wp-image-4099 aligncenter\" src=\"https:\/\/grandelojams.org.br\/wp-content\/uploads\/2023\/07\/relacoes-exteriores-300x160.jpeg\" alt=\"\" width=\"300\" height=\"160\" \/><\/p>\n<p>Outros membros da comitiva da GLEMS tamb\u00e9m se destacaram no evento como o Eminente Gr\u00e3o-Mestre Adjunto, Ir\u2234 Heron dos Santos Filho, que participou da Comiss\u00e3o encarregada da Carta de Porto Velho e o Gr\u00e3o-Mestre Ad Vitam e Grande Secret\u00e1rio de Rela\u00e7\u00f5es Exteriores, Ir\u2234 Darcy da Costa Filho que participou ativamente das discuss\u00f5es dentro do Semin\u00e1rios dos Grandes Secret\u00e1rios de Rela\u00e7\u00f5es Exteriores, sobre v\u00e1rios assuntos de interesse da ma\u00e7onaria brasileira.<\/p>\n<p>A cunhada Lourdinha e as demais cunhadas que fizeram parte da comitiva estiveram presentes na cerim\u00f4nia de abertura da CMSB e no baile de encerramento, dois eventos bastante concorridos. Al\u00e9m disso, a cunhada Lourdinha teve a oportunidade de trocar experi\u00eancias com as cunhadas de outras Grandes Lojas, a respeito do trabalho filantr\u00f3pico que vem desenvolvendo nas nossas jurisdi\u00e7\u00f5es.<\/p>\n<p>\u00a0<\/p>\n<p>\u00a0<\/p>\n<p>\u00a0<\/p>\n<p>\u00a0<\/p>\n\n\n<figure class=\"wp-block-gallery has-nested-images columns-default is-cropped wp-block-gallery-1 is-layout-flex wp-block-gallery-is-layout-flex\">\n<figure class=\"wp-block-image size-large\"><img decoding=\"async\" data-id=\"4096\" src=\"https:\/\/grandelojams.org.br\/wp-content\/uploads\/2023\/07\/GM-14.jpeg\" alt=\"\" class=\"wp-image-4096\"\/><\/figure>\n\n\n\n<figure class=\"wp-block-image size-large\"><img decoding=\"async\" data-id=\"4090\" src=\"https:\/\/grandelojams.org.br\/wp-content\/uploads\/2023\/07\/GM-8.jpeg\" alt=\"\" class=\"wp-image-4090\"\/><\/figure>\n\n\n\n<figure class=\"wp-block-image size-large\"><img decoding=\"async\" data-id=\"4088\" src=\"https:\/\/grandelojams.org.br\/wp-content\/uploads\/2023\/07\/GM-6.jpeg\" alt=\"\" class=\"wp-image-4088\"\/><\/figure>\n\n\n\n<figure class=\"wp-block-image size-large\"><img decoding=\"async\" data-id=\"4095\" src=\"https:\/\/grandelojams.org.br\/wp-content\/uploads\/2023\/07\/GM-13.jpeg\" alt=\"\" class=\"wp-image-4095\"\/><\/figure>\n\n\n\n<figure class=\"wp-block-image size-large\"><img decoding=\"async\" data-id=\"4093\" src=\"https:\/\/grandelojams.org.br\/wp-content\/uploads\/2023\/07\/GM-11.jpeg\" alt=\"\" class=\"wp-image-4093\"\/><\/figure>\n\n\n\n<figure class=\"wp-block-image size-large\"><img decoding=\"async\" data-id=\"4092\" src=\"https:\/\/grandelojams.org.br\/wp-content\/uploads\/2023\/07\/GM-10.jpeg\" alt=\"\" class=\"wp-image-4092\"\/><\/figure>\n\n\n\n<figure class=\"wp-block-image size-large\"><img decoding=\"async\" data-id=\"4094\" src=\"https:\/\/grandelojams.org.br\/wp-content\/uploads\/2023\/07\/GM-12.jpeg\" alt=\"\" class=\"wp-image-4094\"\/><\/figure>\n\n\n\n<figure class=\"wp-block-image size-large\"><img decoding=\"async\" data-id=\"4098\" src=\"https:\/\/grandelojams.org.br\/wp-content\/uploads\/2023\/07\/GM.jpeg\" alt=\"\" class=\"wp-image-4098\"\/><\/figure>\n\n\n\n<figure class=\"wp-block-image size-large\"><img decoding=\"async\" data-id=\"4097\" src=\"https:\/\/grandelojams.org.br\/wp-content\/uploads\/2023\/07\/GM-15.jpeg\" alt=\"\" class=\"wp-image-4097\"\/><\/figure>\n\n\n\n<figure class=\"wp-block-image size-large\"><img decoding=\"async\" data-id=\"4091\" src=\"https:\/\/grandelojams.org.br\/wp-content\/uploads\/2023\/07\/GM-9.jpeg\" alt=\"\" class=\"wp-image-4091\"\/><\/figure>\n\n\n\n<figure class=\"wp-block-image size-large\"><img decoding=\"async\" data-id=\"4089\" src=\"https:\/\/grandelojams.org.br\/wp-content\/uploads\/2023\/07\/GM-7.jpeg\" alt=\"\" class=\"wp-image-4089\"\/><\/figure>\n\n\n\n<figure class=\"wp-block-image size-large\"><img decoding=\"async\" data-id=\"4085\" src=\"https:\/\/grandelojams.org.br\/wp-content\/uploads\/2023\/07\/GM-3.jpeg\" alt=\"\" class=\"wp-image-4085\"\/><\/figure>\n\n\n\n<figure class=\"wp-block-image size-large\"><img decoding=\"async\" data-id=\"4086\" src=\"https:\/\/grandelojams.org.br\/wp-content\/uploads\/2023\/07\/GM-4.jpeg\" alt=\"\" class=\"wp-image-4086\"\/><\/figure>\n<\/figure>\n","protected":false},"excerpt":{"rendered":"<p>Delega\u00e7\u00f5es de todas as regi\u00f5es do Brasil estiveram de 12 a 16 de julho em Porto Velho, capital de Rond\u00f4nia para participarem da 52\u00aa Assembleia Geral Ordin\u00e1ria da CMSB \u2013 Confedera\u00e7\u00e3o da Ma\u00e7onaria Simb\u00f3lica do Brasil. \u00a0A Grande Loja Ma\u00e7\u00f4nica do Estado de Mato Grosso do Sul marcou presen\u00e7a com comitiva liderada pelo Seren\u00edssimo Gr\u00e3o-Mestre, [&hellip;]<\/p>\n","protected":false},"author":1,"featured_media":9422,"comment_status":"open","ping_status":"open","sticky":false,"template":"","format":"standard","meta":{"footnotes":""},"categories":[55],"tags":[],"class_list":["post-4083","post","type-post","status-publish","format-standard","has-post-thumbnail","hentry","category-palavra-do-s-g-m"],"yoast_head":"<!-- This site is optimized with the Yoast SEO plugin v26.3 - https:\/\/yoast.com\/wordpress\/plugins\/seo\/ -->\n<title>GLEMS \u00c9 DESTAQUE DURANTE 52\u00aa ASSEMBLEIA GERAL ORDIN\u00c1RIA DA CMSB EM ROND\u00d4NIA - GLEMS<\/title>\n<meta name=\"robots\" content=\"index, follow, max-snippet:-1, max-image-preview:large, max-video-preview:-1\" \/>\n<link rel=\"canonical\" href=\"https:\/\/grandelojams.org.br\/es\/glems-e-destaque-durante-52a-assembleia-geral-ordinaria-da-cmsb-em-rondonia\/\" \/>\n<meta property=\"og:locale\" content=\"pt_BR\" \/>\n<meta property=\"og:type\" content=\"article\" \/>\n<meta property=\"og:title\" content=\"GLEMS \u00c9 DESTAQUE DURANTE 52\u00aa ASSEMBLEIA GERAL ORDIN\u00c1RIA DA CMSB EM ROND\u00d4NIA - GLEMS\" \/>\n<meta property=\"og:description\" content=\"Delega\u00e7\u00f5es de todas as regi\u00f5es do Brasil estiveram de 12 a 16 de julho em Porto Velho, capital de Rond\u00f4nia para participarem da 52\u00aa Assembleia Geral Ordin\u00e1ria da CMSB \u2013 Confedera\u00e7\u00e3o da Ma\u00e7onaria Simb\u00f3lica do Brasil. \u00a0A Grande Loja Ma\u00e7\u00f4nica do Estado de Mato Grosso do Sul marcou presen\u00e7a com comitiva liderada pelo Seren\u00edssimo Gr\u00e3o-Mestre, [&hellip;]\" \/>\n<meta property=\"og:url\" content=\"https:\/\/grandelojams.org.br\/es\/glems-e-destaque-durante-52a-assembleia-geral-ordinaria-da-cmsb-em-rondonia\/\" \/>\n<meta property=\"og:site_name\" content=\"GLEMS\" \/>\n<meta property=\"article:published_time\" content=\"2023-07-17T21:24:31+00:00\" \/>\n<meta property=\"article:modified_time\" content=\"2025-06-20T19:20:45+00:00\" \/>\n<meta property=\"og:image\" content=\"https:\/\/grandelojams.org.br\/es\/wp-content\/uploads\/2023\/08\/GM-2-672x372-1.jpeg\" \/>\n\t<meta property=\"og:image:width\" content=\"672\" \/>\n\t<meta property=\"og:image:height\" content=\"372\" \/>\n\t<meta property=\"og:image:type\" content=\"image\/jpeg\" \/>\n<meta name=\"author\" content=\"admin\" \/>\n<meta name=\"twitter:card\" content=\"summary_large_image\" \/>\n<meta name=\"twitter:label1\" content=\"Escrito por\" \/>\n\t<meta name=\"twitter:data1\" content=\"admin\" \/>\n\t<meta name=\"twitter:label2\" content=\"Est. tempo de leitura\" \/>\n\t<meta name=\"twitter:data2\" content=\"7 minutos\" \/>\n<script type=\"application\/ld+json\" class=\"yoast-schema-graph\">{\"@context\":\"https:\/\/schema.org\",\"@graph\":[{\"@type\":\"WebPage\",\"@id\":\"https:\/\/grandelojams.org.br\/es\/glems-e-destaque-durante-52a-assembleia-geral-ordinaria-da-cmsb-em-rondonia\/\",\"url\":\"https:\/\/grandelojams.org.br\/es\/glems-e-destaque-durante-52a-assembleia-geral-ordinaria-da-cmsb-em-rondonia\/\",\"name\":\"GLEMS \u00c9 DESTAQUE DURANTE 52\u00aa ASSEMBLEIA GERAL ORDIN\u00c1RIA DA CMSB EM ROND\u00d4NIA - GLEMS\",\"isPartOf\":{\"@id\":\"https:\/\/grandelojams.org.br\/es\/#website\"},\"primaryImageOfPage\":{\"@id\":\"https:\/\/grandelojams.org.br\/es\/glems-e-destaque-durante-52a-assembleia-geral-ordinaria-da-cmsb-em-rondonia\/#primaryimage\"},\"image\":{\"@id\":\"https:\/\/grandelojams.org.br\/es\/glems-e-destaque-durante-52a-assembleia-geral-ordinaria-da-cmsb-em-rondonia\/#primaryimage\"},\"thumbnailUrl\":\"https:\/\/grandelojams.org.br\/es\/wp-content\/uploads\/2023\/08\/GM-2-672x372-1.jpeg\",\"datePublished\":\"2023-07-17T21:24:31+00:00\",\"dateModified\":\"2025-06-20T19:20:45+00:00\",\"author\":{\"@id\":\"https:\/\/grandelojams.org.br\/es\/#\/schema\/person\/5da1c0de136fe7cc6dea7d22b535752b\"},\"breadcrumb\":{\"@id\":\"https:\/\/grandelojams.org.br\/es\/glems-e-destaque-durante-52a-assembleia-geral-ordinaria-da-cmsb-em-rondonia\/#breadcrumb\"},\"inLanguage\":\"pt-BR\",\"potentialAction\":[{\"@type\":\"ReadAction\",\"target\":[\"https:\/\/grandelojams.org.br\/es\/glems-e-destaque-durante-52a-assembleia-geral-ordinaria-da-cmsb-em-rondonia\/\"]}]},{\"@type\":\"ImageObject\",\"inLanguage\":\"pt-BR\",\"@id\":\"https:\/\/grandelojams.org.br\/es\/glems-e-destaque-durante-52a-assembleia-geral-ordinaria-da-cmsb-em-rondonia\/#primaryimage\",\"url\":\"https:\/\/grandelojams.org.br\/es\/wp-content\/uploads\/2023\/08\/GM-2-672x372-1.jpeg\",\"contentUrl\":\"https:\/\/grandelojams.org.br\/es\/wp-content\/uploads\/2023\/08\/GM-2-672x372-1.jpeg\",\"width\":672,\"height\":372},{\"@type\":\"BreadcrumbList\",\"@id\":\"https:\/\/grandelojams.org.br\/es\/glems-e-destaque-durante-52a-assembleia-geral-ordinaria-da-cmsb-em-rondonia\/#breadcrumb\",\"itemListElement\":[{\"@type\":\"ListItem\",\"position\":1,\"name\":\"In\u00edcio\",\"item\":\"https:\/\/grandelojams.org.br\/es\/\"},{\"@type\":\"ListItem\",\"position\":2,\"name\":\"GLEMS \u00c9 DESTAQUE DURANTE 52\u00aa ASSEMBLEIA GERAL ORDIN\u00c1RIA DA CMSB EM ROND\u00d4NIA\"}]},{\"@type\":\"WebSite\",\"@id\":\"https:\/\/grandelojams.org.br\/es\/#website\",\"url\":\"https:\/\/grandelojams.org.br\/es\/\",\"name\":\"GLEMS\",\"description\":\"Grande Loja Ma\u00e7\u00f4nica do Mato Grosso do Sul\",\"potentialAction\":[{\"@type\":\"SearchAction\",\"target\":{\"@type\":\"EntryPoint\",\"urlTemplate\":\"https:\/\/grandelojams.org.br\/es\/?s={search_term_string}\"},\"query-input\":{\"@type\":\"PropertyValueSpecification\",\"valueRequired\":true,\"valueName\":\"search_term_string\"}}],\"inLanguage\":\"pt-BR\"},{\"@type\":\"Person\",\"@id\":\"https:\/\/grandelojams.org.br\/es\/#\/schema\/person\/5da1c0de136fe7cc6dea7d22b535752b\",\"name\":\"admin\",\"image\":{\"@type\":\"ImageObject\",\"inLanguage\":\"pt-BR\",\"@id\":\"https:\/\/grandelojams.org.br\/es\/#\/schema\/person\/image\/\",\"url\":\"https:\/\/secure.gravatar.com\/avatar\/786137a0e890f9b53660f24bf8ec01ff8c644974de881f5aedc68bd0708ea113?s=96&d=mm&r=g\",\"contentUrl\":\"https:\/\/secure.gravatar.com\/avatar\/786137a0e890f9b53660f24bf8ec01ff8c644974de881f5aedc68bd0708ea113?s=96&d=mm&r=g\",\"caption\":\"admin\"},\"sameAs\":[\"https:\/\/mondayde.com.br\/clientes\/template1\"],\"url\":\"https:\/\/grandelojams.org.br\/es\/author\/admin\/\"}]}<\/script>\n<!-- \/ Yoast SEO plugin. -->","yoast_head_json":{"title":"GLEMS \u00c9 DESTAQUE DURANTE 52\u00aa ASSEMBLEIA GERAL ORDIN\u00c1RIA DA CMSB EM ROND\u00d4NIA - GLEMS","robots":{"index":"index","follow":"follow","max-snippet":"max-snippet:-1","max-image-preview":"max-image-preview:large","max-video-preview":"max-video-preview:-1"},"canonical":"https:\/\/grandelojams.org.br\/es\/glems-e-destaque-durante-52a-assembleia-geral-ordinaria-da-cmsb-em-rondonia\/","og_locale":"pt_BR","og_type":"article","og_title":"GLEMS \u00c9 DESTAQUE DURANTE 52\u00aa ASSEMBLEIA GERAL ORDIN\u00c1RIA DA CMSB EM ROND\u00d4NIA - GLEMS","og_description":"Delega\u00e7\u00f5es de todas as regi\u00f5es do Brasil estiveram de 12 a 16 de julho em Porto Velho, capital de Rond\u00f4nia para participarem da 52\u00aa Assembleia Geral Ordin\u00e1ria da CMSB \u2013 Confedera\u00e7\u00e3o da Ma\u00e7onaria Simb\u00f3lica do Brasil. \u00a0A Grande Loja Ma\u00e7\u00f4nica do Estado de Mato Grosso do Sul marcou presen\u00e7a com comitiva liderada pelo Seren\u00edssimo Gr\u00e3o-Mestre, [&hellip;]","og_url":"https:\/\/grandelojams.org.br\/es\/glems-e-destaque-durante-52a-assembleia-geral-ordinaria-da-cmsb-em-rondonia\/","og_site_name":"GLEMS","article_published_time":"2023-07-17T21:24:31+00:00","article_modified_time":"2025-06-20T19:20:45+00:00","og_image":[{"width":672,"height":372,"url":"https:\/\/grandelojams.org.br\/es\/wp-content\/uploads\/2023\/08\/GM-2-672x372-1.jpeg","type":"image\/jpeg"}],"author":"admin","twitter_card":"summary_large_image","twitter_misc":{"Escrito por":"admin","Est. tempo de leitura":"7 minutos"},"schema":{"@context":"https:\/\/schema.org","@graph":[{"@type":"WebPage","@id":"https:\/\/grandelojams.org.br\/es\/glems-e-destaque-durante-52a-assembleia-geral-ordinaria-da-cmsb-em-rondonia\/","url":"https:\/\/grandelojams.org.br\/es\/glems-e-destaque-durante-52a-assembleia-geral-ordinaria-da-cmsb-em-rondonia\/","name":"GLEMS \u00c9 DESTAQUE DURANTE 52\u00aa ASSEMBLEIA GERAL ORDIN\u00c1RIA DA CMSB EM ROND\u00d4NIA - GLEMS","isPartOf":{"@id":"https:\/\/grandelojams.org.br\/es\/#website"},"primaryImageOfPage":{"@id":"https:\/\/grandelojams.org.br\/es\/glems-e-destaque-durante-52a-assembleia-geral-ordinaria-da-cmsb-em-rondonia\/#primaryimage"},"image":{"@id":"https:\/\/grandelojams.org.br\/es\/glems-e-destaque-durante-52a-assembleia-geral-ordinaria-da-cmsb-em-rondonia\/#primaryimage"},"thumbnailUrl":"https:\/\/grandelojams.org.br\/es\/wp-content\/uploads\/2023\/08\/GM-2-672x372-1.jpeg","datePublished":"2023-07-17T21:24:31+00:00","dateModified":"2025-06-20T19:20:45+00:00","author":{"@id":"https:\/\/grandelojams.org.br\/es\/#\/schema\/person\/5da1c0de136fe7cc6dea7d22b535752b"},"breadcrumb":{"@id":"https:\/\/grandelojams.org.br\/es\/glems-e-destaque-durante-52a-assembleia-geral-ordinaria-da-cmsb-em-rondonia\/#breadcrumb"},"inLanguage":"pt-BR","potentialAction":[{"@type":"ReadAction","target":["https:\/\/grandelojams.org.br\/es\/glems-e-destaque-durante-52a-assembleia-geral-ordinaria-da-cmsb-em-rondonia\/"]}]},{"@type":"ImageObject","inLanguage":"pt-BR","@id":"https:\/\/grandelojams.org.br\/es\/glems-e-destaque-durante-52a-assembleia-geral-ordinaria-da-cmsb-em-rondonia\/#primaryimage","url":"https:\/\/grandelojams.org.br\/es\/wp-content\/uploads\/2023\/08\/GM-2-672x372-1.jpeg","contentUrl":"https:\/\/grandelojams.org.br\/es\/wp-content\/uploads\/2023\/08\/GM-2-672x372-1.jpeg","width":672,"height":372},{"@type":"BreadcrumbList","@id":"https:\/\/grandelojams.org.br\/es\/glems-e-destaque-durante-52a-assembleia-geral-ordinaria-da-cmsb-em-rondonia\/#breadcrumb","itemListElement":[{"@type":"ListItem","position":1,"name":"In\u00edcio","item":"https:\/\/grandelojams.org.br\/es\/"},{"@type":"ListItem","position":2,"name":"GLEMS \u00c9 DESTAQUE DURANTE 52\u00aa ASSEMBLEIA GERAL ORDIN\u00c1RIA DA CMSB EM ROND\u00d4NIA"}]},{"@type":"WebSite","@id":"https:\/\/grandelojams.org.br\/es\/#website","url":"https:\/\/grandelojams.org.br\/es\/","name":"GLEMS","description":"Grande Loja Ma\u00e7\u00f4nica do Mato Grosso do Sul","potentialAction":[{"@type":"SearchAction","target":{"@type":"EntryPoint","urlTemplate":"https:\/\/grandelojams.org.br\/es\/?s={search_term_string}"},"query-input":{"@type":"PropertyValueSpecification","valueRequired":true,"valueName":"search_term_string"}}],"inLanguage":"pt-BR"},{"@type":"Person","@id":"https:\/\/grandelojams.org.br\/es\/#\/schema\/person\/5da1c0de136fe7cc6dea7d22b535752b","name":"admin","image":{"@type":"ImageObject","inLanguage":"pt-BR","@id":"https:\/\/grandelojams.org.br\/es\/#\/schema\/person\/image\/","url":"https:\/\/secure.gravatar.com\/avatar\/786137a0e890f9b53660f24bf8ec01ff8c644974de881f5aedc68bd0708ea113?s=96&d=mm&r=g","contentUrl":"https:\/\/secure.gravatar.com\/avatar\/786137a0e890f9b53660f24bf8ec01ff8c644974de881f5aedc68bd0708ea113?s=96&d=mm&r=g","caption":"admin"},"sameAs":["https:\/\/mondayde.com.br\/clientes\/template1"],"url":"https:\/\/grandelojams.org.br\/es\/author\/admin\/"}]}},"_links":{"self":[{"href":"https:\/\/grandelojams.org.br\/es\/wp-json\/wp\/v2\/posts\/4083","targetHints":{"allow":["GET"]}}],"collection":[{"href":"https:\/\/grandelojams.org.br\/es\/wp-json\/wp\/v2\/posts"}],"about":[{"href":"https:\/\/grandelojams.org.br\/es\/wp-json\/wp\/v2\/types\/post"}],"author":[{"embeddable":true,"href":"https:\/\/grandelojams.org.br\/es\/wp-json\/wp\/v2\/users\/1"}],"replies":[{"embeddable":true,"href":"https:\/\/grandelojams.org.br\/es\/wp-json\/wp\/v2\/comments?post=4083"}],"version-history":[{"count":1,"href":"https:\/\/grandelojams.org.br\/es\/wp-json\/wp\/v2\/posts\/4083\/revisions"}],"predecessor-version":[{"id":9459,"href":"https:\/\/grandelojams.org.br\/es\/wp-json\/wp\/v2\/posts\/4083\/revisions\/9459"}],"wp:featuredmedia":[{"embeddable":true,"href":"https:\/\/grandelojams.org.br\/es\/wp-json\/wp\/v2\/media\/9422"}],"wp:attachment":[{"href":"https:\/\/grandelojams.org.br\/es\/wp-json\/wp\/v2\/media?parent=4083"}],"wp:term":[{"taxonomy":"category","embeddable":true,"href":"https:\/\/grandelojams.org.br\/es\/wp-json\/wp\/v2\/categories?post=4083"},{"taxonomy":"post_tag","embeddable":true,"href":"https:\/\/grandelojams.org.br\/es\/wp-json\/wp\/v2\/tags?post=4083"}],"curies":[{"name":"wp","href":"https:\/\/api.w.org\/{rel}","templated":true}]}}