{"id":4063,"date":"2023-07-13T08:44:31","date_gmt":"2023-07-13T11:44:31","guid":{"rendered":"https:\/\/grandelojams.org.br\/?p=4063"},"modified":"2025-06-20T16:21:16","modified_gmt":"2025-06-20T19:21:16","slug":"loja-luz-e-perfeicao-realiza-sessao-de-regularizacao-dos-irmaos-adonai-e-ivan","status":"publish","type":"post","link":"https:\/\/grandelojams.org.br\/es\/loja-luz-e-perfeicao-realiza-sessao-de-regularizacao-dos-irmaos-adonai-e-ivan\/","title":{"rendered":"LOJA LUZ E PERFEI\u00c7\u00c3O REALIZA SESS\u00c3O DE REGULARIZA\u00c7\u00c3O DOS IRM\u00c3OS ADONAI E IVAN"},"content":{"rendered":"<p>No dia 04 desse m\u00eas, a Augusta e Respeit\u00e1vel Loja Simb\u00f3lica Luz e Perfei\u00e7\u00e3o N\u00ba 66, do Oriente de Campo Grande, realizou Sess\u00e3o de Regulariza\u00e7\u00e3o dos irm\u00e3os Adonai Corr\u00eaa Aranda e Ivan Jucinei J\u00fanior.<\/p>\n<p>Abrilhantaram a Sess\u00e3o as seguintes autoridades ma\u00e7\u00f4nicas: Ex-Seren\u00edssimo Gr\u00e3o-Mestre Adjunto, Ir\u2234 Hugo de Oliveira, o Delegado Geral da GLEMS, Ir\u2234 Ruy C\u00e9sar Barbosa e o Ir\u2234 Rui Decamine, membro do Ilustre Conselho do GOMS.<\/p>\n<p>Estiveram presentes ainda diversos Vener\u00e1veis Mestres, Mestres Instalados e visitantes das tr\u00eas pot\u00eancias regulares de Mato Grosso do Sul (GLEMS, GOB-MS e GOMS), totalizando 23 visitantes.<\/p>\n<p>\u00a0<\/p>\n\n\n<figure class=\"wp-block-gallery has-nested-images columns-default is-cropped wp-block-gallery-1 is-layout-flex wp-block-gallery-is-layout-flex\">\n<figure class=\"wp-block-image size-large\"><img decoding=\"async\" data-id=\"4075\" src=\"https:\/\/grandelojams.org.br\/wp-content\/uploads\/2023\/07\/7.jpeg\" alt=\"\" class=\"wp-image-4075\"\/><\/figure>\n\n\n\n<figure class=\"wp-block-image size-large\"><img decoding=\"async\" data-id=\"4073\" src=\"https:\/\/grandelojams.org.br\/wp-content\/uploads\/2023\/07\/5.jpeg\" alt=\"\" class=\"wp-image-4073\"\/><\/figure>\n\n\n\n<figure class=\"wp-block-image size-large\"><img decoding=\"async\" data-id=\"4077\" src=\"https:\/\/grandelojams.org.br\/wp-content\/uploads\/2023\/07\/Regularizacao-Adonai-regularizados-e-autoridades-1.jpeg\" alt=\"\" class=\"wp-image-4077\"\/><\/figure>\n\n\n\n<figure class=\"wp-block-image size-large\"><img decoding=\"async\" data-id=\"4078\" src=\"https:\/\/grandelojams.org.br\/wp-content\/uploads\/2023\/07\/Regularizacao-Adonai-2-1.jpeg\" alt=\"\" class=\"wp-image-4078\"\/><\/figure>\n\n\n\n<figure class=\"wp-block-image size-large\"><img decoding=\"async\" data-id=\"4076\" src=\"https:\/\/grandelojams.org.br\/wp-content\/uploads\/2023\/07\/8.jpeg\" alt=\"\" class=\"wp-image-4076\"\/><\/figure>\n\n\n\n<figure class=\"wp-block-image size-large\"><img decoding=\"async\" data-id=\"4079\" src=\"https:\/\/grandelojams.org.br\/wp-content\/uploads\/2023\/07\/Regularizacao-Adonai-3-1.jpeg\" alt=\"\" class=\"wp-image-4079\"\/><\/figure>\n<\/figure>\n","protected":false},"excerpt":{"rendered":"<p>No dia 04 desse m\u00eas, a Augusta e Respeit\u00e1vel Loja Simb\u00f3lica Luz e Perfei\u00e7\u00e3o N\u00ba 66, do Oriente de Campo Grande, realizou Sess\u00e3o de Regulariza\u00e7\u00e3o dos irm\u00e3os Adonai Corr\u00eaa Aranda e Ivan Jucinei J\u00fanior. Abrilhantaram a Sess\u00e3o as seguintes autoridades ma\u00e7\u00f4nicas: Ex-Seren\u00edssimo Gr\u00e3o-Mestre Adjunto, Ir\u2234 Hugo de Oliveira, o Delegado Geral da GLEMS, Ir\u2234 Ruy [&hellip;]<\/p>\n","protected":false},"author":1,"featured_media":9421,"comment_status":"open","ping_status":"open","sticky":false,"template":"","format":"standard","meta":{"footnotes":""},"categories":[56],"tags":[],"class_list":["post-4063","post","type-post","status-publish","format-standard","has-post-thumbnail","hentry","category-noticias"],"yoast_head":"<!-- This site is optimized with the Yoast SEO plugin v26.3 - https:\/\/yoast.com\/wordpress\/plugins\/seo\/ -->\n<title>LOJA LUZ E PERFEI\u00c7\u00c3O REALIZA SESS\u00c3O DE REGULARIZA\u00c7\u00c3O DOS IRM\u00c3OS ADONAI E IVAN - GLEMS<\/title>\n<meta name=\"robots\" content=\"index, follow, max-snippet:-1, max-image-preview:large, max-video-preview:-1\" \/>\n<link rel=\"canonical\" href=\"https:\/\/grandelojams.org.br\/es\/loja-luz-e-perfeicao-realiza-sessao-de-regularizacao-dos-irmaos-adonai-e-ivan\/\" \/>\n<meta property=\"og:locale\" content=\"pt_BR\" \/>\n<meta property=\"og:type\" content=\"article\" \/>\n<meta property=\"og:title\" content=\"LOJA LUZ E PERFEI\u00c7\u00c3O REALIZA SESS\u00c3O DE REGULARIZA\u00c7\u00c3O DOS IRM\u00c3OS ADONAI E IVAN - GLEMS\" \/>\n<meta property=\"og:description\" content=\"No dia 04 desse m\u00eas, a Augusta e Respeit\u00e1vel Loja Simb\u00f3lica Luz e Perfei\u00e7\u00e3o N\u00ba 66, do Oriente de Campo Grande, realizou Sess\u00e3o de Regulariza\u00e7\u00e3o dos irm\u00e3os Adonai Corr\u00eaa Aranda e Ivan Jucinei J\u00fanior. Abrilhantaram a Sess\u00e3o as seguintes autoridades ma\u00e7\u00f4nicas: Ex-Seren\u00edssimo Gr\u00e3o-Mestre Adjunto, Ir\u2234 Hugo de Oliveira, o Delegado Geral da GLEMS, Ir\u2234 Ruy [&hellip;]\" \/>\n<meta property=\"og:url\" content=\"https:\/\/grandelojams.org.br\/es\/loja-luz-e-perfeicao-realiza-sessao-de-regularizacao-dos-irmaos-adonai-e-ivan\/\" \/>\n<meta property=\"og:site_name\" content=\"GLEMS\" \/>\n<meta property=\"article:published_time\" content=\"2023-07-13T11:44:31+00:00\" \/>\n<meta property=\"article:modified_time\" content=\"2025-06-20T19:21:16+00:00\" \/>\n<meta property=\"og:image\" content=\"https:\/\/grandelojams.org.br\/es\/wp-content\/uploads\/2023\/08\/Regularizacao-Adonai-1-672x372-1.jpeg\" \/>\n\t<meta property=\"og:image:width\" content=\"672\" \/>\n\t<meta property=\"og:image:height\" content=\"372\" \/>\n\t<meta property=\"og:image:type\" content=\"image\/jpeg\" \/>\n<meta name=\"author\" content=\"admin\" \/>\n<meta name=\"twitter:card\" content=\"summary_large_image\" \/>\n<meta name=\"twitter:label1\" content=\"Escrito por\" \/>\n\t<meta name=\"twitter:data1\" content=\"admin\" \/>\n\t<meta name=\"twitter:label2\" content=\"Est. tempo de leitura\" \/>\n\t<meta name=\"twitter:data2\" content=\"2 minutos\" \/>\n<script type=\"application\/ld+json\" class=\"yoast-schema-graph\">{\"@context\":\"https:\/\/schema.org\",\"@graph\":[{\"@type\":\"WebPage\",\"@id\":\"https:\/\/grandelojams.org.br\/es\/loja-luz-e-perfeicao-realiza-sessao-de-regularizacao-dos-irmaos-adonai-e-ivan\/\",\"url\":\"https:\/\/grandelojams.org.br\/es\/loja-luz-e-perfeicao-realiza-sessao-de-regularizacao-dos-irmaos-adonai-e-ivan\/\",\"name\":\"LOJA LUZ E PERFEI\u00c7\u00c3O REALIZA SESS\u00c3O DE REGULARIZA\u00c7\u00c3O DOS IRM\u00c3OS ADONAI E IVAN - GLEMS\",\"isPartOf\":{\"@id\":\"https:\/\/grandelojams.org.br\/es\/#website\"},\"primaryImageOfPage\":{\"@id\":\"https:\/\/grandelojams.org.br\/es\/loja-luz-e-perfeicao-realiza-sessao-de-regularizacao-dos-irmaos-adonai-e-ivan\/#primaryimage\"},\"image\":{\"@id\":\"https:\/\/grandelojams.org.br\/es\/loja-luz-e-perfeicao-realiza-sessao-de-regularizacao-dos-irmaos-adonai-e-ivan\/#primaryimage\"},\"thumbnailUrl\":\"https:\/\/grandelojams.org.br\/es\/wp-content\/uploads\/2023\/08\/Regularizacao-Adonai-1-672x372-1.jpeg\",\"datePublished\":\"2023-07-13T11:44:31+00:00\",\"dateModified\":\"2025-06-20T19:21:16+00:00\",\"author\":{\"@id\":\"https:\/\/grandelojams.org.br\/es\/#\/schema\/person\/5da1c0de136fe7cc6dea7d22b535752b\"},\"breadcrumb\":{\"@id\":\"https:\/\/grandelojams.org.br\/es\/loja-luz-e-perfeicao-realiza-sessao-de-regularizacao-dos-irmaos-adonai-e-ivan\/#breadcrumb\"},\"inLanguage\":\"pt-BR\",\"potentialAction\":[{\"@type\":\"ReadAction\",\"target\":[\"https:\/\/grandelojams.org.br\/es\/loja-luz-e-perfeicao-realiza-sessao-de-regularizacao-dos-irmaos-adonai-e-ivan\/\"]}]},{\"@type\":\"ImageObject\",\"inLanguage\":\"pt-BR\",\"@id\":\"https:\/\/grandelojams.org.br\/es\/loja-luz-e-perfeicao-realiza-sessao-de-regularizacao-dos-irmaos-adonai-e-ivan\/#primaryimage\",\"url\":\"https:\/\/grandelojams.org.br\/es\/wp-content\/uploads\/2023\/08\/Regularizacao-Adonai-1-672x372-1.jpeg\",\"contentUrl\":\"https:\/\/grandelojams.org.br\/es\/wp-content\/uploads\/2023\/08\/Regularizacao-Adonai-1-672x372-1.jpeg\",\"width\":672,\"height\":372},{\"@type\":\"BreadcrumbList\",\"@id\":\"https:\/\/grandelojams.org.br\/es\/loja-luz-e-perfeicao-realiza-sessao-de-regularizacao-dos-irmaos-adonai-e-ivan\/#breadcrumb\",\"itemListElement\":[{\"@type\":\"ListItem\",\"position\":1,\"name\":\"In\u00edcio\",\"item\":\"https:\/\/grandelojams.org.br\/es\/\"},{\"@type\":\"ListItem\",\"position\":2,\"name\":\"LOJA LUZ E PERFEI\u00c7\u00c3O REALIZA SESS\u00c3O DE REGULARIZA\u00c7\u00c3O DOS IRM\u00c3OS ADONAI E IVAN\"}]},{\"@type\":\"WebSite\",\"@id\":\"https:\/\/grandelojams.org.br\/es\/#website\",\"url\":\"https:\/\/grandelojams.org.br\/es\/\",\"name\":\"GLEMS\",\"description\":\"Grande Loja Ma\u00e7\u00f4nica do Mato Grosso do Sul\",\"potentialAction\":[{\"@type\":\"SearchAction\",\"target\":{\"@type\":\"EntryPoint\",\"urlTemplate\":\"https:\/\/grandelojams.org.br\/es\/?s={search_term_string}\"},\"query-input\":{\"@type\":\"PropertyValueSpecification\",\"valueRequired\":true,\"valueName\":\"search_term_string\"}}],\"inLanguage\":\"pt-BR\"},{\"@type\":\"Person\",\"@id\":\"https:\/\/grandelojams.org.br\/es\/#\/schema\/person\/5da1c0de136fe7cc6dea7d22b535752b\",\"name\":\"admin\",\"image\":{\"@type\":\"ImageObject\",\"inLanguage\":\"pt-BR\",\"@id\":\"https:\/\/grandelojams.org.br\/es\/#\/schema\/person\/image\/\",\"url\":\"https:\/\/secure.gravatar.com\/avatar\/786137a0e890f9b53660f24bf8ec01ff8c644974de881f5aedc68bd0708ea113?s=96&d=mm&r=g\",\"contentUrl\":\"https:\/\/secure.gravatar.com\/avatar\/786137a0e890f9b53660f24bf8ec01ff8c644974de881f5aedc68bd0708ea113?s=96&d=mm&r=g\",\"caption\":\"admin\"},\"sameAs\":[\"https:\/\/mondayde.com.br\/clientes\/template1\"],\"url\":\"https:\/\/grandelojams.org.br\/es\/author\/admin\/\"}]}<\/script>\n<!-- \/ Yoast SEO plugin. -->","yoast_head_json":{"title":"LOJA LUZ E PERFEI\u00c7\u00c3O REALIZA SESS\u00c3O DE REGULARIZA\u00c7\u00c3O DOS IRM\u00c3OS ADONAI E IVAN - GLEMS","robots":{"index":"index","follow":"follow","max-snippet":"max-snippet:-1","max-image-preview":"max-image-preview:large","max-video-preview":"max-video-preview:-1"},"canonical":"https:\/\/grandelojams.org.br\/es\/loja-luz-e-perfeicao-realiza-sessao-de-regularizacao-dos-irmaos-adonai-e-ivan\/","og_locale":"pt_BR","og_type":"article","og_title":"LOJA LUZ E PERFEI\u00c7\u00c3O REALIZA SESS\u00c3O DE REGULARIZA\u00c7\u00c3O DOS IRM\u00c3OS ADONAI E IVAN - GLEMS","og_description":"No dia 04 desse m\u00eas, a Augusta e Respeit\u00e1vel Loja Simb\u00f3lica Luz e Perfei\u00e7\u00e3o N\u00ba 66, do Oriente de Campo Grande, realizou Sess\u00e3o de Regulariza\u00e7\u00e3o dos irm\u00e3os Adonai Corr\u00eaa Aranda e Ivan Jucinei J\u00fanior. Abrilhantaram a Sess\u00e3o as seguintes autoridades ma\u00e7\u00f4nicas: Ex-Seren\u00edssimo Gr\u00e3o-Mestre Adjunto, Ir\u2234 Hugo de Oliveira, o Delegado Geral da GLEMS, Ir\u2234 Ruy [&hellip;]","og_url":"https:\/\/grandelojams.org.br\/es\/loja-luz-e-perfeicao-realiza-sessao-de-regularizacao-dos-irmaos-adonai-e-ivan\/","og_site_name":"GLEMS","article_published_time":"2023-07-13T11:44:31+00:00","article_modified_time":"2025-06-20T19:21:16+00:00","og_image":[{"width":672,"height":372,"url":"https:\/\/grandelojams.org.br\/es\/wp-content\/uploads\/2023\/08\/Regularizacao-Adonai-1-672x372-1.jpeg","type":"image\/jpeg"}],"author":"admin","twitter_card":"summary_large_image","twitter_misc":{"Escrito por":"admin","Est. tempo de leitura":"2 minutos"},"schema":{"@context":"https:\/\/schema.org","@graph":[{"@type":"WebPage","@id":"https:\/\/grandelojams.org.br\/es\/loja-luz-e-perfeicao-realiza-sessao-de-regularizacao-dos-irmaos-adonai-e-ivan\/","url":"https:\/\/grandelojams.org.br\/es\/loja-luz-e-perfeicao-realiza-sessao-de-regularizacao-dos-irmaos-adonai-e-ivan\/","name":"LOJA LUZ E PERFEI\u00c7\u00c3O REALIZA SESS\u00c3O DE REGULARIZA\u00c7\u00c3O DOS IRM\u00c3OS ADONAI E IVAN - GLEMS","isPartOf":{"@id":"https:\/\/grandelojams.org.br\/es\/#website"},"primaryImageOfPage":{"@id":"https:\/\/grandelojams.org.br\/es\/loja-luz-e-perfeicao-realiza-sessao-de-regularizacao-dos-irmaos-adonai-e-ivan\/#primaryimage"},"image":{"@id":"https:\/\/grandelojams.org.br\/es\/loja-luz-e-perfeicao-realiza-sessao-de-regularizacao-dos-irmaos-adonai-e-ivan\/#primaryimage"},"thumbnailUrl":"https:\/\/grandelojams.org.br\/es\/wp-content\/uploads\/2023\/08\/Regularizacao-Adonai-1-672x372-1.jpeg","datePublished":"2023-07-13T11:44:31+00:00","dateModified":"2025-06-20T19:21:16+00:00","author":{"@id":"https:\/\/grandelojams.org.br\/es\/#\/schema\/person\/5da1c0de136fe7cc6dea7d22b535752b"},"breadcrumb":{"@id":"https:\/\/grandelojams.org.br\/es\/loja-luz-e-perfeicao-realiza-sessao-de-regularizacao-dos-irmaos-adonai-e-ivan\/#breadcrumb"},"inLanguage":"pt-BR","potentialAction":[{"@type":"ReadAction","target":["https:\/\/grandelojams.org.br\/es\/loja-luz-e-perfeicao-realiza-sessao-de-regularizacao-dos-irmaos-adonai-e-ivan\/"]}]},{"@type":"ImageObject","inLanguage":"pt-BR","@id":"https:\/\/grandelojams.org.br\/es\/loja-luz-e-perfeicao-realiza-sessao-de-regularizacao-dos-irmaos-adonai-e-ivan\/#primaryimage","url":"https:\/\/grandelojams.org.br\/es\/wp-content\/uploads\/2023\/08\/Regularizacao-Adonai-1-672x372-1.jpeg","contentUrl":"https:\/\/grandelojams.org.br\/es\/wp-content\/uploads\/2023\/08\/Regularizacao-Adonai-1-672x372-1.jpeg","width":672,"height":372},{"@type":"BreadcrumbList","@id":"https:\/\/grandelojams.org.br\/es\/loja-luz-e-perfeicao-realiza-sessao-de-regularizacao-dos-irmaos-adonai-e-ivan\/#breadcrumb","itemListElement":[{"@type":"ListItem","position":1,"name":"In\u00edcio","item":"https:\/\/grandelojams.org.br\/es\/"},{"@type":"ListItem","position":2,"name":"LOJA LUZ E PERFEI\u00c7\u00c3O REALIZA SESS\u00c3O DE REGULARIZA\u00c7\u00c3O DOS IRM\u00c3OS ADONAI E IVAN"}]},{"@type":"WebSite","@id":"https:\/\/grandelojams.org.br\/es\/#website","url":"https:\/\/grandelojams.org.br\/es\/","name":"GLEMS","description":"Grande Loja Ma\u00e7\u00f4nica do Mato Grosso do Sul","potentialAction":[{"@type":"SearchAction","target":{"@type":"EntryPoint","urlTemplate":"https:\/\/grandelojams.org.br\/es\/?s={search_term_string}"},"query-input":{"@type":"PropertyValueSpecification","valueRequired":true,"valueName":"search_term_string"}}],"inLanguage":"pt-BR"},{"@type":"Person","@id":"https:\/\/grandelojams.org.br\/es\/#\/schema\/person\/5da1c0de136fe7cc6dea7d22b535752b","name":"admin","image":{"@type":"ImageObject","inLanguage":"pt-BR","@id":"https:\/\/grandelojams.org.br\/es\/#\/schema\/person\/image\/","url":"https:\/\/secure.gravatar.com\/avatar\/786137a0e890f9b53660f24bf8ec01ff8c644974de881f5aedc68bd0708ea113?s=96&d=mm&r=g","contentUrl":"https:\/\/secure.gravatar.com\/avatar\/786137a0e890f9b53660f24bf8ec01ff8c644974de881f5aedc68bd0708ea113?s=96&d=mm&r=g","caption":"admin"},"sameAs":["https:\/\/mondayde.com.br\/clientes\/template1"],"url":"https:\/\/grandelojams.org.br\/es\/author\/admin\/"}]}},"_links":{"self":[{"href":"https:\/\/grandelojams.org.br\/es\/wp-json\/wp\/v2\/posts\/4063","targetHints":{"allow":["GET"]}}],"collection":[{"href":"https:\/\/grandelojams.org.br\/es\/wp-json\/wp\/v2\/posts"}],"about":[{"href":"https:\/\/grandelojams.org.br\/es\/wp-json\/wp\/v2\/types\/post"}],"author":[{"embeddable":true,"href":"https:\/\/grandelojams.org.br\/es\/wp-json\/wp\/v2\/users\/1"}],"replies":[{"embeddable":true,"href":"https:\/\/grandelojams.org.br\/es\/wp-json\/wp\/v2\/comments?post=4063"}],"version-history":[{"count":1,"href":"https:\/\/grandelojams.org.br\/es\/wp-json\/wp\/v2\/posts\/4063\/revisions"}],"predecessor-version":[{"id":9460,"href":"https:\/\/grandelojams.org.br\/es\/wp-json\/wp\/v2\/posts\/4063\/revisions\/9460"}],"wp:featuredmedia":[{"embeddable":true,"href":"https:\/\/grandelojams.org.br\/es\/wp-json\/wp\/v2\/media\/9421"}],"wp:attachment":[{"href":"https:\/\/grandelojams.org.br\/es\/wp-json\/wp\/v2\/media?parent=4063"}],"wp:term":[{"taxonomy":"category","embeddable":true,"href":"https:\/\/grandelojams.org.br\/es\/wp-json\/wp\/v2\/categories?post=4063"},{"taxonomy":"post_tag","embeddable":true,"href":"https:\/\/grandelojams.org.br\/es\/wp-json\/wp\/v2\/tags?post=4063"}],"curies":[{"name":"wp","href":"https:\/\/api.w.org\/{rel}","templated":true}]}}