{"id":4038,"date":"2023-07-04T17:35:04","date_gmt":"2023-07-04T20:35:04","guid":{"rendered":"https:\/\/grandelojams.org.br\/?p=4038"},"modified":"2025-06-20T16:30:05","modified_gmt":"2025-06-20T19:30:05","slug":"grao-mestre-adjunto-participa-de-sessao-magna-de-iniciacao-em-bela-vista","status":"publish","type":"post","link":"https:\/\/grandelojams.org.br\/es\/grao-mestre-adjunto-participa-de-sessao-magna-de-iniciacao-em-bela-vista\/","title":{"rendered":"GR\u00c3O-MESTRE ADJUNTO PARTICIPA DE SESS\u00c3O MAGNA DE INICIA\u00c7\u00c3O EM BELA VISTA"},"content":{"rendered":"<p>No \u00faltimo s\u00e1bado, dia 1 de julho, a Benem\u00e9rita ARLS Estrela do Apa, N\u00ba 9, do Oriente de Bela Vista realizou Sess\u00e3o Magna de Inicia\u00e7\u00e3o de quatro profanos: Cledson Pereira de Almeida, Cristiano Barbosa, Daniel Garcia Moreno e Edson Jara.<\/p>\n<p>A sess\u00e3o foi conduzida pelo Ven\u2234 M\u2234 da Loja,\u00a0 Ir\u2234 Rubens Souza Lopes e contou com a presen\u00e7a das seguintes autoridades ma\u00e7\u00f4nicas: o Eminente Gr\u00e3o-Mestre Adjunto, Ir\u2234 Heron dos Santos Filho, o Ex Gr\u00e3o-Mestre Adjunto, Ir\u2234 Heron dos Santos, o Delegado Regional, Ir\u2234 S\u00e9rgio Souza, que \u00e9 da Loja Gon\u00e7alves Ledo N\u00ba 16, do Oriente de Bonito e o Delegado Distrital, Ir\u2234 Fernando Jos\u00e9 Claro Pinazo, al\u00e9m do Vener\u00e1vel Mestre da Loja Raz\u00e3o e For\u00e7a (GOB), do Oriente de Porto Murtinho, Ir\u2234 Ademir Lopes e do Vener\u00e1vel Mestre da Loja Salmo de Davi, de Salvador (Bahia), Ir\u2234 S\u00e9rgio Ricardo Lima da Silva.<\/p>\n<p><img fetchpriority=\"high\" decoding=\"async\" class=\"alignnone size-medium wp-image-4043 aligncenter\" src=\"https:\/\/grandelojams.org.br\/wp-content\/uploads\/2023\/07\/Iniciacao-300x169.jpeg\" alt=\"\" width=\"300\" height=\"169\" \/><\/p>\n<p>Abrilhantaram ainda a Sess\u00e3o Magna de Inicia\u00e7\u00e3o, representando lojas jurisdicionadas a GLEMS, o Ir\u2234 Waldomiro Doretto, da Loja Retirada da Laguna N\u00ba 37, de Jardim, o Ir\u2234 Valadares Corr\u00eaa S. Filho, Vener\u00e1vel Mestre Past Master, da Loja Justi\u00e7a, Liberdade e Disciplina, N\u00ba 23, do Oriente de Dourados, o Ir\u2234 Gustavo Medina, da Loja Guardi\u00f5es da Ordem, N\u00ba 70, de Campo Grande, o Ir\u2234 Gilson Ramos Peralta, da Loja Gon\u00e7alves Ledo, N\u00ba 16, de Bonito \u2013 GLEMS, o Ir\u2234 Fabio Dolci, da Loja Aquidaban N\u00ba 4, de Ponta Por\u00e3 e o Ir\u2234 Helbert Basso, da Loja Estrela do Sudoeste N\u00ba 10, de Guia Lopes da Laguna.<\/p>\n<p>Tamb\u00e9m prestigiaram a sess\u00e3o, o Ir\u2234 Renato de Souza Lopes, da Loja Luz e Verdade (GOB) e o Ir\u2234 Paulo Ney F. Sales, da Loja Nova Esperan\u00e7a (YLSP). Ao todo estiveram presentes 37 irm\u00e3os, sendo 15 obreiros do quadro da loja e 22 visitantes.<\/p>\n<p>Ap\u00f3s a sess\u00e3o, os novos irm\u00e3os acompanhados das cunhadas e familiares foram recepcionados no sal\u00e3o de festas da loja,\u00a0 para um jantar de boas vindas.<\/p>\n\n","protected":false},"excerpt":{"rendered":"<p>No \u00faltimo s\u00e1bado, dia 1 de julho, a Benem\u00e9rita ARLS Estrela do Apa, N\u00ba 9, do Oriente de Bela Vista realizou Sess\u00e3o Magna de Inicia\u00e7\u00e3o de quatro profanos: Cledson Pereira de Almeida, Cristiano Barbosa, Daniel Garcia Moreno e Edson Jara. A sess\u00e3o foi conduzida pelo Ven\u2234 M\u2234 da Loja,\u00a0 Ir\u2234 Rubens Souza Lopes e contou [&hellip;]<\/p>\n","protected":false},"author":1,"featured_media":9480,"comment_status":"open","ping_status":"open","sticky":false,"template":"","format":"standard","meta":{"footnotes":""},"categories":[56],"tags":[],"class_list":["post-4038","post","type-post","status-publish","format-standard","has-post-thumbnail","hentry","category-noticias"],"yoast_head":"<!-- This site is optimized with the Yoast SEO plugin v26.3 - https:\/\/yoast.com\/wordpress\/plugins\/seo\/ -->\n<title>GR\u00c3O-MESTRE ADJUNTO PARTICIPA DE SESS\u00c3O MAGNA DE INICIA\u00c7\u00c3O EM BELA VISTA - GLEMS<\/title>\n<meta name=\"robots\" content=\"index, follow, max-snippet:-1, max-image-preview:large, max-video-preview:-1\" \/>\n<link rel=\"canonical\" href=\"https:\/\/grandelojams.org.br\/es\/grao-mestre-adjunto-participa-de-sessao-magna-de-iniciacao-em-bela-vista\/\" \/>\n<meta property=\"og:locale\" content=\"pt_BR\" \/>\n<meta property=\"og:type\" content=\"article\" \/>\n<meta property=\"og:title\" content=\"GR\u00c3O-MESTRE ADJUNTO PARTICIPA DE SESS\u00c3O MAGNA DE INICIA\u00c7\u00c3O EM BELA VISTA - GLEMS\" \/>\n<meta property=\"og:description\" content=\"No \u00faltimo s\u00e1bado, dia 1 de julho, a Benem\u00e9rita ARLS Estrela do Apa, N\u00ba 9, do Oriente de Bela Vista realizou Sess\u00e3o Magna de Inicia\u00e7\u00e3o de quatro profanos: Cledson Pereira de Almeida, Cristiano Barbosa, Daniel Garcia Moreno e Edson Jara. A sess\u00e3o foi conduzida pelo Ven\u2234 M\u2234 da Loja,\u00a0 Ir\u2234 Rubens Souza Lopes e contou [&hellip;]\" \/>\n<meta property=\"og:url\" content=\"https:\/\/grandelojams.org.br\/es\/grao-mestre-adjunto-participa-de-sessao-magna-de-iniciacao-em-bela-vista\/\" \/>\n<meta property=\"og:site_name\" content=\"GLEMS\" \/>\n<meta property=\"article:published_time\" content=\"2023-07-04T20:35:04+00:00\" \/>\n<meta property=\"article:modified_time\" content=\"2025-06-20T19:30:05+00:00\" \/>\n<meta property=\"og:image\" content=\"https:\/\/grandelojams.org.br\/es\/wp-content\/uploads\/2023\/07\/Herons-e-iniciados-672x372-1.jpeg\" \/>\n\t<meta property=\"og:image:width\" content=\"672\" \/>\n\t<meta property=\"og:image:height\" content=\"372\" \/>\n\t<meta property=\"og:image:type\" content=\"image\/jpeg\" \/>\n<meta name=\"author\" content=\"admin\" \/>\n<meta name=\"twitter:card\" content=\"summary_large_image\" \/>\n<meta name=\"twitter:label1\" content=\"Escrito por\" \/>\n\t<meta name=\"twitter:data1\" content=\"admin\" \/>\n\t<meta name=\"twitter:label2\" content=\"Est. tempo de leitura\" \/>\n\t<meta name=\"twitter:data2\" content=\"2 minutos\" \/>\n<script type=\"application\/ld+json\" class=\"yoast-schema-graph\">{\"@context\":\"https:\/\/schema.org\",\"@graph\":[{\"@type\":\"WebPage\",\"@id\":\"https:\/\/grandelojams.org.br\/es\/grao-mestre-adjunto-participa-de-sessao-magna-de-iniciacao-em-bela-vista\/\",\"url\":\"https:\/\/grandelojams.org.br\/es\/grao-mestre-adjunto-participa-de-sessao-magna-de-iniciacao-em-bela-vista\/\",\"name\":\"GR\u00c3O-MESTRE ADJUNTO PARTICIPA DE SESS\u00c3O MAGNA DE INICIA\u00c7\u00c3O EM BELA VISTA - GLEMS\",\"isPartOf\":{\"@id\":\"https:\/\/grandelojams.org.br\/es\/#website\"},\"primaryImageOfPage\":{\"@id\":\"https:\/\/grandelojams.org.br\/es\/grao-mestre-adjunto-participa-de-sessao-magna-de-iniciacao-em-bela-vista\/#primaryimage\"},\"image\":{\"@id\":\"https:\/\/grandelojams.org.br\/es\/grao-mestre-adjunto-participa-de-sessao-magna-de-iniciacao-em-bela-vista\/#primaryimage\"},\"thumbnailUrl\":\"https:\/\/grandelojams.org.br\/es\/wp-content\/uploads\/2023\/07\/Herons-e-iniciados-672x372-1.jpeg\",\"datePublished\":\"2023-07-04T20:35:04+00:00\",\"dateModified\":\"2025-06-20T19:30:05+00:00\",\"author\":{\"@id\":\"https:\/\/grandelojams.org.br\/es\/#\/schema\/person\/5da1c0de136fe7cc6dea7d22b535752b\"},\"breadcrumb\":{\"@id\":\"https:\/\/grandelojams.org.br\/es\/grao-mestre-adjunto-participa-de-sessao-magna-de-iniciacao-em-bela-vista\/#breadcrumb\"},\"inLanguage\":\"pt-BR\",\"potentialAction\":[{\"@type\":\"ReadAction\",\"target\":[\"https:\/\/grandelojams.org.br\/es\/grao-mestre-adjunto-participa-de-sessao-magna-de-iniciacao-em-bela-vista\/\"]}]},{\"@type\":\"ImageObject\",\"inLanguage\":\"pt-BR\",\"@id\":\"https:\/\/grandelojams.org.br\/es\/grao-mestre-adjunto-participa-de-sessao-magna-de-iniciacao-em-bela-vista\/#primaryimage\",\"url\":\"https:\/\/grandelojams.org.br\/es\/wp-content\/uploads\/2023\/07\/Herons-e-iniciados-672x372-1.jpeg\",\"contentUrl\":\"https:\/\/grandelojams.org.br\/es\/wp-content\/uploads\/2023\/07\/Herons-e-iniciados-672x372-1.jpeg\",\"width\":672,\"height\":372},{\"@type\":\"BreadcrumbList\",\"@id\":\"https:\/\/grandelojams.org.br\/es\/grao-mestre-adjunto-participa-de-sessao-magna-de-iniciacao-em-bela-vista\/#breadcrumb\",\"itemListElement\":[{\"@type\":\"ListItem\",\"position\":1,\"name\":\"In\u00edcio\",\"item\":\"https:\/\/grandelojams.org.br\/es\/\"},{\"@type\":\"ListItem\",\"position\":2,\"name\":\"GR\u00c3O-MESTRE ADJUNTO PARTICIPA DE SESS\u00c3O MAGNA DE INICIA\u00c7\u00c3O EM BELA VISTA\"}]},{\"@type\":\"WebSite\",\"@id\":\"https:\/\/grandelojams.org.br\/es\/#website\",\"url\":\"https:\/\/grandelojams.org.br\/es\/\",\"name\":\"GLEMS\",\"description\":\"Grande Loja Ma\u00e7\u00f4nica do Mato Grosso do Sul\",\"potentialAction\":[{\"@type\":\"SearchAction\",\"target\":{\"@type\":\"EntryPoint\",\"urlTemplate\":\"https:\/\/grandelojams.org.br\/es\/?s={search_term_string}\"},\"query-input\":{\"@type\":\"PropertyValueSpecification\",\"valueRequired\":true,\"valueName\":\"search_term_string\"}}],\"inLanguage\":\"pt-BR\"},{\"@type\":\"Person\",\"@id\":\"https:\/\/grandelojams.org.br\/es\/#\/schema\/person\/5da1c0de136fe7cc6dea7d22b535752b\",\"name\":\"admin\",\"image\":{\"@type\":\"ImageObject\",\"inLanguage\":\"pt-BR\",\"@id\":\"https:\/\/grandelojams.org.br\/es\/#\/schema\/person\/image\/\",\"url\":\"https:\/\/secure.gravatar.com\/avatar\/786137a0e890f9b53660f24bf8ec01ff8c644974de881f5aedc68bd0708ea113?s=96&d=mm&r=g\",\"contentUrl\":\"https:\/\/secure.gravatar.com\/avatar\/786137a0e890f9b53660f24bf8ec01ff8c644974de881f5aedc68bd0708ea113?s=96&d=mm&r=g\",\"caption\":\"admin\"},\"sameAs\":[\"https:\/\/mondayde.com.br\/clientes\/template1\"],\"url\":\"https:\/\/grandelojams.org.br\/es\/author\/admin\/\"}]}<\/script>\n<!-- \/ Yoast SEO plugin. -->","yoast_head_json":{"title":"GR\u00c3O-MESTRE ADJUNTO PARTICIPA DE SESS\u00c3O MAGNA DE INICIA\u00c7\u00c3O EM BELA VISTA - GLEMS","robots":{"index":"index","follow":"follow","max-snippet":"max-snippet:-1","max-image-preview":"max-image-preview:large","max-video-preview":"max-video-preview:-1"},"canonical":"https:\/\/grandelojams.org.br\/es\/grao-mestre-adjunto-participa-de-sessao-magna-de-iniciacao-em-bela-vista\/","og_locale":"pt_BR","og_type":"article","og_title":"GR\u00c3O-MESTRE ADJUNTO PARTICIPA DE SESS\u00c3O MAGNA DE INICIA\u00c7\u00c3O EM BELA VISTA - GLEMS","og_description":"No \u00faltimo s\u00e1bado, dia 1 de julho, a Benem\u00e9rita ARLS Estrela do Apa, N\u00ba 9, do Oriente de Bela Vista realizou Sess\u00e3o Magna de Inicia\u00e7\u00e3o de quatro profanos: Cledson Pereira de Almeida, Cristiano Barbosa, Daniel Garcia Moreno e Edson Jara. A sess\u00e3o foi conduzida pelo Ven\u2234 M\u2234 da Loja,\u00a0 Ir\u2234 Rubens Souza Lopes e contou [&hellip;]","og_url":"https:\/\/grandelojams.org.br\/es\/grao-mestre-adjunto-participa-de-sessao-magna-de-iniciacao-em-bela-vista\/","og_site_name":"GLEMS","article_published_time":"2023-07-04T20:35:04+00:00","article_modified_time":"2025-06-20T19:30:05+00:00","og_image":[{"width":672,"height":372,"url":"https:\/\/grandelojams.org.br\/es\/wp-content\/uploads\/2023\/07\/Herons-e-iniciados-672x372-1.jpeg","type":"image\/jpeg"}],"author":"admin","twitter_card":"summary_large_image","twitter_misc":{"Escrito por":"admin","Est. tempo de leitura":"2 minutos"},"schema":{"@context":"https:\/\/schema.org","@graph":[{"@type":"WebPage","@id":"https:\/\/grandelojams.org.br\/es\/grao-mestre-adjunto-participa-de-sessao-magna-de-iniciacao-em-bela-vista\/","url":"https:\/\/grandelojams.org.br\/es\/grao-mestre-adjunto-participa-de-sessao-magna-de-iniciacao-em-bela-vista\/","name":"GR\u00c3O-MESTRE ADJUNTO PARTICIPA DE SESS\u00c3O MAGNA DE INICIA\u00c7\u00c3O EM BELA VISTA - GLEMS","isPartOf":{"@id":"https:\/\/grandelojams.org.br\/es\/#website"},"primaryImageOfPage":{"@id":"https:\/\/grandelojams.org.br\/es\/grao-mestre-adjunto-participa-de-sessao-magna-de-iniciacao-em-bela-vista\/#primaryimage"},"image":{"@id":"https:\/\/grandelojams.org.br\/es\/grao-mestre-adjunto-participa-de-sessao-magna-de-iniciacao-em-bela-vista\/#primaryimage"},"thumbnailUrl":"https:\/\/grandelojams.org.br\/es\/wp-content\/uploads\/2023\/07\/Herons-e-iniciados-672x372-1.jpeg","datePublished":"2023-07-04T20:35:04+00:00","dateModified":"2025-06-20T19:30:05+00:00","author":{"@id":"https:\/\/grandelojams.org.br\/es\/#\/schema\/person\/5da1c0de136fe7cc6dea7d22b535752b"},"breadcrumb":{"@id":"https:\/\/grandelojams.org.br\/es\/grao-mestre-adjunto-participa-de-sessao-magna-de-iniciacao-em-bela-vista\/#breadcrumb"},"inLanguage":"pt-BR","potentialAction":[{"@type":"ReadAction","target":["https:\/\/grandelojams.org.br\/es\/grao-mestre-adjunto-participa-de-sessao-magna-de-iniciacao-em-bela-vista\/"]}]},{"@type":"ImageObject","inLanguage":"pt-BR","@id":"https:\/\/grandelojams.org.br\/es\/grao-mestre-adjunto-participa-de-sessao-magna-de-iniciacao-em-bela-vista\/#primaryimage","url":"https:\/\/grandelojams.org.br\/es\/wp-content\/uploads\/2023\/07\/Herons-e-iniciados-672x372-1.jpeg","contentUrl":"https:\/\/grandelojams.org.br\/es\/wp-content\/uploads\/2023\/07\/Herons-e-iniciados-672x372-1.jpeg","width":672,"height":372},{"@type":"BreadcrumbList","@id":"https:\/\/grandelojams.org.br\/es\/grao-mestre-adjunto-participa-de-sessao-magna-de-iniciacao-em-bela-vista\/#breadcrumb","itemListElement":[{"@type":"ListItem","position":1,"name":"In\u00edcio","item":"https:\/\/grandelojams.org.br\/es\/"},{"@type":"ListItem","position":2,"name":"GR\u00c3O-MESTRE ADJUNTO PARTICIPA DE SESS\u00c3O MAGNA DE INICIA\u00c7\u00c3O EM BELA VISTA"}]},{"@type":"WebSite","@id":"https:\/\/grandelojams.org.br\/es\/#website","url":"https:\/\/grandelojams.org.br\/es\/","name":"GLEMS","description":"Grande Loja Ma\u00e7\u00f4nica do Mato Grosso do Sul","potentialAction":[{"@type":"SearchAction","target":{"@type":"EntryPoint","urlTemplate":"https:\/\/grandelojams.org.br\/es\/?s={search_term_string}"},"query-input":{"@type":"PropertyValueSpecification","valueRequired":true,"valueName":"search_term_string"}}],"inLanguage":"pt-BR"},{"@type":"Person","@id":"https:\/\/grandelojams.org.br\/es\/#\/schema\/person\/5da1c0de136fe7cc6dea7d22b535752b","name":"admin","image":{"@type":"ImageObject","inLanguage":"pt-BR","@id":"https:\/\/grandelojams.org.br\/es\/#\/schema\/person\/image\/","url":"https:\/\/secure.gravatar.com\/avatar\/786137a0e890f9b53660f24bf8ec01ff8c644974de881f5aedc68bd0708ea113?s=96&d=mm&r=g","contentUrl":"https:\/\/secure.gravatar.com\/avatar\/786137a0e890f9b53660f24bf8ec01ff8c644974de881f5aedc68bd0708ea113?s=96&d=mm&r=g","caption":"admin"},"sameAs":["https:\/\/mondayde.com.br\/clientes\/template1"],"url":"https:\/\/grandelojams.org.br\/es\/author\/admin\/"}]}},"_links":{"self":[{"href":"https:\/\/grandelojams.org.br\/es\/wp-json\/wp\/v2\/posts\/4038","targetHints":{"allow":["GET"]}}],"collection":[{"href":"https:\/\/grandelojams.org.br\/es\/wp-json\/wp\/v2\/posts"}],"about":[{"href":"https:\/\/grandelojams.org.br\/es\/wp-json\/wp\/v2\/types\/post"}],"author":[{"embeddable":true,"href":"https:\/\/grandelojams.org.br\/es\/wp-json\/wp\/v2\/users\/1"}],"replies":[{"embeddable":true,"href":"https:\/\/grandelojams.org.br\/es\/wp-json\/wp\/v2\/comments?post=4038"}],"version-history":[{"count":1,"href":"https:\/\/grandelojams.org.br\/es\/wp-json\/wp\/v2\/posts\/4038\/revisions"}],"predecessor-version":[{"id":9483,"href":"https:\/\/grandelojams.org.br\/es\/wp-json\/wp\/v2\/posts\/4038\/revisions\/9483"}],"wp:featuredmedia":[{"embeddable":true,"href":"https:\/\/grandelojams.org.br\/es\/wp-json\/wp\/v2\/media\/9480"}],"wp:attachment":[{"href":"https:\/\/grandelojams.org.br\/es\/wp-json\/wp\/v2\/media?parent=4038"}],"wp:term":[{"taxonomy":"category","embeddable":true,"href":"https:\/\/grandelojams.org.br\/es\/wp-json\/wp\/v2\/categories?post=4038"},{"taxonomy":"post_tag","embeddable":true,"href":"https:\/\/grandelojams.org.br\/es\/wp-json\/wp\/v2\/tags?post=4038"}],"curies":[{"name":"wp","href":"https:\/\/api.w.org\/{rel}","templated":true}]}}