{"id":4029,"date":"2023-07-04T13:37:19","date_gmt":"2023-07-04T16:37:19","guid":{"rendered":"https:\/\/grandelojams.org.br\/?p=4029"},"modified":"2025-06-20T16:30:33","modified_gmt":"2025-06-20T19:30:33","slug":"grao-mestre-prestigia-sessao-conjunta-com-banquete-ritualistico-entre-tres-lojas-da-capital","status":"publish","type":"post","link":"https:\/\/grandelojams.org.br\/es\/grao-mestre-prestigia-sessao-conjunta-com-banquete-ritualistico-entre-tres-lojas-da-capital\/","title":{"rendered":"GR\u00c3O-MESTRE PRESTIGIA SESS\u00c3O CONJUNTA COM BANQUETE RITUAL\u00cdSTICO ENTRE TR\u00caS LOJAS DA CAPITAL"},"content":{"rendered":"<p>Aconteceu na \u00faltima sexta-feira, dia 30 de junho, uma Sess\u00e3o Conjunta com Banquete Ritual\u00edstico, entre as Lojas Ordem e Progresso, N\u00ba 25, Fraternidade e Sapi\u00eancia N\u00ba 54 e Luz e Perfei\u00e7\u00e3o, N\u00ba 66.<\/p>\n<p>A sess\u00e3o aconteceu no sal\u00e3o de festas da Loja Ordem e Progresso. O Ven\u2234 M\u2234 da loja anfitri\u00e3, Ir\u2234 R\u00f4mulo Cappi recebeu as visitas ilustres do Seren\u00edssimo Gr\u00e3o-Mestre, Ir\u2234 Ademar de Souza Freitas e do Gr\u00e3o-Mestre Ad Vitam, Ir\u2234 Jord\u00e3o Abreu da Silva J\u00fanior. Tamb\u00e9m abrilhantaram a sess\u00e3o o Vener\u00e1vel Mestre da Loja Fraternidade e Sapi\u00eancia, Ir\u2234 Jaime Caldeira Jr e o Vener\u00e1vel Mestre da Loja Luz e Perfei\u00e7\u00e3o, Ir\u2234 Glauber da Rocha Martelli.<\/p>\n<p><img decoding=\"async\" class=\"size-medium wp-image-4031 aligncenter\" src=\"https:\/\/grandelojams.org.br\/wp-content\/uploads\/2023\/07\/Progresso-banquete-300x82.jpeg\" alt=\"\" width=\"300\" height=\"82\" \/><\/p>\n<p>Ao todo participaram do Banquete Ritual\u00edstico 44 irm\u00e3os, sendo 25 da Ordem e Progresso, seis da Fraternidade e Sapi\u00eancia, dez da Luz e Perfei\u00e7\u00e3o e seis visitantes.<\/p>\n\n","protected":false},"excerpt":{"rendered":"<p>Aconteceu na \u00faltima sexta-feira, dia 30 de junho, uma Sess\u00e3o Conjunta com Banquete Ritual\u00edstico, entre as Lojas Ordem e Progresso, N\u00ba 25, Fraternidade e Sapi\u00eancia N\u00ba 54 e Luz e Perfei\u00e7\u00e3o, N\u00ba 66. A sess\u00e3o aconteceu no sal\u00e3o de festas da Loja Ordem e Progresso. O Ven\u2234 M\u2234 da loja anfitri\u00e3, Ir\u2234 R\u00f4mulo Cappi recebeu [&hellip;]<\/p>\n","protected":false},"author":1,"featured_media":9479,"comment_status":"open","ping_status":"open","sticky":false,"template":"","format":"standard","meta":{"footnotes":""},"categories":[56],"tags":[],"class_list":["post-4029","post","type-post","status-publish","format-standard","has-post-thumbnail","hentry","category-noticias"],"yoast_head":"<!-- This site is optimized with the Yoast SEO plugin v26.3 - https:\/\/yoast.com\/wordpress\/plugins\/seo\/ -->\n<title>GR\u00c3O-MESTRE PRESTIGIA SESS\u00c3O CONJUNTA COM BANQUETE RITUAL\u00cdSTICO ENTRE TR\u00caS LOJAS DA CAPITAL - GLEMS<\/title>\n<meta name=\"robots\" content=\"index, follow, max-snippet:-1, max-image-preview:large, max-video-preview:-1\" \/>\n<link rel=\"canonical\" href=\"https:\/\/grandelojams.org.br\/es\/grao-mestre-prestigia-sessao-conjunta-com-banquete-ritualistico-entre-tres-lojas-da-capital\/\" \/>\n<meta property=\"og:locale\" content=\"pt_BR\" \/>\n<meta property=\"og:type\" content=\"article\" \/>\n<meta property=\"og:title\" content=\"GR\u00c3O-MESTRE PRESTIGIA SESS\u00c3O CONJUNTA COM BANQUETE RITUAL\u00cdSTICO ENTRE TR\u00caS LOJAS DA CAPITAL - GLEMS\" \/>\n<meta property=\"og:description\" content=\"Aconteceu na \u00faltima sexta-feira, dia 30 de junho, uma Sess\u00e3o Conjunta com Banquete Ritual\u00edstico, entre as Lojas Ordem e Progresso, N\u00ba 25, Fraternidade e Sapi\u00eancia N\u00ba 54 e Luz e Perfei\u00e7\u00e3o, N\u00ba 66. A sess\u00e3o aconteceu no sal\u00e3o de festas da Loja Ordem e Progresso. O Ven\u2234 M\u2234 da loja anfitri\u00e3, Ir\u2234 R\u00f4mulo Cappi recebeu [&hellip;]\" \/>\n<meta property=\"og:url\" content=\"https:\/\/grandelojams.org.br\/es\/grao-mestre-prestigia-sessao-conjunta-com-banquete-ritualistico-entre-tres-lojas-da-capital\/\" \/>\n<meta property=\"og:site_name\" content=\"GLEMS\" \/>\n<meta property=\"article:published_time\" content=\"2023-07-04T16:37:19+00:00\" \/>\n<meta property=\"article:modified_time\" content=\"2025-06-20T19:30:33+00:00\" \/>\n<meta property=\"og:image\" content=\"https:\/\/grandelojams.org.br\/es\/wp-content\/uploads\/2023\/07\/Progresso-gm-e-autoridades-ok-2-672x372-1.jpeg\" \/>\n\t<meta property=\"og:image:width\" content=\"672\" \/>\n\t<meta property=\"og:image:height\" content=\"372\" \/>\n\t<meta property=\"og:image:type\" content=\"image\/jpeg\" \/>\n<meta name=\"author\" content=\"admin\" \/>\n<meta name=\"twitter:card\" content=\"summary_large_image\" \/>\n<meta name=\"twitter:label1\" content=\"Escrito por\" \/>\n\t<meta name=\"twitter:data1\" content=\"admin\" \/>\n\t<meta name=\"twitter:label2\" content=\"Est. tempo de leitura\" \/>\n\t<meta name=\"twitter:data2\" content=\"2 minutos\" \/>\n<script type=\"application\/ld+json\" class=\"yoast-schema-graph\">{\"@context\":\"https:\/\/schema.org\",\"@graph\":[{\"@type\":\"WebPage\",\"@id\":\"https:\/\/grandelojams.org.br\/es\/grao-mestre-prestigia-sessao-conjunta-com-banquete-ritualistico-entre-tres-lojas-da-capital\/\",\"url\":\"https:\/\/grandelojams.org.br\/es\/grao-mestre-prestigia-sessao-conjunta-com-banquete-ritualistico-entre-tres-lojas-da-capital\/\",\"name\":\"GR\u00c3O-MESTRE PRESTIGIA SESS\u00c3O CONJUNTA COM BANQUETE RITUAL\u00cdSTICO ENTRE TR\u00caS LOJAS DA CAPITAL - GLEMS\",\"isPartOf\":{\"@id\":\"https:\/\/grandelojams.org.br\/es\/#website\"},\"primaryImageOfPage\":{\"@id\":\"https:\/\/grandelojams.org.br\/es\/grao-mestre-prestigia-sessao-conjunta-com-banquete-ritualistico-entre-tres-lojas-da-capital\/#primaryimage\"},\"image\":{\"@id\":\"https:\/\/grandelojams.org.br\/es\/grao-mestre-prestigia-sessao-conjunta-com-banquete-ritualistico-entre-tres-lojas-da-capital\/#primaryimage\"},\"thumbnailUrl\":\"https:\/\/grandelojams.org.br\/es\/wp-content\/uploads\/2023\/07\/Progresso-gm-e-autoridades-ok-2-672x372-1.jpeg\",\"datePublished\":\"2023-07-04T16:37:19+00:00\",\"dateModified\":\"2025-06-20T19:30:33+00:00\",\"author\":{\"@id\":\"https:\/\/grandelojams.org.br\/es\/#\/schema\/person\/5da1c0de136fe7cc6dea7d22b535752b\"},\"breadcrumb\":{\"@id\":\"https:\/\/grandelojams.org.br\/es\/grao-mestre-prestigia-sessao-conjunta-com-banquete-ritualistico-entre-tres-lojas-da-capital\/#breadcrumb\"},\"inLanguage\":\"pt-BR\",\"potentialAction\":[{\"@type\":\"ReadAction\",\"target\":[\"https:\/\/grandelojams.org.br\/es\/grao-mestre-prestigia-sessao-conjunta-com-banquete-ritualistico-entre-tres-lojas-da-capital\/\"]}]},{\"@type\":\"ImageObject\",\"inLanguage\":\"pt-BR\",\"@id\":\"https:\/\/grandelojams.org.br\/es\/grao-mestre-prestigia-sessao-conjunta-com-banquete-ritualistico-entre-tres-lojas-da-capital\/#primaryimage\",\"url\":\"https:\/\/grandelojams.org.br\/es\/wp-content\/uploads\/2023\/07\/Progresso-gm-e-autoridades-ok-2-672x372-1.jpeg\",\"contentUrl\":\"https:\/\/grandelojams.org.br\/es\/wp-content\/uploads\/2023\/07\/Progresso-gm-e-autoridades-ok-2-672x372-1.jpeg\",\"width\":672,\"height\":372},{\"@type\":\"BreadcrumbList\",\"@id\":\"https:\/\/grandelojams.org.br\/es\/grao-mestre-prestigia-sessao-conjunta-com-banquete-ritualistico-entre-tres-lojas-da-capital\/#breadcrumb\",\"itemListElement\":[{\"@type\":\"ListItem\",\"position\":1,\"name\":\"In\u00edcio\",\"item\":\"https:\/\/grandelojams.org.br\/es\/\"},{\"@type\":\"ListItem\",\"position\":2,\"name\":\"GR\u00c3O-MESTRE PRESTIGIA SESS\u00c3O CONJUNTA COM BANQUETE RITUAL\u00cdSTICO ENTRE TR\u00caS LOJAS DA CAPITAL\"}]},{\"@type\":\"WebSite\",\"@id\":\"https:\/\/grandelojams.org.br\/es\/#website\",\"url\":\"https:\/\/grandelojams.org.br\/es\/\",\"name\":\"GLEMS\",\"description\":\"Grande Loja Ma\u00e7\u00f4nica do Mato Grosso do Sul\",\"potentialAction\":[{\"@type\":\"SearchAction\",\"target\":{\"@type\":\"EntryPoint\",\"urlTemplate\":\"https:\/\/grandelojams.org.br\/es\/?s={search_term_string}\"},\"query-input\":{\"@type\":\"PropertyValueSpecification\",\"valueRequired\":true,\"valueName\":\"search_term_string\"}}],\"inLanguage\":\"pt-BR\"},{\"@type\":\"Person\",\"@id\":\"https:\/\/grandelojams.org.br\/es\/#\/schema\/person\/5da1c0de136fe7cc6dea7d22b535752b\",\"name\":\"admin\",\"image\":{\"@type\":\"ImageObject\",\"inLanguage\":\"pt-BR\",\"@id\":\"https:\/\/grandelojams.org.br\/es\/#\/schema\/person\/image\/\",\"url\":\"https:\/\/secure.gravatar.com\/avatar\/786137a0e890f9b53660f24bf8ec01ff8c644974de881f5aedc68bd0708ea113?s=96&d=mm&r=g\",\"contentUrl\":\"https:\/\/secure.gravatar.com\/avatar\/786137a0e890f9b53660f24bf8ec01ff8c644974de881f5aedc68bd0708ea113?s=96&d=mm&r=g\",\"caption\":\"admin\"},\"sameAs\":[\"https:\/\/mondayde.com.br\/clientes\/template1\"],\"url\":\"https:\/\/grandelojams.org.br\/es\/author\/admin\/\"}]}<\/script>\n<!-- \/ Yoast SEO plugin. -->","yoast_head_json":{"title":"GR\u00c3O-MESTRE PRESTIGIA SESS\u00c3O CONJUNTA COM BANQUETE RITUAL\u00cdSTICO ENTRE TR\u00caS LOJAS DA CAPITAL - GLEMS","robots":{"index":"index","follow":"follow","max-snippet":"max-snippet:-1","max-image-preview":"max-image-preview:large","max-video-preview":"max-video-preview:-1"},"canonical":"https:\/\/grandelojams.org.br\/es\/grao-mestre-prestigia-sessao-conjunta-com-banquete-ritualistico-entre-tres-lojas-da-capital\/","og_locale":"pt_BR","og_type":"article","og_title":"GR\u00c3O-MESTRE PRESTIGIA SESS\u00c3O CONJUNTA COM BANQUETE RITUAL\u00cdSTICO ENTRE TR\u00caS LOJAS DA CAPITAL - GLEMS","og_description":"Aconteceu na \u00faltima sexta-feira, dia 30 de junho, uma Sess\u00e3o Conjunta com Banquete Ritual\u00edstico, entre as Lojas Ordem e Progresso, N\u00ba 25, Fraternidade e Sapi\u00eancia N\u00ba 54 e Luz e Perfei\u00e7\u00e3o, N\u00ba 66. A sess\u00e3o aconteceu no sal\u00e3o de festas da Loja Ordem e Progresso. O Ven\u2234 M\u2234 da loja anfitri\u00e3, Ir\u2234 R\u00f4mulo Cappi recebeu [&hellip;]","og_url":"https:\/\/grandelojams.org.br\/es\/grao-mestre-prestigia-sessao-conjunta-com-banquete-ritualistico-entre-tres-lojas-da-capital\/","og_site_name":"GLEMS","article_published_time":"2023-07-04T16:37:19+00:00","article_modified_time":"2025-06-20T19:30:33+00:00","og_image":[{"width":672,"height":372,"url":"https:\/\/grandelojams.org.br\/es\/wp-content\/uploads\/2023\/07\/Progresso-gm-e-autoridades-ok-2-672x372-1.jpeg","type":"image\/jpeg"}],"author":"admin","twitter_card":"summary_large_image","twitter_misc":{"Escrito por":"admin","Est. tempo de leitura":"2 minutos"},"schema":{"@context":"https:\/\/schema.org","@graph":[{"@type":"WebPage","@id":"https:\/\/grandelojams.org.br\/es\/grao-mestre-prestigia-sessao-conjunta-com-banquete-ritualistico-entre-tres-lojas-da-capital\/","url":"https:\/\/grandelojams.org.br\/es\/grao-mestre-prestigia-sessao-conjunta-com-banquete-ritualistico-entre-tres-lojas-da-capital\/","name":"GR\u00c3O-MESTRE PRESTIGIA SESS\u00c3O CONJUNTA COM BANQUETE RITUAL\u00cdSTICO ENTRE TR\u00caS LOJAS DA CAPITAL - GLEMS","isPartOf":{"@id":"https:\/\/grandelojams.org.br\/es\/#website"},"primaryImageOfPage":{"@id":"https:\/\/grandelojams.org.br\/es\/grao-mestre-prestigia-sessao-conjunta-com-banquete-ritualistico-entre-tres-lojas-da-capital\/#primaryimage"},"image":{"@id":"https:\/\/grandelojams.org.br\/es\/grao-mestre-prestigia-sessao-conjunta-com-banquete-ritualistico-entre-tres-lojas-da-capital\/#primaryimage"},"thumbnailUrl":"https:\/\/grandelojams.org.br\/es\/wp-content\/uploads\/2023\/07\/Progresso-gm-e-autoridades-ok-2-672x372-1.jpeg","datePublished":"2023-07-04T16:37:19+00:00","dateModified":"2025-06-20T19:30:33+00:00","author":{"@id":"https:\/\/grandelojams.org.br\/es\/#\/schema\/person\/5da1c0de136fe7cc6dea7d22b535752b"},"breadcrumb":{"@id":"https:\/\/grandelojams.org.br\/es\/grao-mestre-prestigia-sessao-conjunta-com-banquete-ritualistico-entre-tres-lojas-da-capital\/#breadcrumb"},"inLanguage":"pt-BR","potentialAction":[{"@type":"ReadAction","target":["https:\/\/grandelojams.org.br\/es\/grao-mestre-prestigia-sessao-conjunta-com-banquete-ritualistico-entre-tres-lojas-da-capital\/"]}]},{"@type":"ImageObject","inLanguage":"pt-BR","@id":"https:\/\/grandelojams.org.br\/es\/grao-mestre-prestigia-sessao-conjunta-com-banquete-ritualistico-entre-tres-lojas-da-capital\/#primaryimage","url":"https:\/\/grandelojams.org.br\/es\/wp-content\/uploads\/2023\/07\/Progresso-gm-e-autoridades-ok-2-672x372-1.jpeg","contentUrl":"https:\/\/grandelojams.org.br\/es\/wp-content\/uploads\/2023\/07\/Progresso-gm-e-autoridades-ok-2-672x372-1.jpeg","width":672,"height":372},{"@type":"BreadcrumbList","@id":"https:\/\/grandelojams.org.br\/es\/grao-mestre-prestigia-sessao-conjunta-com-banquete-ritualistico-entre-tres-lojas-da-capital\/#breadcrumb","itemListElement":[{"@type":"ListItem","position":1,"name":"In\u00edcio","item":"https:\/\/grandelojams.org.br\/es\/"},{"@type":"ListItem","position":2,"name":"GR\u00c3O-MESTRE PRESTIGIA SESS\u00c3O CONJUNTA COM BANQUETE RITUAL\u00cdSTICO ENTRE TR\u00caS LOJAS DA CAPITAL"}]},{"@type":"WebSite","@id":"https:\/\/grandelojams.org.br\/es\/#website","url":"https:\/\/grandelojams.org.br\/es\/","name":"GLEMS","description":"Grande Loja Ma\u00e7\u00f4nica do Mato Grosso do Sul","potentialAction":[{"@type":"SearchAction","target":{"@type":"EntryPoint","urlTemplate":"https:\/\/grandelojams.org.br\/es\/?s={search_term_string}"},"query-input":{"@type":"PropertyValueSpecification","valueRequired":true,"valueName":"search_term_string"}}],"inLanguage":"pt-BR"},{"@type":"Person","@id":"https:\/\/grandelojams.org.br\/es\/#\/schema\/person\/5da1c0de136fe7cc6dea7d22b535752b","name":"admin","image":{"@type":"ImageObject","inLanguage":"pt-BR","@id":"https:\/\/grandelojams.org.br\/es\/#\/schema\/person\/image\/","url":"https:\/\/secure.gravatar.com\/avatar\/786137a0e890f9b53660f24bf8ec01ff8c644974de881f5aedc68bd0708ea113?s=96&d=mm&r=g","contentUrl":"https:\/\/secure.gravatar.com\/avatar\/786137a0e890f9b53660f24bf8ec01ff8c644974de881f5aedc68bd0708ea113?s=96&d=mm&r=g","caption":"admin"},"sameAs":["https:\/\/mondayde.com.br\/clientes\/template1"],"url":"https:\/\/grandelojams.org.br\/es\/author\/admin\/"}]}},"_links":{"self":[{"href":"https:\/\/grandelojams.org.br\/es\/wp-json\/wp\/v2\/posts\/4029","targetHints":{"allow":["GET"]}}],"collection":[{"href":"https:\/\/grandelojams.org.br\/es\/wp-json\/wp\/v2\/posts"}],"about":[{"href":"https:\/\/grandelojams.org.br\/es\/wp-json\/wp\/v2\/types\/post"}],"author":[{"embeddable":true,"href":"https:\/\/grandelojams.org.br\/es\/wp-json\/wp\/v2\/users\/1"}],"replies":[{"embeddable":true,"href":"https:\/\/grandelojams.org.br\/es\/wp-json\/wp\/v2\/comments?post=4029"}],"version-history":[{"count":1,"href":"https:\/\/grandelojams.org.br\/es\/wp-json\/wp\/v2\/posts\/4029\/revisions"}],"predecessor-version":[{"id":9484,"href":"https:\/\/grandelojams.org.br\/es\/wp-json\/wp\/v2\/posts\/4029\/revisions\/9484"}],"wp:featuredmedia":[{"embeddable":true,"href":"https:\/\/grandelojams.org.br\/es\/wp-json\/wp\/v2\/media\/9479"}],"wp:attachment":[{"href":"https:\/\/grandelojams.org.br\/es\/wp-json\/wp\/v2\/media?parent=4029"}],"wp:term":[{"taxonomy":"category","embeddable":true,"href":"https:\/\/grandelojams.org.br\/es\/wp-json\/wp\/v2\/categories?post=4029"},{"taxonomy":"post_tag","embeddable":true,"href":"https:\/\/grandelojams.org.br\/es\/wp-json\/wp\/v2\/tags?post=4029"}],"curies":[{"name":"wp","href":"https:\/\/api.w.org\/{rel}","templated":true}]}}