{"id":4023,"date":"2023-07-04T12:36:54","date_gmt":"2023-07-04T15:36:54","guid":{"rendered":"https:\/\/grandelojams.org.br\/?p=4023"},"modified":"2025-06-20T16:30:43","modified_gmt":"2025-06-20T19:30:43","slug":"lojas-jurisdicionadas-a-glems-realizam-sessoes-magnas-de-exaltacao-e-elevacao","status":"publish","type":"post","link":"https:\/\/grandelojams.org.br\/es\/lojas-jurisdicionadas-a-glems-realizam-sessoes-magnas-de-exaltacao-e-elevacao\/","title":{"rendered":"LOJAS JURISDICIONADAS A GLEMS REALIZAM SESS\u00d5ES MAGNAS DE EXALTA\u00c7\u00c3O E ELEVA\u00c7\u00c3O"},"content":{"rendered":"<p>No dia 26 de junho, a Benem\u00e9rita ARLS Estrela do Sudoeste, N\u00b010, do Oriente de Guia Lopes da Laguna, realizou Sess\u00e3o Magna de Exalta\u00e7\u00e3o de tr\u00eas novos mestres. A sess\u00e3o que exaltou os IIr\u2234 \u00a0Alex Sandro Regmunt, P\u00e9ricles Brum Escobar J\u00fanior e Sidney Kuerten foi conduzida pelo Ven\u2234 M\u2234. da Loja, Ir\u2234 Saulo Roberto Mioto da Costa.<\/p>\n<p>Abrilhantaram a Sess\u00e3o o Eminente Gr\u00e3o-Mestre Adjunto, ir\u2234 Heron dos Santos Filho, o \u00a0Delegado Regional, da 7\u00aa Regi\u00e3o da GLEMS, ir\u2234 S\u00e9rgio Silva de Souza, o Delegado Regional da 6\u00aa Regi\u00e3o, \u00a0ir\u2234 Fernando Jos\u00e9 Claro Pinazo e o Delegado Distrital, ir\u2234 Otavio Battaglin Portela. Al\u00e9m de irm\u00e3os representantes das lojas Estrela do Apa, N\u00ba 9, do Oriente de Bela Vista, Gon\u00e7alves Ledo, N\u00ba16, do Oriente de Bonito, Retirada da Laguna, N\u00ba 37, do Oriente de Jardim e Conquista e Integra\u00e7\u00e3o, N\u00ba 33, do Oriente de Aquidauana, jurisdicionadas \u00e0 GLEMS. Da Loja Nova Esperan\u00e7a, N\u00ba 132 de S\u00e3o Paulo\/SP (GLESP) e quatro Lojas ligadas ao Grande Oriente do Brasil (GOB): Caridade e Ordem N\u00ba 669, de Nioaque, Luz e Fraternidade Jardinense, N\u00ba 2082, de Jardim, Estrela do Rio Formoso, N\u00ba 3036, de Bonito e 18 de Mar\u00e7o, N\u00ba 4633, do Oriente de Petrolina, no Pernambuco.<\/p>\n<p><strong><img fetchpriority=\"high\" decoding=\"async\" class=\"size-medium wp-image-4026 aligncenter\" src=\"https:\/\/grandelojams.org.br\/wp-content\/uploads\/2023\/07\/exaltacao-Guia-Lopes-10-300x225.jpeg\" alt=\"\" width=\"300\" height=\"225\" \/><\/strong><\/p>\n<p><strong>F\u00c1TIMA DO SUL<\/strong><\/p>\n<p>A Loja Tiradentes, N\u00ba 27, do Oriente de F\u00e1tima do Sul, realizou no dia 26 de junho, Sess\u00e3o Magna de Eleva\u00e7\u00e3o. A reuni\u00e3o foi presidida e conduzida pelo Ven\u2234 M\u2234 da Loja, Ir\u2234 \u00a0Danilo Santos Vidal de Arruda.<\/p>\n<p>Foram elevados quatro irm\u00e3os: Alexsandro Mendes Feitosa, Rafael Cabral Rodrigues, Rodrigo Marroni Vieira de Faria e Ronaldo Takeo Honda.<\/p>\n<p>Ao todo 30 irm\u00e3os abrilhantaram a Sess\u00e3o Magna de Eleva\u00e7\u00e3o, sendo 26 do quadro da loja e quatro visitantes da Loja independ\u00eancia, N\u00ba 29, do Oriente de Gloria de Dourados. Esteve presente ainda o Delegado Distrital, Ir\u2234 Jo\u00e3o Emidio da Silva.<\/p>\n<p><strong><img decoding=\"async\" class=\"size-medium wp-image-4025 aligncenter\" src=\"https:\/\/grandelojams.org.br\/wp-content\/uploads\/2023\/07\/Elevacao-Tiradentes-26-06-300x169.jpeg\" alt=\"\" width=\"300\" height=\"169\" \/><\/strong><\/p>\n<p><strong>CAMPO GRANDE<\/strong><\/p>\n<p>A Loja Inconfid\u00eancia, N\u00ba 67, do Oriente de Campo Grande realizou no dia 17 de junho, no Templo da GLEMS, a Sess\u00e3o Magna de Exalta\u00e7\u00e3o dos irm\u00e3os Jos\u00e9 Luiz Richetti, Justiniano Barbosa Vavas e Daniel Gomes Guimar\u00e3es.<\/p>\n<p>Abrilhantaram a sess\u00e3o as seguintes autoridades: o Eminente Gr\u00e3o-Mestre Adjunto, Ir\u2234 Heron dos Santos, o Seren\u00edssimo Gr\u00e3o-Mestre Ad Vitam, Ir\u2234 Juarez Vasconcelos e o Delegado Distrital, Ir\u2234 Jo\u00e3o Vieira Neto.<\/p>\n<p>O \u00c1gape fraternal ocorreu \u00e0s 20h, na Associa\u00e7\u00e3o M\u00e9dica de Campo Grande, no Parque dos Poderes, com a presen\u00e7a maci\u00e7a das Cunhadas.<\/p>\n<p><img decoding=\"async\" class=\"alignnone size-medium wp-image-4027 aligncenter\" src=\"https:\/\/grandelojams.org.br\/wp-content\/uploads\/2023\/07\/Inconfidencia-Exaltacao-Dia-17-300x225.jpeg\" alt=\"\" width=\"300\" height=\"225\" \/><\/p>\n","protected":false},"excerpt":{"rendered":"<p>No dia 26 de junho, a Benem\u00e9rita ARLS Estrela do Sudoeste, N\u00b010, do Oriente de Guia Lopes da Laguna, realizou Sess\u00e3o Magna de Exalta\u00e7\u00e3o de tr\u00eas novos mestres. A sess\u00e3o que exaltou os IIr\u2234 \u00a0Alex Sandro Regmunt, P\u00e9ricles Brum Escobar J\u00fanior e Sidney Kuerten foi conduzida pelo Ven\u2234 M\u2234. da Loja, Ir\u2234 Saulo Roberto Mioto [&hellip;]<\/p>\n","protected":false},"author":1,"featured_media":9478,"comment_status":"open","ping_status":"open","sticky":false,"template":"","format":"standard","meta":{"footnotes":""},"categories":[56],"tags":[],"class_list":["post-4023","post","type-post","status-publish","format-standard","has-post-thumbnail","hentry","category-noticias"],"yoast_head":"<!-- This site is optimized with the Yoast SEO plugin v26.3 - https:\/\/yoast.com\/wordpress\/plugins\/seo\/ -->\n<title>LOJAS JURISDICIONADAS A GLEMS REALIZAM SESS\u00d5ES MAGNAS DE EXALTA\u00c7\u00c3O E ELEVA\u00c7\u00c3O - GLEMS<\/title>\n<meta name=\"robots\" content=\"index, follow, max-snippet:-1, max-image-preview:large, max-video-preview:-1\" \/>\n<link rel=\"canonical\" href=\"https:\/\/grandelojams.org.br\/es\/lojas-jurisdicionadas-a-glems-realizam-sessoes-magnas-de-exaltacao-e-elevacao\/\" \/>\n<meta property=\"og:locale\" content=\"pt_BR\" \/>\n<meta property=\"og:type\" content=\"article\" \/>\n<meta property=\"og:title\" content=\"LOJAS JURISDICIONADAS A GLEMS REALIZAM SESS\u00d5ES MAGNAS DE EXALTA\u00c7\u00c3O E ELEVA\u00c7\u00c3O - GLEMS\" \/>\n<meta property=\"og:description\" content=\"No dia 26 de junho, a Benem\u00e9rita ARLS Estrela do Sudoeste, N\u00b010, do Oriente de Guia Lopes da Laguna, realizou Sess\u00e3o Magna de Exalta\u00e7\u00e3o de tr\u00eas novos mestres. A sess\u00e3o que exaltou os IIr\u2234 \u00a0Alex Sandro Regmunt, P\u00e9ricles Brum Escobar J\u00fanior e Sidney Kuerten foi conduzida pelo Ven\u2234 M\u2234. da Loja, Ir\u2234 Saulo Roberto Mioto [&hellip;]\" \/>\n<meta property=\"og:url\" content=\"https:\/\/grandelojams.org.br\/es\/lojas-jurisdicionadas-a-glems-realizam-sessoes-magnas-de-exaltacao-e-elevacao\/\" \/>\n<meta property=\"og:site_name\" content=\"GLEMS\" \/>\n<meta property=\"article:published_time\" content=\"2023-07-04T15:36:54+00:00\" \/>\n<meta property=\"article:modified_time\" content=\"2025-06-20T19:30:43+00:00\" \/>\n<meta property=\"og:image\" content=\"https:\/\/grandelojams.org.br\/es\/wp-content\/uploads\/2023\/07\/Destaque-exaltacoes-e-elevacao-500x372-1.png\" \/>\n\t<meta property=\"og:image:width\" content=\"500\" \/>\n\t<meta property=\"og:image:height\" content=\"372\" \/>\n\t<meta property=\"og:image:type\" content=\"image\/png\" \/>\n<meta name=\"author\" content=\"admin\" \/>\n<meta name=\"twitter:card\" content=\"summary_large_image\" \/>\n<meta name=\"twitter:label1\" content=\"Escrito por\" \/>\n\t<meta name=\"twitter:data1\" content=\"admin\" \/>\n\t<meta name=\"twitter:label2\" content=\"Est. tempo de leitura\" \/>\n\t<meta name=\"twitter:data2\" content=\"3 minutos\" \/>\n<script type=\"application\/ld+json\" class=\"yoast-schema-graph\">{\"@context\":\"https:\/\/schema.org\",\"@graph\":[{\"@type\":\"WebPage\",\"@id\":\"https:\/\/grandelojams.org.br\/es\/lojas-jurisdicionadas-a-glems-realizam-sessoes-magnas-de-exaltacao-e-elevacao\/\",\"url\":\"https:\/\/grandelojams.org.br\/es\/lojas-jurisdicionadas-a-glems-realizam-sessoes-magnas-de-exaltacao-e-elevacao\/\",\"name\":\"LOJAS JURISDICIONADAS A GLEMS REALIZAM SESS\u00d5ES MAGNAS DE EXALTA\u00c7\u00c3O E ELEVA\u00c7\u00c3O - GLEMS\",\"isPartOf\":{\"@id\":\"https:\/\/grandelojams.org.br\/es\/#website\"},\"primaryImageOfPage\":{\"@id\":\"https:\/\/grandelojams.org.br\/es\/lojas-jurisdicionadas-a-glems-realizam-sessoes-magnas-de-exaltacao-e-elevacao\/#primaryimage\"},\"image\":{\"@id\":\"https:\/\/grandelojams.org.br\/es\/lojas-jurisdicionadas-a-glems-realizam-sessoes-magnas-de-exaltacao-e-elevacao\/#primaryimage\"},\"thumbnailUrl\":\"https:\/\/grandelojams.org.br\/es\/wp-content\/uploads\/2023\/07\/Destaque-exaltacoes-e-elevacao-500x372-1.png\",\"datePublished\":\"2023-07-04T15:36:54+00:00\",\"dateModified\":\"2025-06-20T19:30:43+00:00\",\"author\":{\"@id\":\"https:\/\/grandelojams.org.br\/es\/#\/schema\/person\/5da1c0de136fe7cc6dea7d22b535752b\"},\"breadcrumb\":{\"@id\":\"https:\/\/grandelojams.org.br\/es\/lojas-jurisdicionadas-a-glems-realizam-sessoes-magnas-de-exaltacao-e-elevacao\/#breadcrumb\"},\"inLanguage\":\"pt-BR\",\"potentialAction\":[{\"@type\":\"ReadAction\",\"target\":[\"https:\/\/grandelojams.org.br\/es\/lojas-jurisdicionadas-a-glems-realizam-sessoes-magnas-de-exaltacao-e-elevacao\/\"]}]},{\"@type\":\"ImageObject\",\"inLanguage\":\"pt-BR\",\"@id\":\"https:\/\/grandelojams.org.br\/es\/lojas-jurisdicionadas-a-glems-realizam-sessoes-magnas-de-exaltacao-e-elevacao\/#primaryimage\",\"url\":\"https:\/\/grandelojams.org.br\/es\/wp-content\/uploads\/2023\/07\/Destaque-exaltacoes-e-elevacao-500x372-1.png\",\"contentUrl\":\"https:\/\/grandelojams.org.br\/es\/wp-content\/uploads\/2023\/07\/Destaque-exaltacoes-e-elevacao-500x372-1.png\",\"width\":500,\"height\":372},{\"@type\":\"BreadcrumbList\",\"@id\":\"https:\/\/grandelojams.org.br\/es\/lojas-jurisdicionadas-a-glems-realizam-sessoes-magnas-de-exaltacao-e-elevacao\/#breadcrumb\",\"itemListElement\":[{\"@type\":\"ListItem\",\"position\":1,\"name\":\"In\u00edcio\",\"item\":\"https:\/\/grandelojams.org.br\/es\/\"},{\"@type\":\"ListItem\",\"position\":2,\"name\":\"LOJAS JURISDICIONADAS A GLEMS REALIZAM SESS\u00d5ES MAGNAS DE EXALTA\u00c7\u00c3O E ELEVA\u00c7\u00c3O\"}]},{\"@type\":\"WebSite\",\"@id\":\"https:\/\/grandelojams.org.br\/es\/#website\",\"url\":\"https:\/\/grandelojams.org.br\/es\/\",\"name\":\"GLEMS\",\"description\":\"Grande Loja Ma\u00e7\u00f4nica do Mato Grosso do Sul\",\"potentialAction\":[{\"@type\":\"SearchAction\",\"target\":{\"@type\":\"EntryPoint\",\"urlTemplate\":\"https:\/\/grandelojams.org.br\/es\/?s={search_term_string}\"},\"query-input\":{\"@type\":\"PropertyValueSpecification\",\"valueRequired\":true,\"valueName\":\"search_term_string\"}}],\"inLanguage\":\"pt-BR\"},{\"@type\":\"Person\",\"@id\":\"https:\/\/grandelojams.org.br\/es\/#\/schema\/person\/5da1c0de136fe7cc6dea7d22b535752b\",\"name\":\"admin\",\"image\":{\"@type\":\"ImageObject\",\"inLanguage\":\"pt-BR\",\"@id\":\"https:\/\/grandelojams.org.br\/es\/#\/schema\/person\/image\/\",\"url\":\"https:\/\/secure.gravatar.com\/avatar\/786137a0e890f9b53660f24bf8ec01ff8c644974de881f5aedc68bd0708ea113?s=96&d=mm&r=g\",\"contentUrl\":\"https:\/\/secure.gravatar.com\/avatar\/786137a0e890f9b53660f24bf8ec01ff8c644974de881f5aedc68bd0708ea113?s=96&d=mm&r=g\",\"caption\":\"admin\"},\"sameAs\":[\"https:\/\/mondayde.com.br\/clientes\/template1\"],\"url\":\"https:\/\/grandelojams.org.br\/es\/author\/admin\/\"}]}<\/script>\n<!-- \/ Yoast SEO plugin. -->","yoast_head_json":{"title":"LOJAS JURISDICIONADAS A GLEMS REALIZAM SESS\u00d5ES MAGNAS DE EXALTA\u00c7\u00c3O E ELEVA\u00c7\u00c3O - GLEMS","robots":{"index":"index","follow":"follow","max-snippet":"max-snippet:-1","max-image-preview":"max-image-preview:large","max-video-preview":"max-video-preview:-1"},"canonical":"https:\/\/grandelojams.org.br\/es\/lojas-jurisdicionadas-a-glems-realizam-sessoes-magnas-de-exaltacao-e-elevacao\/","og_locale":"pt_BR","og_type":"article","og_title":"LOJAS JURISDICIONADAS A GLEMS REALIZAM SESS\u00d5ES MAGNAS DE EXALTA\u00c7\u00c3O E ELEVA\u00c7\u00c3O - GLEMS","og_description":"No dia 26 de junho, a Benem\u00e9rita ARLS Estrela do Sudoeste, N\u00b010, do Oriente de Guia Lopes da Laguna, realizou Sess\u00e3o Magna de Exalta\u00e7\u00e3o de tr\u00eas novos mestres. A sess\u00e3o que exaltou os IIr\u2234 \u00a0Alex Sandro Regmunt, P\u00e9ricles Brum Escobar J\u00fanior e Sidney Kuerten foi conduzida pelo Ven\u2234 M\u2234. da Loja, Ir\u2234 Saulo Roberto Mioto [&hellip;]","og_url":"https:\/\/grandelojams.org.br\/es\/lojas-jurisdicionadas-a-glems-realizam-sessoes-magnas-de-exaltacao-e-elevacao\/","og_site_name":"GLEMS","article_published_time":"2023-07-04T15:36:54+00:00","article_modified_time":"2025-06-20T19:30:43+00:00","og_image":[{"width":500,"height":372,"url":"https:\/\/grandelojams.org.br\/es\/wp-content\/uploads\/2023\/07\/Destaque-exaltacoes-e-elevacao-500x372-1.png","type":"image\/png"}],"author":"admin","twitter_card":"summary_large_image","twitter_misc":{"Escrito por":"admin","Est. tempo de leitura":"3 minutos"},"schema":{"@context":"https:\/\/schema.org","@graph":[{"@type":"WebPage","@id":"https:\/\/grandelojams.org.br\/es\/lojas-jurisdicionadas-a-glems-realizam-sessoes-magnas-de-exaltacao-e-elevacao\/","url":"https:\/\/grandelojams.org.br\/es\/lojas-jurisdicionadas-a-glems-realizam-sessoes-magnas-de-exaltacao-e-elevacao\/","name":"LOJAS JURISDICIONADAS A GLEMS REALIZAM SESS\u00d5ES MAGNAS DE EXALTA\u00c7\u00c3O E ELEVA\u00c7\u00c3O - GLEMS","isPartOf":{"@id":"https:\/\/grandelojams.org.br\/es\/#website"},"primaryImageOfPage":{"@id":"https:\/\/grandelojams.org.br\/es\/lojas-jurisdicionadas-a-glems-realizam-sessoes-magnas-de-exaltacao-e-elevacao\/#primaryimage"},"image":{"@id":"https:\/\/grandelojams.org.br\/es\/lojas-jurisdicionadas-a-glems-realizam-sessoes-magnas-de-exaltacao-e-elevacao\/#primaryimage"},"thumbnailUrl":"https:\/\/grandelojams.org.br\/es\/wp-content\/uploads\/2023\/07\/Destaque-exaltacoes-e-elevacao-500x372-1.png","datePublished":"2023-07-04T15:36:54+00:00","dateModified":"2025-06-20T19:30:43+00:00","author":{"@id":"https:\/\/grandelojams.org.br\/es\/#\/schema\/person\/5da1c0de136fe7cc6dea7d22b535752b"},"breadcrumb":{"@id":"https:\/\/grandelojams.org.br\/es\/lojas-jurisdicionadas-a-glems-realizam-sessoes-magnas-de-exaltacao-e-elevacao\/#breadcrumb"},"inLanguage":"pt-BR","potentialAction":[{"@type":"ReadAction","target":["https:\/\/grandelojams.org.br\/es\/lojas-jurisdicionadas-a-glems-realizam-sessoes-magnas-de-exaltacao-e-elevacao\/"]}]},{"@type":"ImageObject","inLanguage":"pt-BR","@id":"https:\/\/grandelojams.org.br\/es\/lojas-jurisdicionadas-a-glems-realizam-sessoes-magnas-de-exaltacao-e-elevacao\/#primaryimage","url":"https:\/\/grandelojams.org.br\/es\/wp-content\/uploads\/2023\/07\/Destaque-exaltacoes-e-elevacao-500x372-1.png","contentUrl":"https:\/\/grandelojams.org.br\/es\/wp-content\/uploads\/2023\/07\/Destaque-exaltacoes-e-elevacao-500x372-1.png","width":500,"height":372},{"@type":"BreadcrumbList","@id":"https:\/\/grandelojams.org.br\/es\/lojas-jurisdicionadas-a-glems-realizam-sessoes-magnas-de-exaltacao-e-elevacao\/#breadcrumb","itemListElement":[{"@type":"ListItem","position":1,"name":"In\u00edcio","item":"https:\/\/grandelojams.org.br\/es\/"},{"@type":"ListItem","position":2,"name":"LOJAS JURISDICIONADAS A GLEMS REALIZAM SESS\u00d5ES MAGNAS DE EXALTA\u00c7\u00c3O E ELEVA\u00c7\u00c3O"}]},{"@type":"WebSite","@id":"https:\/\/grandelojams.org.br\/es\/#website","url":"https:\/\/grandelojams.org.br\/es\/","name":"GLEMS","description":"Grande Loja Ma\u00e7\u00f4nica do Mato Grosso do Sul","potentialAction":[{"@type":"SearchAction","target":{"@type":"EntryPoint","urlTemplate":"https:\/\/grandelojams.org.br\/es\/?s={search_term_string}"},"query-input":{"@type":"PropertyValueSpecification","valueRequired":true,"valueName":"search_term_string"}}],"inLanguage":"pt-BR"},{"@type":"Person","@id":"https:\/\/grandelojams.org.br\/es\/#\/schema\/person\/5da1c0de136fe7cc6dea7d22b535752b","name":"admin","image":{"@type":"ImageObject","inLanguage":"pt-BR","@id":"https:\/\/grandelojams.org.br\/es\/#\/schema\/person\/image\/","url":"https:\/\/secure.gravatar.com\/avatar\/786137a0e890f9b53660f24bf8ec01ff8c644974de881f5aedc68bd0708ea113?s=96&d=mm&r=g","contentUrl":"https:\/\/secure.gravatar.com\/avatar\/786137a0e890f9b53660f24bf8ec01ff8c644974de881f5aedc68bd0708ea113?s=96&d=mm&r=g","caption":"admin"},"sameAs":["https:\/\/mondayde.com.br\/clientes\/template1"],"url":"https:\/\/grandelojams.org.br\/es\/author\/admin\/"}]}},"_links":{"self":[{"href":"https:\/\/grandelojams.org.br\/es\/wp-json\/wp\/v2\/posts\/4023","targetHints":{"allow":["GET"]}}],"collection":[{"href":"https:\/\/grandelojams.org.br\/es\/wp-json\/wp\/v2\/posts"}],"about":[{"href":"https:\/\/grandelojams.org.br\/es\/wp-json\/wp\/v2\/types\/post"}],"author":[{"embeddable":true,"href":"https:\/\/grandelojams.org.br\/es\/wp-json\/wp\/v2\/users\/1"}],"replies":[{"embeddable":true,"href":"https:\/\/grandelojams.org.br\/es\/wp-json\/wp\/v2\/comments?post=4023"}],"version-history":[{"count":1,"href":"https:\/\/grandelojams.org.br\/es\/wp-json\/wp\/v2\/posts\/4023\/revisions"}],"predecessor-version":[{"id":9485,"href":"https:\/\/grandelojams.org.br\/es\/wp-json\/wp\/v2\/posts\/4023\/revisions\/9485"}],"wp:featuredmedia":[{"embeddable":true,"href":"https:\/\/grandelojams.org.br\/es\/wp-json\/wp\/v2\/media\/9478"}],"wp:attachment":[{"href":"https:\/\/grandelojams.org.br\/es\/wp-json\/wp\/v2\/media?parent=4023"}],"wp:term":[{"taxonomy":"category","embeddable":true,"href":"https:\/\/grandelojams.org.br\/es\/wp-json\/wp\/v2\/categories?post=4023"},{"taxonomy":"post_tag","embeddable":true,"href":"https:\/\/grandelojams.org.br\/es\/wp-json\/wp\/v2\/tags?post=4023"}],"curies":[{"name":"wp","href":"https:\/\/api.w.org\/{rel}","templated":true}]}}