{"id":3989,"date":"2023-07-04T11:20:57","date_gmt":"2023-07-04T14:20:57","guid":{"rendered":"https:\/\/grandelojams.org.br\/?p=3989"},"modified":"2025-06-20T16:30:49","modified_gmt":"2025-06-20T19:30:49","slug":"glems-concede-carta-de-benemerita-para-loja-silo-vargas-batista-de-iguatemi","status":"publish","type":"post","link":"https:\/\/grandelojams.org.br\/es\/glems-concede-carta-de-benemerita-para-loja-silo-vargas-batista-de-iguatemi\/","title":{"rendered":"GLEMS CONCEDE CARTA DE BENEM\u00c9RITA PARA LOJA SILO VARGAS BATISTA DE IGUATEMI"},"content":{"rendered":"<p style=\"text-align: center;\"><a href=\"https:\/\/youtu.be\/Eau7iO1nh5o\">CLICK AQUI PARA ASSISTIR A REPORTAGEM<\/a><\/p>\n<p>Uma noite de celebra\u00e7\u00e3o e festa. Neste s\u00e1bado, dia primeiro de julho, a Grande Loja Ma\u00e7\u00f4nica do Estado de Mato Grosso Do Sul, na pessoa do Seren\u00edssimo Gr\u00e3o-Mestre, Ir\u2234 Ademar de Souza Freitas entregou em Sess\u00e3o Festiva, a Carta Constitutiva de Benem\u00e9rita para a ARLS Silo Vargas Batista, n\u00famero 17, do Oriente De Iguatemi, pelos 50 anos de funda\u00e7\u00e3o.<\/p>\n<p>Abrilhantaram a Sess\u00e3o Festiva, juntamente com o Gr\u00e3o-Mestre, o Delegado Geral, Ruy C\u00e9sar Barbosa, o Delegado Regional, da 12\u00ba Regi\u00e3o da GLEMS, Ir\u2234 Samuel Ribeiro da Silva, o Delegado Distrital da 24\u00ba Delegacia Distrital, Ir\u2234 Manoel \u00c1lvaro Silveira e do Delegado Distrital, da 26\u00ba Delegacia Distrital,\u00a0 Ir\u2234 Cesar Augusto Roz\u00e3o, al\u00e9m dos vener\u00e1veis da Loja Pedro Manvailler, N\u00ba 13, de Amambai,\u00a0 Ir\u2234 Rog\u00e9rio Ortoncelli, da Loja Ac\u00e1cia de Eldorado, N\u00ba 34, Ir\u2234 Edson Kaiser e da Loja XIII de Maio de Mundo Novo, N\u00ba 39, Ir\u2234 Gilberto Rossato Delicato e quatro vener\u00e1veis do Grande Oriente do Brasil (GOB):\u00a0 Ir\u2234 Joao Batista Queiroz Neto, da Loja Estrela da Fronteira, de Mundo Novo, Ir\u2234 Fabricio Fernandes Neves, da Loja XV de Novembro, de Navira\u00ed e os IIr\u2234 Delmiro Bid\u00f3ia Junior da Loja Ordem, Trabalho e Progresso e Marcelo Batista Rosa, da Loja Monte Si\u00e3o, ambos de Itaquira\u00ed.<\/p>\n<p><img fetchpriority=\"high\" decoding=\"async\" class=\" wp-image-3991 aligncenter\" src=\"https:\/\/grandelojams.org.br\/wp-content\/uploads\/2023\/07\/Iguatemi-GM-irmaos-300x225.jpeg\" alt=\"\" width=\"359\" height=\"269\" \/><\/p>\n<p>Ao todo a cerim\u00f4nia foi prestigiada por 72 irm\u00e3os, sendo 20 do quadro e 52 visitantes de 17 lojas que vieram de v\u00e1rias regi\u00f5es do estado e das cidades paraguaias de Pedro Juan Caballero e Capit\u00e1n Bado.<\/p>\n<p>Durante a Sess\u00e3o o Gr\u00e3o-Mestre entregou nas m\u00e3os do Ven\u2234 M\u2234 da Loja, Ir\u2234 Udson Rodrigues, a Carta Constitutiva de Benem\u00e9rita Augusta e Respeit\u00e1vel Loja Simb\u00f3lica Silos Vargas Batista, N\u00ba 17, que marcou o cinquenten\u00e1rio da loja, fundada no dia 4 de abril de 1971 e que hoje est\u00e1 com 52 anos. Na \u00e9poca, em virtude da pandemia, a GLEMS n\u00e3o pode fazer a entrega da carta e nem os irm\u00e3os da loja festejarem os 50 anos.<\/p>\n<p>Ainda na Sess\u00e3o, Davi Paniagua Fernandes, irm\u00e3o mais antigo do quadro da loja recebeu uma homenagem da Grande Loja e o Ir\u2234 Lu\u00eds Lesme, em nome da Loja Hermandad Sin Frontera, N\u00ba 121, de Pedro Juan Caballero, no Paraguai, tamb\u00e9m entregou uma homenagem aos irm\u00e3os da loja anfitri\u00e3.<\/p>\n<p><img decoding=\"async\" class=\"alignnone size-medium wp-image-3993\" src=\"https:\/\/grandelojams.org.br\/wp-content\/uploads\/2023\/07\/irmao-mais-antigo-300x169.jpeg\" alt=\"\" width=\"300\" height=\"169\" \/>\u00a0 \u00a0 \u00a0 \u00a0 <img decoding=\"async\" class=\"alignnone size-medium wp-image-3992\" src=\"https:\/\/grandelojams.org.br\/wp-content\/uploads\/2023\/07\/Iguatemi-GM-9-300x169.jpeg\" alt=\"\" width=\"300\" height=\"169\" \/><\/p>\n<p>Ap\u00f3s a Sess\u00e3o, no sal\u00e3o de festas, o cerimonial em um momento de muita emo\u00e7\u00e3o homenageou os familiares do irm\u00e3o Cilimar Jos\u00e9 Cazelli, que foi para Oriente Eterno, em 2017 e do Mestre de Cerim\u00f4nias, da atual gest\u00e3o da Loja, Irm\u00e3o Claudomiro de Oliveira, chamado carinhosamente pelos irm\u00e3os de Baiano, que foi para o Oriente Eterno no dia 21 de maio deste ano. Todos os representantes de lojas ma\u00e7\u00f4nicas e tamb\u00e9m todos os membros ativos da loja anfitri\u00e3 foram chamados \u00e0 frente para serem homenageados.<\/p>\n<figure id=\"attachment_3997\" aria-describedby=\"caption-attachment-3997\" style=\"width: 300px\" class=\"wp-caption aligncenter\"><img loading=\"lazy\" decoding=\"async\" class=\"size-medium wp-image-3997\" src=\"https:\/\/grandelojams.org.br\/wp-content\/uploads\/2023\/07\/Iguatemi-familia-Caselli-300x169.jpeg\" alt=\"\" width=\"300\" height=\"169\" \/><figcaption id=\"caption-attachment-3997\" class=\"wp-caption-text\">Familia do Irm\u00e3o Cazelli que foi homenageado<\/figcaption><\/figure>\n<figure id=\"attachment_3996\" aria-describedby=\"caption-attachment-3996\" style=\"width: 300px\" class=\"wp-caption aligncenter\"><img loading=\"lazy\" decoding=\"async\" class=\"size-medium wp-image-3996\" src=\"https:\/\/grandelojams.org.br\/wp-content\/uploads\/2023\/07\/Iguatemi-familia-Baiano-300x225.jpeg\" alt=\"\" width=\"300\" height=\"225\" \/><figcaption id=\"caption-attachment-3996\" class=\"wp-caption-text\">Fam\u00edlia do irm\u00e3o Baiano que foi homenageado na festa<\/figcaption><\/figure>\n<p>A palavra foi dada ao Seren\u00edssimo Gr\u00e3o-Mestre que passou dois v\u00eddeos mostrando os trabalhos que a Grande Loja est\u00e1 desenvolvendo. Ele tamb\u00e9m convidou os irm\u00e3os para os pr\u00f3ximos eventos da GLEMS, como o Festival Ma\u00e7\u00f4nico da Regi\u00e3o Sudoeste, que acontecer\u00e1 em Bonito, nos dias 19 e 20 de agosto, al\u00e9m do Encontro das Cunhadas e o grande Baile de Anivers\u00e1rio da Grande Loja, ambos que acontecer\u00e3o no dia 25 de novembro, deste ano.<\/p>\n<p>Ap\u00f3s a palavra, o Gr\u00e3o-Mestre convidou todos os presentes a fazerem um brinde ma\u00e7\u00f4nico, em homenagem ao cinquenten\u00e1rio da Benem\u00e9rita ARLS Silo Vargas Batista. Na festa foi servido um delicioso jantar e em seguida iniciou o baile com m\u00fasica ao vivo.<\/p>\n\n","protected":false},"excerpt":{"rendered":"<p>CLICK AQUI PARA ASSISTIR A REPORTAGEM Uma noite de celebra\u00e7\u00e3o e festa. Neste s\u00e1bado, dia primeiro de julho, a Grande Loja Ma\u00e7\u00f4nica do Estado de Mato Grosso Do Sul, na pessoa do Seren\u00edssimo Gr\u00e3o-Mestre, Ir\u2234 Ademar de Souza Freitas entregou em Sess\u00e3o Festiva, a Carta Constitutiva de Benem\u00e9rita para a ARLS Silo Vargas Batista, n\u00famero [&hellip;]<\/p>\n","protected":false},"author":1,"featured_media":9477,"comment_status":"open","ping_status":"open","sticky":false,"template":"","format":"standard","meta":{"footnotes":""},"categories":[55],"tags":[],"class_list":["post-3989","post","type-post","status-publish","format-standard","has-post-thumbnail","hentry","category-palavra-do-s-g-m"],"yoast_head":"<!-- This site is optimized with the Yoast SEO plugin v26.3 - https:\/\/yoast.com\/wordpress\/plugins\/seo\/ -->\n<title>GLEMS CONCEDE CARTA DE BENEM\u00c9RITA PARA LOJA SILO VARGAS BATISTA DE IGUATEMI - GLEMS<\/title>\n<meta name=\"robots\" content=\"index, follow, max-snippet:-1, max-image-preview:large, max-video-preview:-1\" \/>\n<link rel=\"canonical\" href=\"https:\/\/grandelojams.org.br\/es\/glems-concede-carta-de-benemerita-para-loja-silo-vargas-batista-de-iguatemi\/\" \/>\n<meta property=\"og:locale\" content=\"pt_BR\" \/>\n<meta property=\"og:type\" content=\"article\" \/>\n<meta property=\"og:title\" content=\"GLEMS CONCEDE CARTA DE BENEM\u00c9RITA PARA LOJA SILO VARGAS BATISTA DE IGUATEMI - GLEMS\" \/>\n<meta property=\"og:description\" content=\"CLICK AQUI PARA ASSISTIR A REPORTAGEM Uma noite de celebra\u00e7\u00e3o e festa. Neste s\u00e1bado, dia primeiro de julho, a Grande Loja Ma\u00e7\u00f4nica do Estado de Mato Grosso Do Sul, na pessoa do Seren\u00edssimo Gr\u00e3o-Mestre, Ir\u2234 Ademar de Souza Freitas entregou em Sess\u00e3o Festiva, a Carta Constitutiva de Benem\u00e9rita para a ARLS Silo Vargas Batista, n\u00famero [&hellip;]\" \/>\n<meta property=\"og:url\" content=\"https:\/\/grandelojams.org.br\/es\/glems-concede-carta-de-benemerita-para-loja-silo-vargas-batista-de-iguatemi\/\" \/>\n<meta property=\"og:site_name\" content=\"GLEMS\" \/>\n<meta property=\"article:published_time\" content=\"2023-07-04T14:20:57+00:00\" \/>\n<meta property=\"article:modified_time\" content=\"2025-06-20T19:30:49+00:00\" \/>\n<meta property=\"og:image\" content=\"https:\/\/grandelojams.org.br\/es\/wp-content\/uploads\/2023\/07\/Carta-de-Benemerita-672x372-1.jpeg\" \/>\n\t<meta property=\"og:image:width\" content=\"672\" \/>\n\t<meta property=\"og:image:height\" content=\"372\" \/>\n\t<meta property=\"og:image:type\" content=\"image\/jpeg\" \/>\n<meta name=\"author\" content=\"admin\" \/>\n<meta name=\"twitter:card\" content=\"summary_large_image\" \/>\n<meta name=\"twitter:label1\" content=\"Escrito por\" \/>\n\t<meta name=\"twitter:data1\" content=\"admin\" \/>\n\t<meta name=\"twitter:label2\" content=\"Est. tempo de leitura\" \/>\n\t<meta name=\"twitter:data2\" content=\"5 minutos\" \/>\n<script type=\"application\/ld+json\" class=\"yoast-schema-graph\">{\"@context\":\"https:\/\/schema.org\",\"@graph\":[{\"@type\":\"WebPage\",\"@id\":\"https:\/\/grandelojams.org.br\/es\/glems-concede-carta-de-benemerita-para-loja-silo-vargas-batista-de-iguatemi\/\",\"url\":\"https:\/\/grandelojams.org.br\/es\/glems-concede-carta-de-benemerita-para-loja-silo-vargas-batista-de-iguatemi\/\",\"name\":\"GLEMS CONCEDE CARTA DE BENEM\u00c9RITA PARA LOJA SILO VARGAS BATISTA DE IGUATEMI - GLEMS\",\"isPartOf\":{\"@id\":\"https:\/\/grandelojams.org.br\/es\/#website\"},\"primaryImageOfPage\":{\"@id\":\"https:\/\/grandelojams.org.br\/es\/glems-concede-carta-de-benemerita-para-loja-silo-vargas-batista-de-iguatemi\/#primaryimage\"},\"image\":{\"@id\":\"https:\/\/grandelojams.org.br\/es\/glems-concede-carta-de-benemerita-para-loja-silo-vargas-batista-de-iguatemi\/#primaryimage\"},\"thumbnailUrl\":\"https:\/\/grandelojams.org.br\/es\/wp-content\/uploads\/2023\/07\/Carta-de-Benemerita-672x372-1.jpeg\",\"datePublished\":\"2023-07-04T14:20:57+00:00\",\"dateModified\":\"2025-06-20T19:30:49+00:00\",\"author\":{\"@id\":\"https:\/\/grandelojams.org.br\/es\/#\/schema\/person\/5da1c0de136fe7cc6dea7d22b535752b\"},\"breadcrumb\":{\"@id\":\"https:\/\/grandelojams.org.br\/es\/glems-concede-carta-de-benemerita-para-loja-silo-vargas-batista-de-iguatemi\/#breadcrumb\"},\"inLanguage\":\"pt-BR\",\"potentialAction\":[{\"@type\":\"ReadAction\",\"target\":[\"https:\/\/grandelojams.org.br\/es\/glems-concede-carta-de-benemerita-para-loja-silo-vargas-batista-de-iguatemi\/\"]}]},{\"@type\":\"ImageObject\",\"inLanguage\":\"pt-BR\",\"@id\":\"https:\/\/grandelojams.org.br\/es\/glems-concede-carta-de-benemerita-para-loja-silo-vargas-batista-de-iguatemi\/#primaryimage\",\"url\":\"https:\/\/grandelojams.org.br\/es\/wp-content\/uploads\/2023\/07\/Carta-de-Benemerita-672x372-1.jpeg\",\"contentUrl\":\"https:\/\/grandelojams.org.br\/es\/wp-content\/uploads\/2023\/07\/Carta-de-Benemerita-672x372-1.jpeg\",\"width\":672,\"height\":372},{\"@type\":\"BreadcrumbList\",\"@id\":\"https:\/\/grandelojams.org.br\/es\/glems-concede-carta-de-benemerita-para-loja-silo-vargas-batista-de-iguatemi\/#breadcrumb\",\"itemListElement\":[{\"@type\":\"ListItem\",\"position\":1,\"name\":\"In\u00edcio\",\"item\":\"https:\/\/grandelojams.org.br\/es\/\"},{\"@type\":\"ListItem\",\"position\":2,\"name\":\"GLEMS CONCEDE CARTA DE BENEM\u00c9RITA PARA LOJA SILO VARGAS BATISTA DE IGUATEMI\"}]},{\"@type\":\"WebSite\",\"@id\":\"https:\/\/grandelojams.org.br\/es\/#website\",\"url\":\"https:\/\/grandelojams.org.br\/es\/\",\"name\":\"GLEMS\",\"description\":\"Grande Loja Ma\u00e7\u00f4nica do Mato Grosso do Sul\",\"potentialAction\":[{\"@type\":\"SearchAction\",\"target\":{\"@type\":\"EntryPoint\",\"urlTemplate\":\"https:\/\/grandelojams.org.br\/es\/?s={search_term_string}\"},\"query-input\":{\"@type\":\"PropertyValueSpecification\",\"valueRequired\":true,\"valueName\":\"search_term_string\"}}],\"inLanguage\":\"pt-BR\"},{\"@type\":\"Person\",\"@id\":\"https:\/\/grandelojams.org.br\/es\/#\/schema\/person\/5da1c0de136fe7cc6dea7d22b535752b\",\"name\":\"admin\",\"image\":{\"@type\":\"ImageObject\",\"inLanguage\":\"pt-BR\",\"@id\":\"https:\/\/grandelojams.org.br\/es\/#\/schema\/person\/image\/\",\"url\":\"https:\/\/secure.gravatar.com\/avatar\/786137a0e890f9b53660f24bf8ec01ff8c644974de881f5aedc68bd0708ea113?s=96&d=mm&r=g\",\"contentUrl\":\"https:\/\/secure.gravatar.com\/avatar\/786137a0e890f9b53660f24bf8ec01ff8c644974de881f5aedc68bd0708ea113?s=96&d=mm&r=g\",\"caption\":\"admin\"},\"sameAs\":[\"https:\/\/mondayde.com.br\/clientes\/template1\"],\"url\":\"https:\/\/grandelojams.org.br\/es\/author\/admin\/\"}]}<\/script>\n<!-- \/ Yoast SEO plugin. -->","yoast_head_json":{"title":"GLEMS CONCEDE CARTA DE BENEM\u00c9RITA PARA LOJA SILO VARGAS BATISTA DE IGUATEMI - GLEMS","robots":{"index":"index","follow":"follow","max-snippet":"max-snippet:-1","max-image-preview":"max-image-preview:large","max-video-preview":"max-video-preview:-1"},"canonical":"https:\/\/grandelojams.org.br\/es\/glems-concede-carta-de-benemerita-para-loja-silo-vargas-batista-de-iguatemi\/","og_locale":"pt_BR","og_type":"article","og_title":"GLEMS CONCEDE CARTA DE BENEM\u00c9RITA PARA LOJA SILO VARGAS BATISTA DE IGUATEMI - GLEMS","og_description":"CLICK AQUI PARA ASSISTIR A REPORTAGEM Uma noite de celebra\u00e7\u00e3o e festa. Neste s\u00e1bado, dia primeiro de julho, a Grande Loja Ma\u00e7\u00f4nica do Estado de Mato Grosso Do Sul, na pessoa do Seren\u00edssimo Gr\u00e3o-Mestre, Ir\u2234 Ademar de Souza Freitas entregou em Sess\u00e3o Festiva, a Carta Constitutiva de Benem\u00e9rita para a ARLS Silo Vargas Batista, n\u00famero [&hellip;]","og_url":"https:\/\/grandelojams.org.br\/es\/glems-concede-carta-de-benemerita-para-loja-silo-vargas-batista-de-iguatemi\/","og_site_name":"GLEMS","article_published_time":"2023-07-04T14:20:57+00:00","article_modified_time":"2025-06-20T19:30:49+00:00","og_image":[{"width":672,"height":372,"url":"https:\/\/grandelojams.org.br\/es\/wp-content\/uploads\/2023\/07\/Carta-de-Benemerita-672x372-1.jpeg","type":"image\/jpeg"}],"author":"admin","twitter_card":"summary_large_image","twitter_misc":{"Escrito por":"admin","Est. tempo de leitura":"5 minutos"},"schema":{"@context":"https:\/\/schema.org","@graph":[{"@type":"WebPage","@id":"https:\/\/grandelojams.org.br\/es\/glems-concede-carta-de-benemerita-para-loja-silo-vargas-batista-de-iguatemi\/","url":"https:\/\/grandelojams.org.br\/es\/glems-concede-carta-de-benemerita-para-loja-silo-vargas-batista-de-iguatemi\/","name":"GLEMS CONCEDE CARTA DE BENEM\u00c9RITA PARA LOJA SILO VARGAS BATISTA DE IGUATEMI - GLEMS","isPartOf":{"@id":"https:\/\/grandelojams.org.br\/es\/#website"},"primaryImageOfPage":{"@id":"https:\/\/grandelojams.org.br\/es\/glems-concede-carta-de-benemerita-para-loja-silo-vargas-batista-de-iguatemi\/#primaryimage"},"image":{"@id":"https:\/\/grandelojams.org.br\/es\/glems-concede-carta-de-benemerita-para-loja-silo-vargas-batista-de-iguatemi\/#primaryimage"},"thumbnailUrl":"https:\/\/grandelojams.org.br\/es\/wp-content\/uploads\/2023\/07\/Carta-de-Benemerita-672x372-1.jpeg","datePublished":"2023-07-04T14:20:57+00:00","dateModified":"2025-06-20T19:30:49+00:00","author":{"@id":"https:\/\/grandelojams.org.br\/es\/#\/schema\/person\/5da1c0de136fe7cc6dea7d22b535752b"},"breadcrumb":{"@id":"https:\/\/grandelojams.org.br\/es\/glems-concede-carta-de-benemerita-para-loja-silo-vargas-batista-de-iguatemi\/#breadcrumb"},"inLanguage":"pt-BR","potentialAction":[{"@type":"ReadAction","target":["https:\/\/grandelojams.org.br\/es\/glems-concede-carta-de-benemerita-para-loja-silo-vargas-batista-de-iguatemi\/"]}]},{"@type":"ImageObject","inLanguage":"pt-BR","@id":"https:\/\/grandelojams.org.br\/es\/glems-concede-carta-de-benemerita-para-loja-silo-vargas-batista-de-iguatemi\/#primaryimage","url":"https:\/\/grandelojams.org.br\/es\/wp-content\/uploads\/2023\/07\/Carta-de-Benemerita-672x372-1.jpeg","contentUrl":"https:\/\/grandelojams.org.br\/es\/wp-content\/uploads\/2023\/07\/Carta-de-Benemerita-672x372-1.jpeg","width":672,"height":372},{"@type":"BreadcrumbList","@id":"https:\/\/grandelojams.org.br\/es\/glems-concede-carta-de-benemerita-para-loja-silo-vargas-batista-de-iguatemi\/#breadcrumb","itemListElement":[{"@type":"ListItem","position":1,"name":"In\u00edcio","item":"https:\/\/grandelojams.org.br\/es\/"},{"@type":"ListItem","position":2,"name":"GLEMS CONCEDE CARTA DE BENEM\u00c9RITA PARA LOJA SILO VARGAS BATISTA DE IGUATEMI"}]},{"@type":"WebSite","@id":"https:\/\/grandelojams.org.br\/es\/#website","url":"https:\/\/grandelojams.org.br\/es\/","name":"GLEMS","description":"Grande Loja Ma\u00e7\u00f4nica do Mato Grosso do Sul","potentialAction":[{"@type":"SearchAction","target":{"@type":"EntryPoint","urlTemplate":"https:\/\/grandelojams.org.br\/es\/?s={search_term_string}"},"query-input":{"@type":"PropertyValueSpecification","valueRequired":true,"valueName":"search_term_string"}}],"inLanguage":"pt-BR"},{"@type":"Person","@id":"https:\/\/grandelojams.org.br\/es\/#\/schema\/person\/5da1c0de136fe7cc6dea7d22b535752b","name":"admin","image":{"@type":"ImageObject","inLanguage":"pt-BR","@id":"https:\/\/grandelojams.org.br\/es\/#\/schema\/person\/image\/","url":"https:\/\/secure.gravatar.com\/avatar\/786137a0e890f9b53660f24bf8ec01ff8c644974de881f5aedc68bd0708ea113?s=96&d=mm&r=g","contentUrl":"https:\/\/secure.gravatar.com\/avatar\/786137a0e890f9b53660f24bf8ec01ff8c644974de881f5aedc68bd0708ea113?s=96&d=mm&r=g","caption":"admin"},"sameAs":["https:\/\/mondayde.com.br\/clientes\/template1"],"url":"https:\/\/grandelojams.org.br\/es\/author\/admin\/"}]}},"_links":{"self":[{"href":"https:\/\/grandelojams.org.br\/es\/wp-json\/wp\/v2\/posts\/3989","targetHints":{"allow":["GET"]}}],"collection":[{"href":"https:\/\/grandelojams.org.br\/es\/wp-json\/wp\/v2\/posts"}],"about":[{"href":"https:\/\/grandelojams.org.br\/es\/wp-json\/wp\/v2\/types\/post"}],"author":[{"embeddable":true,"href":"https:\/\/grandelojams.org.br\/es\/wp-json\/wp\/v2\/users\/1"}],"replies":[{"embeddable":true,"href":"https:\/\/grandelojams.org.br\/es\/wp-json\/wp\/v2\/comments?post=3989"}],"version-history":[{"count":1,"href":"https:\/\/grandelojams.org.br\/es\/wp-json\/wp\/v2\/posts\/3989\/revisions"}],"predecessor-version":[{"id":9486,"href":"https:\/\/grandelojams.org.br\/es\/wp-json\/wp\/v2\/posts\/3989\/revisions\/9486"}],"wp:featuredmedia":[{"embeddable":true,"href":"https:\/\/grandelojams.org.br\/es\/wp-json\/wp\/v2\/media\/9477"}],"wp:attachment":[{"href":"https:\/\/grandelojams.org.br\/es\/wp-json\/wp\/v2\/media?parent=3989"}],"wp:term":[{"taxonomy":"category","embeddable":true,"href":"https:\/\/grandelojams.org.br\/es\/wp-json\/wp\/v2\/categories?post=3989"},{"taxonomy":"post_tag","embeddable":true,"href":"https:\/\/grandelojams.org.br\/es\/wp-json\/wp\/v2\/tags?post=3989"}],"curies":[{"name":"wp","href":"https:\/\/api.w.org\/{rel}","templated":true}]}}