{"id":3976,"date":"2023-06-29T11:52:19","date_gmt":"2023-06-29T14:52:19","guid":{"rendered":"https:\/\/grandelojams.org.br\/?p=3976"},"modified":"2025-06-20T16:30:55","modified_gmt":"2025-06-20T19:30:55","slug":"tres-lojas-do-interior-realizam-banquetes-ritualisticos-alusivos-ao-solsticio-de-inverno","status":"publish","type":"post","link":"https:\/\/grandelojams.org.br\/es\/tres-lojas-do-interior-realizam-banquetes-ritualisticos-alusivos-ao-solsticio-de-inverno\/","title":{"rendered":"TR\u00caS LOJAS DO INTERIOR REALIZAM BANQUETES RITUAL\u00cdSTICOS ALUSIVOS AO SOLST\u00cdCIO DE INVERNO"},"content":{"rendered":"<p>No in\u00edcio desta semana tr\u00eas Lojas do interior, jurisdicionadas a Grande Loja Ma\u00e7\u00f4nica do Estado de Mato Grosso do Sul realizaram Sess\u00f5es com Banquetes Ritual\u00edsticos, alusivas ao Solst\u00edcio de Inverno, que inicia nesse m\u00eas de junho.<\/p>\n<p>Na ter\u00e7a-feira, dia 27, no Oriente de Dourados, a Aug\u2234\u00a0e Resp\u2234\u00a0Loj\u2234 Simb\u2234 Orvalho de Hermon, N\u00ba 69 realizou no Sal\u00e3o de Festas o Jantar Ritual\u00edstico, que foi presidido pelo Ven\u2234 M\u2234 da Loja, Ir\u2234 Carlos Much\u00e3o Castilho. A Sess\u00e3o contou com a presen\u00e7a de 19 irm\u00e3os do quadro e dois visitantes e foi abrilhantada com a presen\u00e7a do \u00a0Delegado Distrital, Ir\u2234 Fl\u00e1vio Luiz Baldasso.<\/p>\n<p><strong><img decoding=\"async\" class=\"size-medium wp-image-3980 aligncenter\" src=\"https:\/\/grandelojams.org.br\/wp-content\/uploads\/2023\/06\/Orvalho-de-Hermon-2-1-300x152.jpeg\" alt=\"\" width=\"300\" height=\"152\" \/><\/strong><\/p>\n<p><strong>NOVA ANDRADINA<\/strong><\/p>\n<p>Tamb\u00e9m da ter\u00e7a-feira, a Benem\u00e9rita Aug\u2e2b e Resp\u2234 Loj\u2234 Simb\u2234 Tiyokaio Oshiro N\u00ba 14, do Oriente de Nova Andradina, em conjunto com a Aug\u2234\u00a0e Resp\u2234\u00a0Loj\u2234 Simb\u2234\u00a0 11 de Novembro N\u00ba 28, do Oriente de Ivinhema, realizaram Banquete Ritual\u00edstico em comemora\u00e7\u00e3o ao Solst\u00edcio de Inverno.<\/p>\n<p>A Sess\u00e3o aconteceu na sede da Loja Tiyokaio Oshiro e os trabalhos foram dirigidos pelo Ven\u2234 Mestr\u2234 da Loja anfitri\u00e3, Ir\u2234 Emerson Nantes de Matos. Participaram do Banquete Ritual\u00edstico 51 irm\u00e3os, sendo de 34 do quadro da Loja anfitri\u00e3 e 17 da Loja visitante. A reuni\u00e3o foi abrilhantada com a presen\u00e7a do Delegado Distrital, Ir\u2234\u00a0Nelson Cust\u00f3dio da Silva, do Ven\u2234 M\u2234 da Loja de Ivinhema, Ir\u2234 Marcus Vinicius Nunes e do \u201cPast Master\u201d da Loja Tiyokaio Oshiro, Ir\u2234 Hiury Emilio Izzo.<\/p>\n<p>A Sess\u00e3o propiciou o congra\u00e7amento e fortaleceu os la\u00e7os de fraternidade entre os irm\u00e3os que ficaram muito felizes com a realiza\u00e7\u00e3o do evento.<\/p>\n<p><strong><img decoding=\"async\" class=\"size-medium wp-image-3978 aligncenter\" src=\"https:\/\/grandelojams.org.br\/wp-content\/uploads\/2023\/06\/Loja-TIYOKAIO-ok-300x162.jpg\" alt=\"\" width=\"300\" height=\"162\" \/><\/strong><\/p>\n<p><strong>BATAGUASSU<\/strong><\/p>\n<p>Na segunda-feira, dia 26 de junho, a Aug\u2234 e Resp\u2234 Loj\u2234 Simb\u2234\u00a0Mensageiros da Luz, N\u00ba 60, do Oriente Bataguassu, promoveu um Banquete Ritual\u00edstico em comemora\u00e7\u00e3o ao Solst\u00edcio de Inverno.<\/p>\n<p>A sess\u00e3o aconteceu no templo, e os trabalhos foram conduzidos pelo Os trabalhos foram conduzidos pelo Ven\u2234 M\u2234 das Lojas, Ir\u2234 Ricardo Francisco dos Santos. A sess\u00e3o foi abrilhantada com a presen\u00e7a de quinze irm\u00e3os do quadro.<\/p>\n<p><img decoding=\"async\" class=\"alignnone size-medium wp-image-3977 aligncenter\" src=\"https:\/\/grandelojams.org.br\/wp-content\/uploads\/2023\/06\/Jantar-Bataguassu-300x135.jpeg\" alt=\"\" width=\"300\" height=\"135\" \/><\/p>\n","protected":false},"excerpt":{"rendered":"<p>No in\u00edcio desta semana tr\u00eas Lojas do interior, jurisdicionadas a Grande Loja Ma\u00e7\u00f4nica do Estado de Mato Grosso do Sul realizaram Sess\u00f5es com Banquetes Ritual\u00edsticos, alusivas ao Solst\u00edcio de Inverno, que inicia nesse m\u00eas de junho. Na ter\u00e7a-feira, dia 27, no Oriente de Dourados, a Aug\u2234\u00a0e Resp\u2234\u00a0Loj\u2234 Simb\u2234 Orvalho de Hermon, N\u00ba 69 realizou no [&hellip;]<\/p>\n","protected":false},"author":1,"featured_media":9476,"comment_status":"open","ping_status":"open","sticky":false,"template":"","format":"standard","meta":{"footnotes":""},"categories":[1],"tags":[],"class_list":["post-3976","post","type-post","status-publish","format-standard","has-post-thumbnail","hentry","category-sem-categoria"],"yoast_head":"<!-- This site is optimized with the Yoast SEO plugin v26.3 - https:\/\/yoast.com\/wordpress\/plugins\/seo\/ -->\n<title>TR\u00caS LOJAS DO INTERIOR REALIZAM BANQUETES RITUAL\u00cdSTICOS ALUSIVOS AO SOLST\u00cdCIO DE INVERNO - GLEMS<\/title>\n<meta name=\"robots\" content=\"index, follow, max-snippet:-1, max-image-preview:large, max-video-preview:-1\" \/>\n<link rel=\"canonical\" href=\"https:\/\/grandelojams.org.br\/es\/tres-lojas-do-interior-realizam-banquetes-ritualisticos-alusivos-ao-solsticio-de-inverno\/\" \/>\n<meta property=\"og:locale\" content=\"pt_BR\" \/>\n<meta property=\"og:type\" content=\"article\" \/>\n<meta property=\"og:title\" content=\"TR\u00caS LOJAS DO INTERIOR REALIZAM BANQUETES RITUAL\u00cdSTICOS ALUSIVOS AO SOLST\u00cdCIO DE INVERNO - GLEMS\" \/>\n<meta property=\"og:description\" content=\"No in\u00edcio desta semana tr\u00eas Lojas do interior, jurisdicionadas a Grande Loja Ma\u00e7\u00f4nica do Estado de Mato Grosso do Sul realizaram Sess\u00f5es com Banquetes Ritual\u00edsticos, alusivas ao Solst\u00edcio de Inverno, que inicia nesse m\u00eas de junho. Na ter\u00e7a-feira, dia 27, no Oriente de Dourados, a Aug\u2234\u00a0e Resp\u2234\u00a0Loj\u2234 Simb\u2234 Orvalho de Hermon, N\u00ba 69 realizou no [&hellip;]\" \/>\n<meta property=\"og:url\" content=\"https:\/\/grandelojams.org.br\/es\/tres-lojas-do-interior-realizam-banquetes-ritualisticos-alusivos-ao-solsticio-de-inverno\/\" \/>\n<meta property=\"og:site_name\" content=\"GLEMS\" \/>\n<meta property=\"article:published_time\" content=\"2023-06-29T14:52:19+00:00\" \/>\n<meta property=\"article:modified_time\" content=\"2025-06-20T19:30:55+00:00\" \/>\n<meta property=\"og:image\" content=\"https:\/\/grandelojams.org.br\/es\/wp-content\/uploads\/2023\/07\/Destaque-1-500x372-1.png\" \/>\n\t<meta property=\"og:image:width\" content=\"500\" \/>\n\t<meta property=\"og:image:height\" content=\"372\" \/>\n\t<meta property=\"og:image:type\" content=\"image\/png\" \/>\n<meta name=\"author\" content=\"admin\" \/>\n<meta name=\"twitter:card\" content=\"summary_large_image\" \/>\n<meta name=\"twitter:label1\" content=\"Escrito por\" \/>\n\t<meta name=\"twitter:data1\" content=\"admin\" \/>\n\t<meta name=\"twitter:label2\" content=\"Est. tempo de leitura\" \/>\n\t<meta name=\"twitter:data2\" content=\"3 minutos\" \/>\n<script type=\"application\/ld+json\" class=\"yoast-schema-graph\">{\"@context\":\"https:\/\/schema.org\",\"@graph\":[{\"@type\":\"WebPage\",\"@id\":\"https:\/\/grandelojams.org.br\/es\/tres-lojas-do-interior-realizam-banquetes-ritualisticos-alusivos-ao-solsticio-de-inverno\/\",\"url\":\"https:\/\/grandelojams.org.br\/es\/tres-lojas-do-interior-realizam-banquetes-ritualisticos-alusivos-ao-solsticio-de-inverno\/\",\"name\":\"TR\u00caS LOJAS DO INTERIOR REALIZAM BANQUETES RITUAL\u00cdSTICOS ALUSIVOS AO SOLST\u00cdCIO DE INVERNO - GLEMS\",\"isPartOf\":{\"@id\":\"https:\/\/grandelojams.org.br\/es\/#website\"},\"primaryImageOfPage\":{\"@id\":\"https:\/\/grandelojams.org.br\/es\/tres-lojas-do-interior-realizam-banquetes-ritualisticos-alusivos-ao-solsticio-de-inverno\/#primaryimage\"},\"image\":{\"@id\":\"https:\/\/grandelojams.org.br\/es\/tres-lojas-do-interior-realizam-banquetes-ritualisticos-alusivos-ao-solsticio-de-inverno\/#primaryimage\"},\"thumbnailUrl\":\"https:\/\/grandelojams.org.br\/es\/wp-content\/uploads\/2023\/07\/Destaque-1-500x372-1.png\",\"datePublished\":\"2023-06-29T14:52:19+00:00\",\"dateModified\":\"2025-06-20T19:30:55+00:00\",\"author\":{\"@id\":\"https:\/\/grandelojams.org.br\/es\/#\/schema\/person\/5da1c0de136fe7cc6dea7d22b535752b\"},\"breadcrumb\":{\"@id\":\"https:\/\/grandelojams.org.br\/es\/tres-lojas-do-interior-realizam-banquetes-ritualisticos-alusivos-ao-solsticio-de-inverno\/#breadcrumb\"},\"inLanguage\":\"pt-BR\",\"potentialAction\":[{\"@type\":\"ReadAction\",\"target\":[\"https:\/\/grandelojams.org.br\/es\/tres-lojas-do-interior-realizam-banquetes-ritualisticos-alusivos-ao-solsticio-de-inverno\/\"]}]},{\"@type\":\"ImageObject\",\"inLanguage\":\"pt-BR\",\"@id\":\"https:\/\/grandelojams.org.br\/es\/tres-lojas-do-interior-realizam-banquetes-ritualisticos-alusivos-ao-solsticio-de-inverno\/#primaryimage\",\"url\":\"https:\/\/grandelojams.org.br\/es\/wp-content\/uploads\/2023\/07\/Destaque-1-500x372-1.png\",\"contentUrl\":\"https:\/\/grandelojams.org.br\/es\/wp-content\/uploads\/2023\/07\/Destaque-1-500x372-1.png\",\"width\":500,\"height\":372},{\"@type\":\"BreadcrumbList\",\"@id\":\"https:\/\/grandelojams.org.br\/es\/tres-lojas-do-interior-realizam-banquetes-ritualisticos-alusivos-ao-solsticio-de-inverno\/#breadcrumb\",\"itemListElement\":[{\"@type\":\"ListItem\",\"position\":1,\"name\":\"In\u00edcio\",\"item\":\"https:\/\/grandelojams.org.br\/es\/\"},{\"@type\":\"ListItem\",\"position\":2,\"name\":\"TR\u00caS LOJAS DO INTERIOR REALIZAM BANQUETES RITUAL\u00cdSTICOS ALUSIVOS AO SOLST\u00cdCIO DE INVERNO\"}]},{\"@type\":\"WebSite\",\"@id\":\"https:\/\/grandelojams.org.br\/es\/#website\",\"url\":\"https:\/\/grandelojams.org.br\/es\/\",\"name\":\"GLEMS\",\"description\":\"Grande Loja Ma\u00e7\u00f4nica do Mato Grosso do Sul\",\"potentialAction\":[{\"@type\":\"SearchAction\",\"target\":{\"@type\":\"EntryPoint\",\"urlTemplate\":\"https:\/\/grandelojams.org.br\/es\/?s={search_term_string}\"},\"query-input\":{\"@type\":\"PropertyValueSpecification\",\"valueRequired\":true,\"valueName\":\"search_term_string\"}}],\"inLanguage\":\"pt-BR\"},{\"@type\":\"Person\",\"@id\":\"https:\/\/grandelojams.org.br\/es\/#\/schema\/person\/5da1c0de136fe7cc6dea7d22b535752b\",\"name\":\"admin\",\"image\":{\"@type\":\"ImageObject\",\"inLanguage\":\"pt-BR\",\"@id\":\"https:\/\/grandelojams.org.br\/es\/#\/schema\/person\/image\/\",\"url\":\"https:\/\/secure.gravatar.com\/avatar\/786137a0e890f9b53660f24bf8ec01ff8c644974de881f5aedc68bd0708ea113?s=96&d=mm&r=g\",\"contentUrl\":\"https:\/\/secure.gravatar.com\/avatar\/786137a0e890f9b53660f24bf8ec01ff8c644974de881f5aedc68bd0708ea113?s=96&d=mm&r=g\",\"caption\":\"admin\"},\"sameAs\":[\"https:\/\/mondayde.com.br\/clientes\/template1\"],\"url\":\"https:\/\/grandelojams.org.br\/es\/author\/admin\/\"}]}<\/script>\n<!-- \/ Yoast SEO plugin. -->","yoast_head_json":{"title":"TR\u00caS LOJAS DO INTERIOR REALIZAM BANQUETES RITUAL\u00cdSTICOS ALUSIVOS AO SOLST\u00cdCIO DE INVERNO - GLEMS","robots":{"index":"index","follow":"follow","max-snippet":"max-snippet:-1","max-image-preview":"max-image-preview:large","max-video-preview":"max-video-preview:-1"},"canonical":"https:\/\/grandelojams.org.br\/es\/tres-lojas-do-interior-realizam-banquetes-ritualisticos-alusivos-ao-solsticio-de-inverno\/","og_locale":"pt_BR","og_type":"article","og_title":"TR\u00caS LOJAS DO INTERIOR REALIZAM BANQUETES RITUAL\u00cdSTICOS ALUSIVOS AO SOLST\u00cdCIO DE INVERNO - GLEMS","og_description":"No in\u00edcio desta semana tr\u00eas Lojas do interior, jurisdicionadas a Grande Loja Ma\u00e7\u00f4nica do Estado de Mato Grosso do Sul realizaram Sess\u00f5es com Banquetes Ritual\u00edsticos, alusivas ao Solst\u00edcio de Inverno, que inicia nesse m\u00eas de junho. Na ter\u00e7a-feira, dia 27, no Oriente de Dourados, a Aug\u2234\u00a0e Resp\u2234\u00a0Loj\u2234 Simb\u2234 Orvalho de Hermon, N\u00ba 69 realizou no [&hellip;]","og_url":"https:\/\/grandelojams.org.br\/es\/tres-lojas-do-interior-realizam-banquetes-ritualisticos-alusivos-ao-solsticio-de-inverno\/","og_site_name":"GLEMS","article_published_time":"2023-06-29T14:52:19+00:00","article_modified_time":"2025-06-20T19:30:55+00:00","og_image":[{"width":500,"height":372,"url":"https:\/\/grandelojams.org.br\/es\/wp-content\/uploads\/2023\/07\/Destaque-1-500x372-1.png","type":"image\/png"}],"author":"admin","twitter_card":"summary_large_image","twitter_misc":{"Escrito por":"admin","Est. tempo de leitura":"3 minutos"},"schema":{"@context":"https:\/\/schema.org","@graph":[{"@type":"WebPage","@id":"https:\/\/grandelojams.org.br\/es\/tres-lojas-do-interior-realizam-banquetes-ritualisticos-alusivos-ao-solsticio-de-inverno\/","url":"https:\/\/grandelojams.org.br\/es\/tres-lojas-do-interior-realizam-banquetes-ritualisticos-alusivos-ao-solsticio-de-inverno\/","name":"TR\u00caS LOJAS DO INTERIOR REALIZAM BANQUETES RITUAL\u00cdSTICOS ALUSIVOS AO SOLST\u00cdCIO DE INVERNO - GLEMS","isPartOf":{"@id":"https:\/\/grandelojams.org.br\/es\/#website"},"primaryImageOfPage":{"@id":"https:\/\/grandelojams.org.br\/es\/tres-lojas-do-interior-realizam-banquetes-ritualisticos-alusivos-ao-solsticio-de-inverno\/#primaryimage"},"image":{"@id":"https:\/\/grandelojams.org.br\/es\/tres-lojas-do-interior-realizam-banquetes-ritualisticos-alusivos-ao-solsticio-de-inverno\/#primaryimage"},"thumbnailUrl":"https:\/\/grandelojams.org.br\/es\/wp-content\/uploads\/2023\/07\/Destaque-1-500x372-1.png","datePublished":"2023-06-29T14:52:19+00:00","dateModified":"2025-06-20T19:30:55+00:00","author":{"@id":"https:\/\/grandelojams.org.br\/es\/#\/schema\/person\/5da1c0de136fe7cc6dea7d22b535752b"},"breadcrumb":{"@id":"https:\/\/grandelojams.org.br\/es\/tres-lojas-do-interior-realizam-banquetes-ritualisticos-alusivos-ao-solsticio-de-inverno\/#breadcrumb"},"inLanguage":"pt-BR","potentialAction":[{"@type":"ReadAction","target":["https:\/\/grandelojams.org.br\/es\/tres-lojas-do-interior-realizam-banquetes-ritualisticos-alusivos-ao-solsticio-de-inverno\/"]}]},{"@type":"ImageObject","inLanguage":"pt-BR","@id":"https:\/\/grandelojams.org.br\/es\/tres-lojas-do-interior-realizam-banquetes-ritualisticos-alusivos-ao-solsticio-de-inverno\/#primaryimage","url":"https:\/\/grandelojams.org.br\/es\/wp-content\/uploads\/2023\/07\/Destaque-1-500x372-1.png","contentUrl":"https:\/\/grandelojams.org.br\/es\/wp-content\/uploads\/2023\/07\/Destaque-1-500x372-1.png","width":500,"height":372},{"@type":"BreadcrumbList","@id":"https:\/\/grandelojams.org.br\/es\/tres-lojas-do-interior-realizam-banquetes-ritualisticos-alusivos-ao-solsticio-de-inverno\/#breadcrumb","itemListElement":[{"@type":"ListItem","position":1,"name":"In\u00edcio","item":"https:\/\/grandelojams.org.br\/es\/"},{"@type":"ListItem","position":2,"name":"TR\u00caS LOJAS DO INTERIOR REALIZAM BANQUETES RITUAL\u00cdSTICOS ALUSIVOS AO SOLST\u00cdCIO DE INVERNO"}]},{"@type":"WebSite","@id":"https:\/\/grandelojams.org.br\/es\/#website","url":"https:\/\/grandelojams.org.br\/es\/","name":"GLEMS","description":"Grande Loja Ma\u00e7\u00f4nica do Mato Grosso do Sul","potentialAction":[{"@type":"SearchAction","target":{"@type":"EntryPoint","urlTemplate":"https:\/\/grandelojams.org.br\/es\/?s={search_term_string}"},"query-input":{"@type":"PropertyValueSpecification","valueRequired":true,"valueName":"search_term_string"}}],"inLanguage":"pt-BR"},{"@type":"Person","@id":"https:\/\/grandelojams.org.br\/es\/#\/schema\/person\/5da1c0de136fe7cc6dea7d22b535752b","name":"admin","image":{"@type":"ImageObject","inLanguage":"pt-BR","@id":"https:\/\/grandelojams.org.br\/es\/#\/schema\/person\/image\/","url":"https:\/\/secure.gravatar.com\/avatar\/786137a0e890f9b53660f24bf8ec01ff8c644974de881f5aedc68bd0708ea113?s=96&d=mm&r=g","contentUrl":"https:\/\/secure.gravatar.com\/avatar\/786137a0e890f9b53660f24bf8ec01ff8c644974de881f5aedc68bd0708ea113?s=96&d=mm&r=g","caption":"admin"},"sameAs":["https:\/\/mondayde.com.br\/clientes\/template1"],"url":"https:\/\/grandelojams.org.br\/es\/author\/admin\/"}]}},"_links":{"self":[{"href":"https:\/\/grandelojams.org.br\/es\/wp-json\/wp\/v2\/posts\/3976","targetHints":{"allow":["GET"]}}],"collection":[{"href":"https:\/\/grandelojams.org.br\/es\/wp-json\/wp\/v2\/posts"}],"about":[{"href":"https:\/\/grandelojams.org.br\/es\/wp-json\/wp\/v2\/types\/post"}],"author":[{"embeddable":true,"href":"https:\/\/grandelojams.org.br\/es\/wp-json\/wp\/v2\/users\/1"}],"replies":[{"embeddable":true,"href":"https:\/\/grandelojams.org.br\/es\/wp-json\/wp\/v2\/comments?post=3976"}],"version-history":[{"count":1,"href":"https:\/\/grandelojams.org.br\/es\/wp-json\/wp\/v2\/posts\/3976\/revisions"}],"predecessor-version":[{"id":9487,"href":"https:\/\/grandelojams.org.br\/es\/wp-json\/wp\/v2\/posts\/3976\/revisions\/9487"}],"wp:featuredmedia":[{"embeddable":true,"href":"https:\/\/grandelojams.org.br\/es\/wp-json\/wp\/v2\/media\/9476"}],"wp:attachment":[{"href":"https:\/\/grandelojams.org.br\/es\/wp-json\/wp\/v2\/media?parent=3976"}],"wp:term":[{"taxonomy":"category","embeddable":true,"href":"https:\/\/grandelojams.org.br\/es\/wp-json\/wp\/v2\/categories?post=3976"},{"taxonomy":"post_tag","embeddable":true,"href":"https:\/\/grandelojams.org.br\/es\/wp-json\/wp\/v2\/tags?post=3976"}],"curies":[{"name":"wp","href":"https:\/\/api.w.org\/{rel}","templated":true}]}}