{"id":3955,"date":"2023-06-28T13:22:13","date_gmt":"2023-06-28T16:22:13","guid":{"rendered":"https:\/\/grandelojams.org.br\/?p=3955"},"modified":"2025-06-20T16:31:08","modified_gmt":"2025-06-20T19:31:08","slug":"grao-mestre-inaugura-casa-das-paramaconicas-em-campo-grande","status":"publish","type":"post","link":"https:\/\/grandelojams.org.br\/es\/grao-mestre-inaugura-casa-das-paramaconicas-em-campo-grande\/","title":{"rendered":"GR\u00c3O-MESTRE INAUGURA CASA DAS PARAMA\u00c7\u00d4NICAS EM CAMPO GRANDE"},"content":{"rendered":"<p style=\"text-align: center;\"><a href=\"https:\/\/youtu.be\/4T71L9EHiIM\">CLICK AQUI PARA ASSISTIR A REPORTAGEM<\/a><\/p>\n<p>O Seren\u00edssimo Gr\u00e3o-Mestre, Ir\u2234 Ademar de Souza Freitas, realizou no dia 24 de junho a cerim\u00f4nia de inaugura\u00e7\u00e3o da Casa das Parama\u00e7\u00f4nica, da Grande Loja Ma\u00e7\u00f4nica do estado de Mato Grosso do Sul. Na oportunidade foram assinados os contratos de comodato com os representantes das entidades.<\/p>\n<p>\u201cEsse foi um dia marcante. Estou emocionado porque cumpri uma promessa de campanha de apoiar as entidades parama\u00e7\u00f4nicas para dar a elas a possibilidade de ampliarem os trabalhos que elas desenvolvem em prol da comunidade\u201d, ressaltou o Gr\u00e3o-Mestre.<\/p>\n<p><img fetchpriority=\"high\" decoding=\"async\" class=\"size-medium wp-image-3958 aligncenter\" src=\"https:\/\/grandelojams.org.br\/wp-content\/uploads\/2023\/06\/WhatsApp-Image-2023-06-28-at-09.23.52-300x169.jpeg\" alt=\"\" width=\"300\" height=\"169\" \/><\/p>\n<p>O espa\u00e7o foi totalmente reformado e ir\u00e1 abrigar inicialmente a Ordem De Molay e o Hikmat Shriner que ter\u00e3o as despesas custeadas integralmente pela Grande Loja, atrav\u00e9s de uma verba que j\u00e1 existe e que os irm\u00e3os contribuem mensalmente.<\/p>\n<p>\u201cEsse local vai servir para fazermos todos nossos trabalhos administrativos e financeiros. Dessa forma vamos atender mais crian\u00e7as em Campo Grande e no Mato Grosso do Sul Inteiro. S\u00f3 temos a agradecer a Grande Loja por todo apoio\u201d, comemorou o Ir\u2234 Raul Vieira da Cunha Filho, que esteve representando do Hikmat Shriner Pantanal.<\/p>\n<p><img decoding=\"async\" class=\"size-medium wp-image-3957 aligncenter\" src=\"https:\/\/grandelojams.org.br\/wp-content\/uploads\/2023\/06\/WhatsApp-Image-2023-06-28-at-09.23.54-1-300x225.jpeg\" alt=\"\" width=\"300\" height=\"225\" \/><\/p>\n<p>A Casa ficou lotada de irm\u00e3os que presenciaram o momento hist\u00f3rico para as entidades ligadas a Grande Loja Ma\u00e7\u00f4nica de Mato Grosso do Sul.<\/p>\n<p>\u201cA Grande Loja sempre foi nossa parceira. Antes nossa entidade funcionava na sede da GLEMS. Somos gratos a todas as administra\u00e7\u00f5es que nos ajudaram, mas em especial a essa gest\u00e3o que est\u00e1 nos proporcionando um espa\u00e7o pr\u00f3prio para desenvolvermos nossas atividades, nos dando \u00a0assim mais autonomia\u201d, declarou o Paulo Ricardo Wieczorek, que representou a Ordem De Molay.<\/p>\n","protected":false},"excerpt":{"rendered":"<p>CLICK AQUI PARA ASSISTIR A REPORTAGEM O Seren\u00edssimo Gr\u00e3o-Mestre, Ir\u2234 Ademar de Souza Freitas, realizou no dia 24 de junho a cerim\u00f4nia de inaugura\u00e7\u00e3o da Casa das Parama\u00e7\u00f4nica, da Grande Loja Ma\u00e7\u00f4nica do estado de Mato Grosso do Sul. Na oportunidade foram assinados os contratos de comodato com os representantes das entidades. \u201cEsse foi um [&hellip;]<\/p>\n","protected":false},"author":1,"featured_media":9474,"comment_status":"open","ping_status":"open","sticky":false,"template":"","format":"standard","meta":{"footnotes":""},"categories":[55],"tags":[],"class_list":["post-3955","post","type-post","status-publish","format-standard","has-post-thumbnail","hentry","category-palavra-do-s-g-m"],"yoast_head":"<!-- This site is optimized with the Yoast SEO plugin v26.3 - https:\/\/yoast.com\/wordpress\/plugins\/seo\/ -->\n<title>GR\u00c3O-MESTRE INAUGURA CASA DAS PARAMA\u00c7\u00d4NICAS EM CAMPO GRANDE - GLEMS<\/title>\n<meta name=\"robots\" content=\"index, follow, max-snippet:-1, max-image-preview:large, max-video-preview:-1\" \/>\n<link rel=\"canonical\" href=\"https:\/\/grandelojams.org.br\/es\/grao-mestre-inaugura-casa-das-paramaconicas-em-campo-grande\/\" \/>\n<meta property=\"og:locale\" content=\"pt_BR\" \/>\n<meta property=\"og:type\" content=\"article\" \/>\n<meta property=\"og:title\" content=\"GR\u00c3O-MESTRE INAUGURA CASA DAS PARAMA\u00c7\u00d4NICAS EM CAMPO GRANDE - GLEMS\" \/>\n<meta property=\"og:description\" content=\"CLICK AQUI PARA ASSISTIR A REPORTAGEM O Seren\u00edssimo Gr\u00e3o-Mestre, Ir\u2234 Ademar de Souza Freitas, realizou no dia 24 de junho a cerim\u00f4nia de inaugura\u00e7\u00e3o da Casa das Parama\u00e7\u00f4nica, da Grande Loja Ma\u00e7\u00f4nica do estado de Mato Grosso do Sul. Na oportunidade foram assinados os contratos de comodato com os representantes das entidades. \u201cEsse foi um [&hellip;]\" \/>\n<meta property=\"og:url\" content=\"https:\/\/grandelojams.org.br\/es\/grao-mestre-inaugura-casa-das-paramaconicas-em-campo-grande\/\" \/>\n<meta property=\"og:site_name\" content=\"GLEMS\" \/>\n<meta property=\"article:published_time\" content=\"2023-06-28T16:22:13+00:00\" \/>\n<meta property=\"article:modified_time\" content=\"2025-06-20T19:31:08+00:00\" \/>\n<meta property=\"og:image\" content=\"https:\/\/grandelojams.org.br\/es\/wp-content\/uploads\/2023\/07\/WhatsApp-Image-2023-06-28-at-09.23.53-672x372-1.jpg\" \/>\n\t<meta property=\"og:image:width\" content=\"672\" \/>\n\t<meta property=\"og:image:height\" content=\"372\" \/>\n\t<meta property=\"og:image:type\" content=\"image\/jpeg\" \/>\n<meta name=\"author\" content=\"admin\" \/>\n<meta name=\"twitter:card\" content=\"summary_large_image\" \/>\n<meta name=\"twitter:label1\" content=\"Escrito por\" \/>\n\t<meta name=\"twitter:data1\" content=\"admin\" \/>\n\t<meta name=\"twitter:label2\" content=\"Est. tempo de leitura\" \/>\n\t<meta name=\"twitter:data2\" content=\"2 minutos\" \/>\n<script type=\"application\/ld+json\" class=\"yoast-schema-graph\">{\"@context\":\"https:\/\/schema.org\",\"@graph\":[{\"@type\":\"WebPage\",\"@id\":\"https:\/\/grandelojams.org.br\/es\/grao-mestre-inaugura-casa-das-paramaconicas-em-campo-grande\/\",\"url\":\"https:\/\/grandelojams.org.br\/es\/grao-mestre-inaugura-casa-das-paramaconicas-em-campo-grande\/\",\"name\":\"GR\u00c3O-MESTRE INAUGURA CASA DAS PARAMA\u00c7\u00d4NICAS EM CAMPO GRANDE - GLEMS\",\"isPartOf\":{\"@id\":\"https:\/\/grandelojams.org.br\/es\/#website\"},\"primaryImageOfPage\":{\"@id\":\"https:\/\/grandelojams.org.br\/es\/grao-mestre-inaugura-casa-das-paramaconicas-em-campo-grande\/#primaryimage\"},\"image\":{\"@id\":\"https:\/\/grandelojams.org.br\/es\/grao-mestre-inaugura-casa-das-paramaconicas-em-campo-grande\/#primaryimage\"},\"thumbnailUrl\":\"https:\/\/grandelojams.org.br\/es\/wp-content\/uploads\/2023\/07\/WhatsApp-Image-2023-06-28-at-09.23.53-672x372-1.jpg\",\"datePublished\":\"2023-06-28T16:22:13+00:00\",\"dateModified\":\"2025-06-20T19:31:08+00:00\",\"author\":{\"@id\":\"https:\/\/grandelojams.org.br\/es\/#\/schema\/person\/5da1c0de136fe7cc6dea7d22b535752b\"},\"breadcrumb\":{\"@id\":\"https:\/\/grandelojams.org.br\/es\/grao-mestre-inaugura-casa-das-paramaconicas-em-campo-grande\/#breadcrumb\"},\"inLanguage\":\"pt-BR\",\"potentialAction\":[{\"@type\":\"ReadAction\",\"target\":[\"https:\/\/grandelojams.org.br\/es\/grao-mestre-inaugura-casa-das-paramaconicas-em-campo-grande\/\"]}]},{\"@type\":\"ImageObject\",\"inLanguage\":\"pt-BR\",\"@id\":\"https:\/\/grandelojams.org.br\/es\/grao-mestre-inaugura-casa-das-paramaconicas-em-campo-grande\/#primaryimage\",\"url\":\"https:\/\/grandelojams.org.br\/es\/wp-content\/uploads\/2023\/07\/WhatsApp-Image-2023-06-28-at-09.23.53-672x372-1.jpg\",\"contentUrl\":\"https:\/\/grandelojams.org.br\/es\/wp-content\/uploads\/2023\/07\/WhatsApp-Image-2023-06-28-at-09.23.53-672x372-1.jpg\",\"width\":672,\"height\":372},{\"@type\":\"BreadcrumbList\",\"@id\":\"https:\/\/grandelojams.org.br\/es\/grao-mestre-inaugura-casa-das-paramaconicas-em-campo-grande\/#breadcrumb\",\"itemListElement\":[{\"@type\":\"ListItem\",\"position\":1,\"name\":\"In\u00edcio\",\"item\":\"https:\/\/grandelojams.org.br\/es\/\"},{\"@type\":\"ListItem\",\"position\":2,\"name\":\"GR\u00c3O-MESTRE INAUGURA CASA DAS PARAMA\u00c7\u00d4NICAS EM CAMPO GRANDE\"}]},{\"@type\":\"WebSite\",\"@id\":\"https:\/\/grandelojams.org.br\/es\/#website\",\"url\":\"https:\/\/grandelojams.org.br\/es\/\",\"name\":\"GLEMS\",\"description\":\"Grande Loja Ma\u00e7\u00f4nica do Mato Grosso do Sul\",\"potentialAction\":[{\"@type\":\"SearchAction\",\"target\":{\"@type\":\"EntryPoint\",\"urlTemplate\":\"https:\/\/grandelojams.org.br\/es\/?s={search_term_string}\"},\"query-input\":{\"@type\":\"PropertyValueSpecification\",\"valueRequired\":true,\"valueName\":\"search_term_string\"}}],\"inLanguage\":\"pt-BR\"},{\"@type\":\"Person\",\"@id\":\"https:\/\/grandelojams.org.br\/es\/#\/schema\/person\/5da1c0de136fe7cc6dea7d22b535752b\",\"name\":\"admin\",\"image\":{\"@type\":\"ImageObject\",\"inLanguage\":\"pt-BR\",\"@id\":\"https:\/\/grandelojams.org.br\/es\/#\/schema\/person\/image\/\",\"url\":\"https:\/\/secure.gravatar.com\/avatar\/786137a0e890f9b53660f24bf8ec01ff8c644974de881f5aedc68bd0708ea113?s=96&d=mm&r=g\",\"contentUrl\":\"https:\/\/secure.gravatar.com\/avatar\/786137a0e890f9b53660f24bf8ec01ff8c644974de881f5aedc68bd0708ea113?s=96&d=mm&r=g\",\"caption\":\"admin\"},\"sameAs\":[\"https:\/\/mondayde.com.br\/clientes\/template1\"],\"url\":\"https:\/\/grandelojams.org.br\/es\/author\/admin\/\"}]}<\/script>\n<!-- \/ Yoast SEO plugin. -->","yoast_head_json":{"title":"GR\u00c3O-MESTRE INAUGURA CASA DAS PARAMA\u00c7\u00d4NICAS EM CAMPO GRANDE - GLEMS","robots":{"index":"index","follow":"follow","max-snippet":"max-snippet:-1","max-image-preview":"max-image-preview:large","max-video-preview":"max-video-preview:-1"},"canonical":"https:\/\/grandelojams.org.br\/es\/grao-mestre-inaugura-casa-das-paramaconicas-em-campo-grande\/","og_locale":"pt_BR","og_type":"article","og_title":"GR\u00c3O-MESTRE INAUGURA CASA DAS PARAMA\u00c7\u00d4NICAS EM CAMPO GRANDE - GLEMS","og_description":"CLICK AQUI PARA ASSISTIR A REPORTAGEM O Seren\u00edssimo Gr\u00e3o-Mestre, Ir\u2234 Ademar de Souza Freitas, realizou no dia 24 de junho a cerim\u00f4nia de inaugura\u00e7\u00e3o da Casa das Parama\u00e7\u00f4nica, da Grande Loja Ma\u00e7\u00f4nica do estado de Mato Grosso do Sul. Na oportunidade foram assinados os contratos de comodato com os representantes das entidades. \u201cEsse foi um [&hellip;]","og_url":"https:\/\/grandelojams.org.br\/es\/grao-mestre-inaugura-casa-das-paramaconicas-em-campo-grande\/","og_site_name":"GLEMS","article_published_time":"2023-06-28T16:22:13+00:00","article_modified_time":"2025-06-20T19:31:08+00:00","og_image":[{"width":672,"height":372,"url":"https:\/\/grandelojams.org.br\/es\/wp-content\/uploads\/2023\/07\/WhatsApp-Image-2023-06-28-at-09.23.53-672x372-1.jpg","type":"image\/jpeg"}],"author":"admin","twitter_card":"summary_large_image","twitter_misc":{"Escrito por":"admin","Est. tempo de leitura":"2 minutos"},"schema":{"@context":"https:\/\/schema.org","@graph":[{"@type":"WebPage","@id":"https:\/\/grandelojams.org.br\/es\/grao-mestre-inaugura-casa-das-paramaconicas-em-campo-grande\/","url":"https:\/\/grandelojams.org.br\/es\/grao-mestre-inaugura-casa-das-paramaconicas-em-campo-grande\/","name":"GR\u00c3O-MESTRE INAUGURA CASA DAS PARAMA\u00c7\u00d4NICAS EM CAMPO GRANDE - GLEMS","isPartOf":{"@id":"https:\/\/grandelojams.org.br\/es\/#website"},"primaryImageOfPage":{"@id":"https:\/\/grandelojams.org.br\/es\/grao-mestre-inaugura-casa-das-paramaconicas-em-campo-grande\/#primaryimage"},"image":{"@id":"https:\/\/grandelojams.org.br\/es\/grao-mestre-inaugura-casa-das-paramaconicas-em-campo-grande\/#primaryimage"},"thumbnailUrl":"https:\/\/grandelojams.org.br\/es\/wp-content\/uploads\/2023\/07\/WhatsApp-Image-2023-06-28-at-09.23.53-672x372-1.jpg","datePublished":"2023-06-28T16:22:13+00:00","dateModified":"2025-06-20T19:31:08+00:00","author":{"@id":"https:\/\/grandelojams.org.br\/es\/#\/schema\/person\/5da1c0de136fe7cc6dea7d22b535752b"},"breadcrumb":{"@id":"https:\/\/grandelojams.org.br\/es\/grao-mestre-inaugura-casa-das-paramaconicas-em-campo-grande\/#breadcrumb"},"inLanguage":"pt-BR","potentialAction":[{"@type":"ReadAction","target":["https:\/\/grandelojams.org.br\/es\/grao-mestre-inaugura-casa-das-paramaconicas-em-campo-grande\/"]}]},{"@type":"ImageObject","inLanguage":"pt-BR","@id":"https:\/\/grandelojams.org.br\/es\/grao-mestre-inaugura-casa-das-paramaconicas-em-campo-grande\/#primaryimage","url":"https:\/\/grandelojams.org.br\/es\/wp-content\/uploads\/2023\/07\/WhatsApp-Image-2023-06-28-at-09.23.53-672x372-1.jpg","contentUrl":"https:\/\/grandelojams.org.br\/es\/wp-content\/uploads\/2023\/07\/WhatsApp-Image-2023-06-28-at-09.23.53-672x372-1.jpg","width":672,"height":372},{"@type":"BreadcrumbList","@id":"https:\/\/grandelojams.org.br\/es\/grao-mestre-inaugura-casa-das-paramaconicas-em-campo-grande\/#breadcrumb","itemListElement":[{"@type":"ListItem","position":1,"name":"In\u00edcio","item":"https:\/\/grandelojams.org.br\/es\/"},{"@type":"ListItem","position":2,"name":"GR\u00c3O-MESTRE INAUGURA CASA DAS PARAMA\u00c7\u00d4NICAS EM CAMPO GRANDE"}]},{"@type":"WebSite","@id":"https:\/\/grandelojams.org.br\/es\/#website","url":"https:\/\/grandelojams.org.br\/es\/","name":"GLEMS","description":"Grande Loja Ma\u00e7\u00f4nica do Mato Grosso do Sul","potentialAction":[{"@type":"SearchAction","target":{"@type":"EntryPoint","urlTemplate":"https:\/\/grandelojams.org.br\/es\/?s={search_term_string}"},"query-input":{"@type":"PropertyValueSpecification","valueRequired":true,"valueName":"search_term_string"}}],"inLanguage":"pt-BR"},{"@type":"Person","@id":"https:\/\/grandelojams.org.br\/es\/#\/schema\/person\/5da1c0de136fe7cc6dea7d22b535752b","name":"admin","image":{"@type":"ImageObject","inLanguage":"pt-BR","@id":"https:\/\/grandelojams.org.br\/es\/#\/schema\/person\/image\/","url":"https:\/\/secure.gravatar.com\/avatar\/786137a0e890f9b53660f24bf8ec01ff8c644974de881f5aedc68bd0708ea113?s=96&d=mm&r=g","contentUrl":"https:\/\/secure.gravatar.com\/avatar\/786137a0e890f9b53660f24bf8ec01ff8c644974de881f5aedc68bd0708ea113?s=96&d=mm&r=g","caption":"admin"},"sameAs":["https:\/\/mondayde.com.br\/clientes\/template1"],"url":"https:\/\/grandelojams.org.br\/es\/author\/admin\/"}]}},"_links":{"self":[{"href":"https:\/\/grandelojams.org.br\/es\/wp-json\/wp\/v2\/posts\/3955","targetHints":{"allow":["GET"]}}],"collection":[{"href":"https:\/\/grandelojams.org.br\/es\/wp-json\/wp\/v2\/posts"}],"about":[{"href":"https:\/\/grandelojams.org.br\/es\/wp-json\/wp\/v2\/types\/post"}],"author":[{"embeddable":true,"href":"https:\/\/grandelojams.org.br\/es\/wp-json\/wp\/v2\/users\/1"}],"replies":[{"embeddable":true,"href":"https:\/\/grandelojams.org.br\/es\/wp-json\/wp\/v2\/comments?post=3955"}],"version-history":[{"count":1,"href":"https:\/\/grandelojams.org.br\/es\/wp-json\/wp\/v2\/posts\/3955\/revisions"}],"predecessor-version":[{"id":9489,"href":"https:\/\/grandelojams.org.br\/es\/wp-json\/wp\/v2\/posts\/3955\/revisions\/9489"}],"wp:featuredmedia":[{"embeddable":true,"href":"https:\/\/grandelojams.org.br\/es\/wp-json\/wp\/v2\/media\/9474"}],"wp:attachment":[{"href":"https:\/\/grandelojams.org.br\/es\/wp-json\/wp\/v2\/media?parent=3955"}],"wp:term":[{"taxonomy":"category","embeddable":true,"href":"https:\/\/grandelojams.org.br\/es\/wp-json\/wp\/v2\/categories?post=3955"},{"taxonomy":"post_tag","embeddable":true,"href":"https:\/\/grandelojams.org.br\/es\/wp-json\/wp\/v2\/tags?post=3955"}],"curies":[{"name":"wp","href":"https:\/\/api.w.org\/{rel}","templated":true}]}}