{"id":3931,"date":"2023-06-28T11:02:21","date_gmt":"2023-06-28T14:02:21","guid":{"rendered":"https:\/\/grandelojams.org.br\/?p=3931"},"modified":"2025-06-20T16:31:15","modified_gmt":"2025-06-20T19:31:15","slug":"1o-arraia-de-sao-joao-da-grande-loja-reune-mais-de-2-mil-pessoas-no-cedesc","status":"publish","type":"post","link":"https:\/\/grandelojams.org.br\/es\/1o-arraia-de-sao-joao-da-grande-loja-reune-mais-de-2-mil-pessoas-no-cedesc\/","title":{"rendered":"1\u00ba ARRAI\u00c1 DE S\u00c3O JO\u00c3O DA GLEMS RE\u00daNE MAIS DE 2 MIL PESSOAS NO CEDESC"},"content":{"rendered":"<p style=\"text-align: center;\"><a href=\"https:\/\/youtu.be\/Ov6bWX21Cno\">CLICK AQUI PARA ASSISTIR O V\u00cdDEO<\/a><\/p>\n<p>Comidas t\u00edpicas, brincadeiras, m\u00fasica ao vivo e a tradicional quadrilha. Fo assim a primeira edi\u00e7\u00e3o do Arrai\u00e1 de S\u00e3o Jo\u00e3o, que entra para hist\u00f3ria da Grande Loja Ma\u00e7\u00f4nica do Estado de Mato Grosso do Sul. O evento foi sucesso de p\u00fablico e reuniu no p\u00e1tio do CEDESC \u2013 Centro de Desenvolvimento Social e Comunit\u00e1rio, da Funlec, mais de duas mil pessoas.<\/p>\n<p>O Seren\u00edssimo Gr\u00e3o-Mestre, Ir\u2234 Ademar de Souza Freitas ficou surpreso com a multid\u00e3o que compareceu ao evento. \u201cUma festa fant\u00e1stica. Com lindas apresenta\u00e7\u00f5es. O p\u00fablico superou as nossas expectativas. O Arrai\u00e1 de S\u00e3o Jo\u00e3o j\u00e1 est\u00e1 no calend\u00e1rio da Grande Loja e ano que vem tem mais\u201d, declarou o Gr\u00e3o-Mestre.<\/p>\n<p>A festa comemorou o Dia de S\u00e3o Jo\u00e3o, padroeiro da Ma\u00e7onaria e teve como objetivo arrecadar alimentos, agasalhos e recursos financeiros para entidades filantr\u00f3picas que a ma\u00e7onaria presta apoio e tamb\u00e9m promover a uni\u00e3o e a confraterniza\u00e7\u00e3o da fam\u00edlia ma\u00e7\u00f4nica.<\/p>\n<p>Ir\u2234 Arthur Lemos Nogueira, que esteve \u00e0 frente da Comiss\u00e3o Organizadora disse que n\u00e3o houve nenhum contratempo e a festa ocorreu da melhor forma poss\u00edvel. \u201cRecebi a miss\u00e3o de organizar essa festa, mas nunca estive sozinho. Muitos irm\u00e3os e lojas abra\u00e7aram a ideia, mostrando a for\u00e7a da nossa uni\u00e3o. O mais bonito \u00e9 ver a fam\u00edlia ma\u00e7\u00f4nica junta, alegre e confraternizando\u201d, declarou.<\/p>\n<p>O Arrai\u00e1 da GLEMS contou com o apoio do Governo do Estado, da prefeitura de Campo Grande e com a parceria da Funlec \u2013 Funda\u00e7\u00e3o Lowtons de Educa\u00e7\u00e3o e Cultura que cedeu o espa\u00e7o para a realiza\u00e7\u00e3o do evento. O vereador Jo\u00e3o Rocha que representou a prefeita Adriane Lopes revelou a satisfa\u00e7\u00e3o e a honra de participar de um evento t\u00e3o bonito e organizado.<\/p>\n<p>O Diretor Presidente da Funlec \u2013 Funda\u00e7\u00e3o Lowtons de Educa\u00e7\u00e3o e Cultura, Ir\u2234 Murilo Luciano de Souza parabenizou o Gr\u00e3o-Mestre pela iniciativa. \u201cO evento esteve impec\u00e1vel. Trouxe divers\u00e3o ao p\u00fablico e ainda ir\u00e1 ajudar muitas entidades. Parab\u00e9ns ao nosso Seren\u00edssimo Gr\u00e3o-Mestre\u201d, ressaltou Murilo<\/p>\n<p>Ao todo foram arrecadados mais de uma tonelada de alimentos, al\u00e9m de agasalhos que ser\u00e3o entregues a entidades filantr\u00f3picas. As vendas das barracas arrecadaram em dinheiro R$ 41 mil que tamb\u00e9m ser\u00e3o encaminhados para doa\u00e7\u00e3o.<\/p>\n\n\n<figure class=\"wp-block-gallery has-nested-images columns-default is-cropped wp-block-gallery-1 is-layout-flex wp-block-gallery-is-layout-flex\">\n<figure class=\"wp-block-image size-large\"><img decoding=\"async\" data-id=\"3943\" src=\"https:\/\/grandelojams.org.br\/wp-content\/uploads\/2023\/06\/festa-3.jpeg\" alt=\"\" class=\"wp-image-3943\"\/><\/figure>\n\n\n\n<figure class=\"wp-block-image size-large\"><img decoding=\"async\" data-id=\"3945\" src=\"https:\/\/grandelojams.org.br\/wp-content\/uploads\/2023\/06\/festa-ok.jpeg\" alt=\"\" class=\"wp-image-3945\"\/><\/figure>\n\n\n\n<figure class=\"wp-block-image size-large\"><img decoding=\"async\" data-id=\"3944\" src=\"https:\/\/grandelojams.org.br\/wp-content\/uploads\/2023\/06\/festa-6.jpeg\" alt=\"\" class=\"wp-image-3944\"\/><\/figure>\n\n\n\n<figure class=\"wp-block-image size-large\"><img decoding=\"async\" data-id=\"3946\" src=\"https:\/\/grandelojams.org.br\/wp-content\/uploads\/2023\/06\/capa-1.png\" alt=\"\" class=\"wp-image-3946\"\/><\/figure>\n\n\n\n<figure class=\"wp-block-image size-large\"><img decoding=\"async\" data-id=\"3947\" src=\"https:\/\/grandelojams.org.br\/wp-content\/uploads\/2023\/06\/festa-2.jpeg\" alt=\"\" class=\"wp-image-3947\"\/><\/figure>\n\n\n\n<figure class=\"wp-block-image size-large\"><img decoding=\"async\" data-id=\"3948\" src=\"https:\/\/grandelojams.org.br\/wp-content\/uploads\/2023\/06\/festa-7.jpeg\" alt=\"\" class=\"wp-image-3948\"\/><\/figure>\n\n\n\n<figure class=\"wp-block-image size-large\"><img decoding=\"async\" data-id=\"3949\" src=\"https:\/\/grandelojams.org.br\/wp-content\/uploads\/2023\/06\/festa-9.jpeg\" alt=\"\" class=\"wp-image-3949\"\/><\/figure>\n\n\n\n<figure class=\"wp-block-image size-large\"><img decoding=\"async\" data-id=\"3950\" src=\"https:\/\/grandelojams.org.br\/wp-content\/uploads\/2023\/06\/festa-10.jpeg\" alt=\"\" class=\"wp-image-3950\"\/><\/figure>\n\n\n\n<figure class=\"wp-block-image size-large\"><img decoding=\"async\" data-id=\"3951\" src=\"https:\/\/grandelojams.org.br\/wp-content\/uploads\/2023\/06\/festa-11.jpeg\" alt=\"\" class=\"wp-image-3951\"\/><\/figure>\n<\/figure>\n","protected":false},"excerpt":{"rendered":"<p>CLICK AQUI PARA ASSISTIR O V\u00cdDEO Comidas t\u00edpicas, brincadeiras, m\u00fasica ao vivo e a tradicional quadrilha. Fo assim a primeira edi\u00e7\u00e3o do Arrai\u00e1 de S\u00e3o Jo\u00e3o, que entra para hist\u00f3ria da Grande Loja Ma\u00e7\u00f4nica do Estado de Mato Grosso do Sul. O evento foi sucesso de p\u00fablico e reuniu no p\u00e1tio do CEDESC \u2013 Centro [&hellip;]<\/p>\n","protected":false},"author":1,"featured_media":9473,"comment_status":"open","ping_status":"open","sticky":false,"template":"","format":"standard","meta":{"footnotes":""},"categories":[56],"tags":[],"class_list":["post-3931","post","type-post","status-publish","format-standard","has-post-thumbnail","hentry","category-noticias"],"yoast_head":"<!-- This site is optimized with the Yoast SEO plugin v26.3 - https:\/\/yoast.com\/wordpress\/plugins\/seo\/ -->\n<title>1\u00ba ARRAI\u00c1 DE S\u00c3O JO\u00c3O DA GLEMS RE\u00daNE MAIS DE 2 MIL PESSOAS NO CEDESC - GLEMS<\/title>\n<meta name=\"robots\" content=\"index, follow, max-snippet:-1, max-image-preview:large, max-video-preview:-1\" \/>\n<link rel=\"canonical\" href=\"https:\/\/grandelojams.org.br\/es\/1o-arraia-de-sao-joao-da-grande-loja-reune-mais-de-2-mil-pessoas-no-cedesc\/\" \/>\n<meta property=\"og:locale\" content=\"pt_BR\" \/>\n<meta property=\"og:type\" content=\"article\" \/>\n<meta property=\"og:title\" content=\"1\u00ba ARRAI\u00c1 DE S\u00c3O JO\u00c3O DA GLEMS RE\u00daNE MAIS DE 2 MIL PESSOAS NO CEDESC - GLEMS\" \/>\n<meta property=\"og:description\" content=\"CLICK AQUI PARA ASSISTIR O V\u00cdDEO Comidas t\u00edpicas, brincadeiras, m\u00fasica ao vivo e a tradicional quadrilha. Fo assim a primeira edi\u00e7\u00e3o do Arrai\u00e1 de S\u00e3o Jo\u00e3o, que entra para hist\u00f3ria da Grande Loja Ma\u00e7\u00f4nica do Estado de Mato Grosso do Sul. O evento foi sucesso de p\u00fablico e reuniu no p\u00e1tio do CEDESC \u2013 Centro [&hellip;]\" \/>\n<meta property=\"og:url\" content=\"https:\/\/grandelojams.org.br\/es\/1o-arraia-de-sao-joao-da-grande-loja-reune-mais-de-2-mil-pessoas-no-cedesc\/\" \/>\n<meta property=\"og:site_name\" content=\"GLEMS\" \/>\n<meta property=\"article:published_time\" content=\"2023-06-28T14:02:21+00:00\" \/>\n<meta property=\"article:modified_time\" content=\"2025-06-20T19:31:15+00:00\" \/>\n<meta property=\"og:image\" content=\"https:\/\/grandelojams.org.br\/es\/wp-content\/uploads\/2023\/07\/capa-672x372-1.png\" \/>\n\t<meta property=\"og:image:width\" content=\"672\" \/>\n\t<meta property=\"og:image:height\" content=\"372\" \/>\n\t<meta property=\"og:image:type\" content=\"image\/png\" \/>\n<meta name=\"author\" content=\"admin\" \/>\n<meta name=\"twitter:card\" content=\"summary_large_image\" \/>\n<meta name=\"twitter:label1\" content=\"Escrito por\" \/>\n\t<meta name=\"twitter:data1\" content=\"admin\" \/>\n\t<meta name=\"twitter:label2\" content=\"Est. tempo de leitura\" \/>\n\t<meta name=\"twitter:data2\" content=\"4 minutos\" \/>\n<script type=\"application\/ld+json\" class=\"yoast-schema-graph\">{\"@context\":\"https:\/\/schema.org\",\"@graph\":[{\"@type\":\"WebPage\",\"@id\":\"https:\/\/grandelojams.org.br\/es\/1o-arraia-de-sao-joao-da-grande-loja-reune-mais-de-2-mil-pessoas-no-cedesc\/\",\"url\":\"https:\/\/grandelojams.org.br\/es\/1o-arraia-de-sao-joao-da-grande-loja-reune-mais-de-2-mil-pessoas-no-cedesc\/\",\"name\":\"1\u00ba ARRAI\u00c1 DE S\u00c3O JO\u00c3O DA GLEMS RE\u00daNE MAIS DE 2 MIL PESSOAS NO CEDESC - GLEMS\",\"isPartOf\":{\"@id\":\"https:\/\/grandelojams.org.br\/es\/#website\"},\"primaryImageOfPage\":{\"@id\":\"https:\/\/grandelojams.org.br\/es\/1o-arraia-de-sao-joao-da-grande-loja-reune-mais-de-2-mil-pessoas-no-cedesc\/#primaryimage\"},\"image\":{\"@id\":\"https:\/\/grandelojams.org.br\/es\/1o-arraia-de-sao-joao-da-grande-loja-reune-mais-de-2-mil-pessoas-no-cedesc\/#primaryimage\"},\"thumbnailUrl\":\"https:\/\/grandelojams.org.br\/es\/wp-content\/uploads\/2023\/07\/capa-672x372-1.png\",\"datePublished\":\"2023-06-28T14:02:21+00:00\",\"dateModified\":\"2025-06-20T19:31:15+00:00\",\"author\":{\"@id\":\"https:\/\/grandelojams.org.br\/es\/#\/schema\/person\/5da1c0de136fe7cc6dea7d22b535752b\"},\"breadcrumb\":{\"@id\":\"https:\/\/grandelojams.org.br\/es\/1o-arraia-de-sao-joao-da-grande-loja-reune-mais-de-2-mil-pessoas-no-cedesc\/#breadcrumb\"},\"inLanguage\":\"pt-BR\",\"potentialAction\":[{\"@type\":\"ReadAction\",\"target\":[\"https:\/\/grandelojams.org.br\/es\/1o-arraia-de-sao-joao-da-grande-loja-reune-mais-de-2-mil-pessoas-no-cedesc\/\"]}]},{\"@type\":\"ImageObject\",\"inLanguage\":\"pt-BR\",\"@id\":\"https:\/\/grandelojams.org.br\/es\/1o-arraia-de-sao-joao-da-grande-loja-reune-mais-de-2-mil-pessoas-no-cedesc\/#primaryimage\",\"url\":\"https:\/\/grandelojams.org.br\/es\/wp-content\/uploads\/2023\/07\/capa-672x372-1.png\",\"contentUrl\":\"https:\/\/grandelojams.org.br\/es\/wp-content\/uploads\/2023\/07\/capa-672x372-1.png\",\"width\":672,\"height\":372},{\"@type\":\"BreadcrumbList\",\"@id\":\"https:\/\/grandelojams.org.br\/es\/1o-arraia-de-sao-joao-da-grande-loja-reune-mais-de-2-mil-pessoas-no-cedesc\/#breadcrumb\",\"itemListElement\":[{\"@type\":\"ListItem\",\"position\":1,\"name\":\"In\u00edcio\",\"item\":\"https:\/\/grandelojams.org.br\/es\/\"},{\"@type\":\"ListItem\",\"position\":2,\"name\":\"1\u00ba ARRAI\u00c1 DE S\u00c3O JO\u00c3O DA GLEMS RE\u00daNE MAIS DE 2 MIL PESSOAS NO CEDESC\"}]},{\"@type\":\"WebSite\",\"@id\":\"https:\/\/grandelojams.org.br\/es\/#website\",\"url\":\"https:\/\/grandelojams.org.br\/es\/\",\"name\":\"GLEMS\",\"description\":\"Grande Loja Ma\u00e7\u00f4nica do Mato Grosso do Sul\",\"potentialAction\":[{\"@type\":\"SearchAction\",\"target\":{\"@type\":\"EntryPoint\",\"urlTemplate\":\"https:\/\/grandelojams.org.br\/es\/?s={search_term_string}\"},\"query-input\":{\"@type\":\"PropertyValueSpecification\",\"valueRequired\":true,\"valueName\":\"search_term_string\"}}],\"inLanguage\":\"pt-BR\"},{\"@type\":\"Person\",\"@id\":\"https:\/\/grandelojams.org.br\/es\/#\/schema\/person\/5da1c0de136fe7cc6dea7d22b535752b\",\"name\":\"admin\",\"image\":{\"@type\":\"ImageObject\",\"inLanguage\":\"pt-BR\",\"@id\":\"https:\/\/grandelojams.org.br\/es\/#\/schema\/person\/image\/\",\"url\":\"https:\/\/secure.gravatar.com\/avatar\/786137a0e890f9b53660f24bf8ec01ff8c644974de881f5aedc68bd0708ea113?s=96&d=mm&r=g\",\"contentUrl\":\"https:\/\/secure.gravatar.com\/avatar\/786137a0e890f9b53660f24bf8ec01ff8c644974de881f5aedc68bd0708ea113?s=96&d=mm&r=g\",\"caption\":\"admin\"},\"sameAs\":[\"https:\/\/mondayde.com.br\/clientes\/template1\"],\"url\":\"https:\/\/grandelojams.org.br\/es\/author\/admin\/\"}]}<\/script>\n<!-- \/ Yoast SEO plugin. -->","yoast_head_json":{"title":"1\u00ba ARRAI\u00c1 DE S\u00c3O JO\u00c3O DA GLEMS RE\u00daNE MAIS DE 2 MIL PESSOAS NO CEDESC - GLEMS","robots":{"index":"index","follow":"follow","max-snippet":"max-snippet:-1","max-image-preview":"max-image-preview:large","max-video-preview":"max-video-preview:-1"},"canonical":"https:\/\/grandelojams.org.br\/es\/1o-arraia-de-sao-joao-da-grande-loja-reune-mais-de-2-mil-pessoas-no-cedesc\/","og_locale":"pt_BR","og_type":"article","og_title":"1\u00ba ARRAI\u00c1 DE S\u00c3O JO\u00c3O DA GLEMS RE\u00daNE MAIS DE 2 MIL PESSOAS NO CEDESC - GLEMS","og_description":"CLICK AQUI PARA ASSISTIR O V\u00cdDEO Comidas t\u00edpicas, brincadeiras, m\u00fasica ao vivo e a tradicional quadrilha. Fo assim a primeira edi\u00e7\u00e3o do Arrai\u00e1 de S\u00e3o Jo\u00e3o, que entra para hist\u00f3ria da Grande Loja Ma\u00e7\u00f4nica do Estado de Mato Grosso do Sul. O evento foi sucesso de p\u00fablico e reuniu no p\u00e1tio do CEDESC \u2013 Centro [&hellip;]","og_url":"https:\/\/grandelojams.org.br\/es\/1o-arraia-de-sao-joao-da-grande-loja-reune-mais-de-2-mil-pessoas-no-cedesc\/","og_site_name":"GLEMS","article_published_time":"2023-06-28T14:02:21+00:00","article_modified_time":"2025-06-20T19:31:15+00:00","og_image":[{"width":672,"height":372,"url":"https:\/\/grandelojams.org.br\/es\/wp-content\/uploads\/2023\/07\/capa-672x372-1.png","type":"image\/png"}],"author":"admin","twitter_card":"summary_large_image","twitter_misc":{"Escrito por":"admin","Est. tempo de leitura":"4 minutos"},"schema":{"@context":"https:\/\/schema.org","@graph":[{"@type":"WebPage","@id":"https:\/\/grandelojams.org.br\/es\/1o-arraia-de-sao-joao-da-grande-loja-reune-mais-de-2-mil-pessoas-no-cedesc\/","url":"https:\/\/grandelojams.org.br\/es\/1o-arraia-de-sao-joao-da-grande-loja-reune-mais-de-2-mil-pessoas-no-cedesc\/","name":"1\u00ba ARRAI\u00c1 DE S\u00c3O JO\u00c3O DA GLEMS RE\u00daNE MAIS DE 2 MIL PESSOAS NO CEDESC - GLEMS","isPartOf":{"@id":"https:\/\/grandelojams.org.br\/es\/#website"},"primaryImageOfPage":{"@id":"https:\/\/grandelojams.org.br\/es\/1o-arraia-de-sao-joao-da-grande-loja-reune-mais-de-2-mil-pessoas-no-cedesc\/#primaryimage"},"image":{"@id":"https:\/\/grandelojams.org.br\/es\/1o-arraia-de-sao-joao-da-grande-loja-reune-mais-de-2-mil-pessoas-no-cedesc\/#primaryimage"},"thumbnailUrl":"https:\/\/grandelojams.org.br\/es\/wp-content\/uploads\/2023\/07\/capa-672x372-1.png","datePublished":"2023-06-28T14:02:21+00:00","dateModified":"2025-06-20T19:31:15+00:00","author":{"@id":"https:\/\/grandelojams.org.br\/es\/#\/schema\/person\/5da1c0de136fe7cc6dea7d22b535752b"},"breadcrumb":{"@id":"https:\/\/grandelojams.org.br\/es\/1o-arraia-de-sao-joao-da-grande-loja-reune-mais-de-2-mil-pessoas-no-cedesc\/#breadcrumb"},"inLanguage":"pt-BR","potentialAction":[{"@type":"ReadAction","target":["https:\/\/grandelojams.org.br\/es\/1o-arraia-de-sao-joao-da-grande-loja-reune-mais-de-2-mil-pessoas-no-cedesc\/"]}]},{"@type":"ImageObject","inLanguage":"pt-BR","@id":"https:\/\/grandelojams.org.br\/es\/1o-arraia-de-sao-joao-da-grande-loja-reune-mais-de-2-mil-pessoas-no-cedesc\/#primaryimage","url":"https:\/\/grandelojams.org.br\/es\/wp-content\/uploads\/2023\/07\/capa-672x372-1.png","contentUrl":"https:\/\/grandelojams.org.br\/es\/wp-content\/uploads\/2023\/07\/capa-672x372-1.png","width":672,"height":372},{"@type":"BreadcrumbList","@id":"https:\/\/grandelojams.org.br\/es\/1o-arraia-de-sao-joao-da-grande-loja-reune-mais-de-2-mil-pessoas-no-cedesc\/#breadcrumb","itemListElement":[{"@type":"ListItem","position":1,"name":"In\u00edcio","item":"https:\/\/grandelojams.org.br\/es\/"},{"@type":"ListItem","position":2,"name":"1\u00ba ARRAI\u00c1 DE S\u00c3O JO\u00c3O DA GLEMS RE\u00daNE MAIS DE 2 MIL PESSOAS NO CEDESC"}]},{"@type":"WebSite","@id":"https:\/\/grandelojams.org.br\/es\/#website","url":"https:\/\/grandelojams.org.br\/es\/","name":"GLEMS","description":"Grande Loja Ma\u00e7\u00f4nica do Mato Grosso do Sul","potentialAction":[{"@type":"SearchAction","target":{"@type":"EntryPoint","urlTemplate":"https:\/\/grandelojams.org.br\/es\/?s={search_term_string}"},"query-input":{"@type":"PropertyValueSpecification","valueRequired":true,"valueName":"search_term_string"}}],"inLanguage":"pt-BR"},{"@type":"Person","@id":"https:\/\/grandelojams.org.br\/es\/#\/schema\/person\/5da1c0de136fe7cc6dea7d22b535752b","name":"admin","image":{"@type":"ImageObject","inLanguage":"pt-BR","@id":"https:\/\/grandelojams.org.br\/es\/#\/schema\/person\/image\/","url":"https:\/\/secure.gravatar.com\/avatar\/786137a0e890f9b53660f24bf8ec01ff8c644974de881f5aedc68bd0708ea113?s=96&d=mm&r=g","contentUrl":"https:\/\/secure.gravatar.com\/avatar\/786137a0e890f9b53660f24bf8ec01ff8c644974de881f5aedc68bd0708ea113?s=96&d=mm&r=g","caption":"admin"},"sameAs":["https:\/\/mondayde.com.br\/clientes\/template1"],"url":"https:\/\/grandelojams.org.br\/es\/author\/admin\/"}]}},"_links":{"self":[{"href":"https:\/\/grandelojams.org.br\/es\/wp-json\/wp\/v2\/posts\/3931","targetHints":{"allow":["GET"]}}],"collection":[{"href":"https:\/\/grandelojams.org.br\/es\/wp-json\/wp\/v2\/posts"}],"about":[{"href":"https:\/\/grandelojams.org.br\/es\/wp-json\/wp\/v2\/types\/post"}],"author":[{"embeddable":true,"href":"https:\/\/grandelojams.org.br\/es\/wp-json\/wp\/v2\/users\/1"}],"replies":[{"embeddable":true,"href":"https:\/\/grandelojams.org.br\/es\/wp-json\/wp\/v2\/comments?post=3931"}],"version-history":[{"count":1,"href":"https:\/\/grandelojams.org.br\/es\/wp-json\/wp\/v2\/posts\/3931\/revisions"}],"predecessor-version":[{"id":9490,"href":"https:\/\/grandelojams.org.br\/es\/wp-json\/wp\/v2\/posts\/3931\/revisions\/9490"}],"wp:featuredmedia":[{"embeddable":true,"href":"https:\/\/grandelojams.org.br\/es\/wp-json\/wp\/v2\/media\/9473"}],"wp:attachment":[{"href":"https:\/\/grandelojams.org.br\/es\/wp-json\/wp\/v2\/media?parent=3931"}],"wp:term":[{"taxonomy":"category","embeddable":true,"href":"https:\/\/grandelojams.org.br\/es\/wp-json\/wp\/v2\/categories?post=3931"},{"taxonomy":"post_tag","embeddable":true,"href":"https:\/\/grandelojams.org.br\/es\/wp-json\/wp\/v2\/tags?post=3931"}],"curies":[{"name":"wp","href":"https:\/\/api.w.org\/{rel}","templated":true}]}}