{"id":3916,"date":"2023-06-26T13:41:22","date_gmt":"2023-06-26T16:41:22","guid":{"rendered":"https:\/\/grandelojams.org.br\/?p=3916"},"modified":"2025-06-20T16:31:20","modified_gmt":"2025-06-20T19:31:20","slug":"assembleia-geral-aprova-balanco-financeiro-de-2022-e-apresenta-novos-projetos-da-glems","status":"publish","type":"post","link":"https:\/\/grandelojams.org.br\/es\/assembleia-geral-aprova-balanco-financeiro-de-2022-e-apresenta-novos-projetos-da-glems\/","title":{"rendered":"ASSEMBLEIA GERAL APROVA BALAN\u00c7O FINANCEIRO DE 2022 E APRESENTA NOVOS PROJETOS DA GLEMS"},"content":{"rendered":"<p style=\"text-align: center;\"><a href=\"https:\/\/youtu.be\/veQd4bcdDiQ\">CLICK E VEJA O V\u00cdDEO APRESENTADO DURANTE A ASSEMBLEIA GERAL<\/a><\/p>\n<p>Aconteceu na manh\u00e3 deste s\u00e1bado, a Assembleia Geral da Grande Loja Ma\u00e7\u00f4nica do Estado de Mato Grosso do Sul. As reuni\u00f5es Administrativa com os delegados, que aconteceu no audit\u00f3rio e a Ordin\u00e1ria, que aconteceu no Grande Templo, foram presididas e conduzidas pelo Seren\u00edssimo Gr\u00e3o-Mestre, Ir\u2234 Ademar de Souza Freitas.<\/p>\n<p>A Assembleia teve excelente ades\u00e3o. Das 65 Lojas jurisdicionadas \u00e0 GLEMS, 74% estiveram representadas pelos Vener\u00e1veis Mestres ou representantes. Estiveram presentes mais de 100 irm\u00e3os.<\/p>\n<p>Na reuni\u00e3o foram colocados em vota\u00e7\u00e3o e aprovados os pareceres da Grande Comiss\u00e3o Permanente de Finan\u00e7as, referentes ao Balan\u00e7o Patrimonial de 2022 e tamb\u00e9m a Campanha para o Aumento de Obreiros.<\/p>\n<p>O Seren\u00edssimo apresentou um v\u00eddeo com todas as a\u00e7\u00f5es e eventos que a Grande Loja estar\u00e1 desenvolvendo neste ano de 2023. Dentre estes o Festival Ma\u00e7\u00f4nico da Regi\u00e3o Sudeste, que acontecer\u00e1 nos dias 19 e 20 de agosto em Bonito, com a Final da Copa Ma\u00e7\u00f4nica de Futebol 7, Campeonato de Truco, al\u00e9m de realiza\u00e7\u00e3o de Bingo, palestra e festa de confraterniza\u00e7\u00e3o. A Festa das Na\u00e7\u00f5es Ma\u00e7\u00f4nicas, o Encontro das Cunhadas e o Baile dos 61 Anos da GLEMS, que ocorrer\u00e3o no m\u00eas de novembro.<\/p>\n<p>Ele destacou a implanta\u00e7\u00e3o da segunda unidade da Casa de Apoio, na cidade de Dourados, a cria\u00e7\u00e3o da Casa Parama\u00e7\u00f4nica e a realiza\u00e7\u00e3o, pela primeira vez no Estado, da Confer\u00eancia de Gr\u00e3o-Mestres da CMSB \u2013 Confedera\u00e7\u00e3o de Ma\u00e7onaria Simb\u00f3lica do Brasil. Um evento de n\u00edvel nacional e de alt\u00edssima relev\u00e2ncia para a ma\u00e7onaria brasileira.<\/p>\n<p>Ir\u2234 Ademar ressaltou ainda a import\u00e2ncia dos Encontros de Neg\u00f3cios nas fronteiras Brasil\/Bol\u00edvia e Brasil\/Paraguai, que acontecer\u00e3o nos dias 08 e 09 de setembro, no munic\u00edpio de Corumb\u00e1 e nos dias 15 e 16 do mesmo m\u00eas, em Ponta Por\u00e3, \u00a0com a presen\u00e7a do Governador do Estado, que ir\u00e1 abordar dentre outros assuntos, o potencial da regi\u00e3o e as oportunidades com os projetos da Rota Bioce\u00e2nica, do Porto Seco e da Ferroeste. Est\u00e3o confirmados tamb\u00e9m a presen\u00e7a dos palestrantes internacionais Luis Demetrio Soruco Henicke &#8211; Presidente del Directorio del Instituto Boliviano de Comercio Exterior (IBCE) e Javier Arze Justiniano &#8211; Gerente General C\u00e1mara de la Construcci\u00f3n De Santa Cruz \u2013 Cadecocru.<\/p>\n<p>\u201cNosso foco \u00e9 promover o desenvolvimento nas fronteiras atrav\u00e9s de bons neg\u00f3cios, aproximando a classe empresarial e colocando a Ma\u00e7onaria como protagonista na sociedade sul-mato-grossense\u201d, explicou o Gr\u00e3o-Mestre.<\/p>\n<p>Na Assembleia ele mostrou tamb\u00e9m o projeto de reforma e amplia\u00e7\u00e3o do pr\u00e9dio atual da sede administrativa da Grande Loja. Que ganhar\u00e1 uma fachada imponente, dois novos templos com \u00e1rea gourmet para realiza\u00e7\u00e3o de \u00e1gapes e amplia\u00e7\u00e3o do sal\u00e3o de festas.<\/p>\n<p>\u201cImplantamos uma gest\u00e3o din\u00e2mica. Estamos trabalhando muito para recuperar o tempo perdido na pandemia. Retornamos com todas as atividades que tinham parado, trazendo para o Estado eventos nacionais como a Confer\u00eancia da CMSB, e criando novos projetos para aproximar a ma\u00e7onaria da sociedade e mostrar a import\u00e2ncia que temos. E vamos tamb\u00e9m melhorar e modernizar nossas estruturas para melhor atender os irm\u00e3os\u201d, declarou o Gr\u00e3o-Mestre.<\/p>\n\n","protected":false},"excerpt":{"rendered":"<p>CLICK E VEJA O V\u00cdDEO APRESENTADO DURANTE A ASSEMBLEIA GERAL Aconteceu na manh\u00e3 deste s\u00e1bado, a Assembleia Geral da Grande Loja Ma\u00e7\u00f4nica do Estado de Mato Grosso do Sul. As reuni\u00f5es Administrativa com os delegados, que aconteceu no audit\u00f3rio e a Ordin\u00e1ria, que aconteceu no Grande Templo, foram presididas e conduzidas pelo Seren\u00edssimo Gr\u00e3o-Mestre, Ir\u2234 [&hellip;]<\/p>\n","protected":false},"author":1,"featured_media":9472,"comment_status":"open","ping_status":"open","sticky":false,"template":"","format":"standard","meta":{"footnotes":""},"categories":[55],"tags":[116,106,61,65,117],"class_list":["post-3916","post","type-post","status-publish","format-standard","has-post-thumbnail","hentry","category-palavra-do-s-g-m","tag-assembleia-geral","tag-campo-grande","tag-glems","tag-ms","tag-prestacao-de-contas"],"yoast_head":"<!-- This site is optimized with the Yoast SEO plugin v26.3 - https:\/\/yoast.com\/wordpress\/plugins\/seo\/ -->\n<title>ASSEMBLEIA GERAL APROVA BALAN\u00c7O FINANCEIRO DE 2022 E APRESENTA NOVOS PROJETOS DA GLEMS - GLEMS<\/title>\n<meta name=\"robots\" content=\"index, follow, max-snippet:-1, max-image-preview:large, max-video-preview:-1\" \/>\n<link rel=\"canonical\" href=\"https:\/\/grandelojams.org.br\/es\/assembleia-geral-aprova-balanco-financeiro-de-2022-e-apresenta-novos-projetos-da-glems\/\" \/>\n<meta property=\"og:locale\" content=\"pt_BR\" \/>\n<meta property=\"og:type\" content=\"article\" \/>\n<meta property=\"og:title\" content=\"ASSEMBLEIA GERAL APROVA BALAN\u00c7O FINANCEIRO DE 2022 E APRESENTA NOVOS PROJETOS DA GLEMS - GLEMS\" \/>\n<meta property=\"og:description\" content=\"CLICK E VEJA O V\u00cdDEO APRESENTADO DURANTE A ASSEMBLEIA GERAL Aconteceu na manh\u00e3 deste s\u00e1bado, a Assembleia Geral da Grande Loja Ma\u00e7\u00f4nica do Estado de Mato Grosso do Sul. As reuni\u00f5es Administrativa com os delegados, que aconteceu no audit\u00f3rio e a Ordin\u00e1ria, que aconteceu no Grande Templo, foram presididas e conduzidas pelo Seren\u00edssimo Gr\u00e3o-Mestre, Ir\u2234 [&hellip;]\" \/>\n<meta property=\"og:url\" content=\"https:\/\/grandelojams.org.br\/es\/assembleia-geral-aprova-balanco-financeiro-de-2022-e-apresenta-novos-projetos-da-glems\/\" \/>\n<meta property=\"og:site_name\" content=\"GLEMS\" \/>\n<meta property=\"article:published_time\" content=\"2023-06-26T16:41:22+00:00\" \/>\n<meta property=\"article:modified_time\" content=\"2025-06-20T19:31:20+00:00\" \/>\n<meta property=\"og:image\" content=\"https:\/\/grandelojams.org.br\/es\/wp-content\/uploads\/2023\/07\/Destaque-5-672x372-1.jpeg\" \/>\n\t<meta property=\"og:image:width\" content=\"672\" \/>\n\t<meta property=\"og:image:height\" content=\"372\" \/>\n\t<meta property=\"og:image:type\" content=\"image\/jpeg\" \/>\n<meta name=\"author\" content=\"admin\" \/>\n<meta name=\"twitter:card\" content=\"summary_large_image\" \/>\n<meta name=\"twitter:label1\" content=\"Escrito por\" \/>\n\t<meta name=\"twitter:data1\" content=\"admin\" \/>\n\t<meta name=\"twitter:label2\" content=\"Est. tempo de leitura\" \/>\n\t<meta name=\"twitter:data2\" content=\"3 minutos\" \/>\n<script type=\"application\/ld+json\" class=\"yoast-schema-graph\">{\"@context\":\"https:\/\/schema.org\",\"@graph\":[{\"@type\":\"WebPage\",\"@id\":\"https:\/\/grandelojams.org.br\/es\/assembleia-geral-aprova-balanco-financeiro-de-2022-e-apresenta-novos-projetos-da-glems\/\",\"url\":\"https:\/\/grandelojams.org.br\/es\/assembleia-geral-aprova-balanco-financeiro-de-2022-e-apresenta-novos-projetos-da-glems\/\",\"name\":\"ASSEMBLEIA GERAL APROVA BALAN\u00c7O FINANCEIRO DE 2022 E APRESENTA NOVOS PROJETOS DA GLEMS - GLEMS\",\"isPartOf\":{\"@id\":\"https:\/\/grandelojams.org.br\/es\/#website\"},\"primaryImageOfPage\":{\"@id\":\"https:\/\/grandelojams.org.br\/es\/assembleia-geral-aprova-balanco-financeiro-de-2022-e-apresenta-novos-projetos-da-glems\/#primaryimage\"},\"image\":{\"@id\":\"https:\/\/grandelojams.org.br\/es\/assembleia-geral-aprova-balanco-financeiro-de-2022-e-apresenta-novos-projetos-da-glems\/#primaryimage\"},\"thumbnailUrl\":\"https:\/\/grandelojams.org.br\/es\/wp-content\/uploads\/2023\/07\/Destaque-5-672x372-1.jpeg\",\"datePublished\":\"2023-06-26T16:41:22+00:00\",\"dateModified\":\"2025-06-20T19:31:20+00:00\",\"author\":{\"@id\":\"https:\/\/grandelojams.org.br\/es\/#\/schema\/person\/5da1c0de136fe7cc6dea7d22b535752b\"},\"breadcrumb\":{\"@id\":\"https:\/\/grandelojams.org.br\/es\/assembleia-geral-aprova-balanco-financeiro-de-2022-e-apresenta-novos-projetos-da-glems\/#breadcrumb\"},\"inLanguage\":\"pt-BR\",\"potentialAction\":[{\"@type\":\"ReadAction\",\"target\":[\"https:\/\/grandelojams.org.br\/es\/assembleia-geral-aprova-balanco-financeiro-de-2022-e-apresenta-novos-projetos-da-glems\/\"]}]},{\"@type\":\"ImageObject\",\"inLanguage\":\"pt-BR\",\"@id\":\"https:\/\/grandelojams.org.br\/es\/assembleia-geral-aprova-balanco-financeiro-de-2022-e-apresenta-novos-projetos-da-glems\/#primaryimage\",\"url\":\"https:\/\/grandelojams.org.br\/es\/wp-content\/uploads\/2023\/07\/Destaque-5-672x372-1.jpeg\",\"contentUrl\":\"https:\/\/grandelojams.org.br\/es\/wp-content\/uploads\/2023\/07\/Destaque-5-672x372-1.jpeg\",\"width\":672,\"height\":372},{\"@type\":\"BreadcrumbList\",\"@id\":\"https:\/\/grandelojams.org.br\/es\/assembleia-geral-aprova-balanco-financeiro-de-2022-e-apresenta-novos-projetos-da-glems\/#breadcrumb\",\"itemListElement\":[{\"@type\":\"ListItem\",\"position\":1,\"name\":\"In\u00edcio\",\"item\":\"https:\/\/grandelojams.org.br\/es\/\"},{\"@type\":\"ListItem\",\"position\":2,\"name\":\"ASSEMBLEIA GERAL APROVA BALAN\u00c7O FINANCEIRO DE 2022 E APRESENTA NOVOS PROJETOS DA GLEMS\"}]},{\"@type\":\"WebSite\",\"@id\":\"https:\/\/grandelojams.org.br\/es\/#website\",\"url\":\"https:\/\/grandelojams.org.br\/es\/\",\"name\":\"GLEMS\",\"description\":\"Grande Loja Ma\u00e7\u00f4nica do Mato Grosso do Sul\",\"potentialAction\":[{\"@type\":\"SearchAction\",\"target\":{\"@type\":\"EntryPoint\",\"urlTemplate\":\"https:\/\/grandelojams.org.br\/es\/?s={search_term_string}\"},\"query-input\":{\"@type\":\"PropertyValueSpecification\",\"valueRequired\":true,\"valueName\":\"search_term_string\"}}],\"inLanguage\":\"pt-BR\"},{\"@type\":\"Person\",\"@id\":\"https:\/\/grandelojams.org.br\/es\/#\/schema\/person\/5da1c0de136fe7cc6dea7d22b535752b\",\"name\":\"admin\",\"image\":{\"@type\":\"ImageObject\",\"inLanguage\":\"pt-BR\",\"@id\":\"https:\/\/grandelojams.org.br\/es\/#\/schema\/person\/image\/\",\"url\":\"https:\/\/secure.gravatar.com\/avatar\/786137a0e890f9b53660f24bf8ec01ff8c644974de881f5aedc68bd0708ea113?s=96&d=mm&r=g\",\"contentUrl\":\"https:\/\/secure.gravatar.com\/avatar\/786137a0e890f9b53660f24bf8ec01ff8c644974de881f5aedc68bd0708ea113?s=96&d=mm&r=g\",\"caption\":\"admin\"},\"sameAs\":[\"https:\/\/mondayde.com.br\/clientes\/template1\"],\"url\":\"https:\/\/grandelojams.org.br\/es\/author\/admin\/\"}]}<\/script>\n<!-- \/ Yoast SEO plugin. -->","yoast_head_json":{"title":"ASSEMBLEIA GERAL APROVA BALAN\u00c7O FINANCEIRO DE 2022 E APRESENTA NOVOS PROJETOS DA GLEMS - GLEMS","robots":{"index":"index","follow":"follow","max-snippet":"max-snippet:-1","max-image-preview":"max-image-preview:large","max-video-preview":"max-video-preview:-1"},"canonical":"https:\/\/grandelojams.org.br\/es\/assembleia-geral-aprova-balanco-financeiro-de-2022-e-apresenta-novos-projetos-da-glems\/","og_locale":"pt_BR","og_type":"article","og_title":"ASSEMBLEIA GERAL APROVA BALAN\u00c7O FINANCEIRO DE 2022 E APRESENTA NOVOS PROJETOS DA GLEMS - GLEMS","og_description":"CLICK E VEJA O V\u00cdDEO APRESENTADO DURANTE A ASSEMBLEIA GERAL Aconteceu na manh\u00e3 deste s\u00e1bado, a Assembleia Geral da Grande Loja Ma\u00e7\u00f4nica do Estado de Mato Grosso do Sul. As reuni\u00f5es Administrativa com os delegados, que aconteceu no audit\u00f3rio e a Ordin\u00e1ria, que aconteceu no Grande Templo, foram presididas e conduzidas pelo Seren\u00edssimo Gr\u00e3o-Mestre, Ir\u2234 [&hellip;]","og_url":"https:\/\/grandelojams.org.br\/es\/assembleia-geral-aprova-balanco-financeiro-de-2022-e-apresenta-novos-projetos-da-glems\/","og_site_name":"GLEMS","article_published_time":"2023-06-26T16:41:22+00:00","article_modified_time":"2025-06-20T19:31:20+00:00","og_image":[{"width":672,"height":372,"url":"https:\/\/grandelojams.org.br\/es\/wp-content\/uploads\/2023\/07\/Destaque-5-672x372-1.jpeg","type":"image\/jpeg"}],"author":"admin","twitter_card":"summary_large_image","twitter_misc":{"Escrito por":"admin","Est. tempo de leitura":"3 minutos"},"schema":{"@context":"https:\/\/schema.org","@graph":[{"@type":"WebPage","@id":"https:\/\/grandelojams.org.br\/es\/assembleia-geral-aprova-balanco-financeiro-de-2022-e-apresenta-novos-projetos-da-glems\/","url":"https:\/\/grandelojams.org.br\/es\/assembleia-geral-aprova-balanco-financeiro-de-2022-e-apresenta-novos-projetos-da-glems\/","name":"ASSEMBLEIA GERAL APROVA BALAN\u00c7O FINANCEIRO DE 2022 E APRESENTA NOVOS PROJETOS DA GLEMS - GLEMS","isPartOf":{"@id":"https:\/\/grandelojams.org.br\/es\/#website"},"primaryImageOfPage":{"@id":"https:\/\/grandelojams.org.br\/es\/assembleia-geral-aprova-balanco-financeiro-de-2022-e-apresenta-novos-projetos-da-glems\/#primaryimage"},"image":{"@id":"https:\/\/grandelojams.org.br\/es\/assembleia-geral-aprova-balanco-financeiro-de-2022-e-apresenta-novos-projetos-da-glems\/#primaryimage"},"thumbnailUrl":"https:\/\/grandelojams.org.br\/es\/wp-content\/uploads\/2023\/07\/Destaque-5-672x372-1.jpeg","datePublished":"2023-06-26T16:41:22+00:00","dateModified":"2025-06-20T19:31:20+00:00","author":{"@id":"https:\/\/grandelojams.org.br\/es\/#\/schema\/person\/5da1c0de136fe7cc6dea7d22b535752b"},"breadcrumb":{"@id":"https:\/\/grandelojams.org.br\/es\/assembleia-geral-aprova-balanco-financeiro-de-2022-e-apresenta-novos-projetos-da-glems\/#breadcrumb"},"inLanguage":"pt-BR","potentialAction":[{"@type":"ReadAction","target":["https:\/\/grandelojams.org.br\/es\/assembleia-geral-aprova-balanco-financeiro-de-2022-e-apresenta-novos-projetos-da-glems\/"]}]},{"@type":"ImageObject","inLanguage":"pt-BR","@id":"https:\/\/grandelojams.org.br\/es\/assembleia-geral-aprova-balanco-financeiro-de-2022-e-apresenta-novos-projetos-da-glems\/#primaryimage","url":"https:\/\/grandelojams.org.br\/es\/wp-content\/uploads\/2023\/07\/Destaque-5-672x372-1.jpeg","contentUrl":"https:\/\/grandelojams.org.br\/es\/wp-content\/uploads\/2023\/07\/Destaque-5-672x372-1.jpeg","width":672,"height":372},{"@type":"BreadcrumbList","@id":"https:\/\/grandelojams.org.br\/es\/assembleia-geral-aprova-balanco-financeiro-de-2022-e-apresenta-novos-projetos-da-glems\/#breadcrumb","itemListElement":[{"@type":"ListItem","position":1,"name":"In\u00edcio","item":"https:\/\/grandelojams.org.br\/es\/"},{"@type":"ListItem","position":2,"name":"ASSEMBLEIA GERAL APROVA BALAN\u00c7O FINANCEIRO DE 2022 E APRESENTA NOVOS PROJETOS DA GLEMS"}]},{"@type":"WebSite","@id":"https:\/\/grandelojams.org.br\/es\/#website","url":"https:\/\/grandelojams.org.br\/es\/","name":"GLEMS","description":"Grande Loja Ma\u00e7\u00f4nica do Mato Grosso do Sul","potentialAction":[{"@type":"SearchAction","target":{"@type":"EntryPoint","urlTemplate":"https:\/\/grandelojams.org.br\/es\/?s={search_term_string}"},"query-input":{"@type":"PropertyValueSpecification","valueRequired":true,"valueName":"search_term_string"}}],"inLanguage":"pt-BR"},{"@type":"Person","@id":"https:\/\/grandelojams.org.br\/es\/#\/schema\/person\/5da1c0de136fe7cc6dea7d22b535752b","name":"admin","image":{"@type":"ImageObject","inLanguage":"pt-BR","@id":"https:\/\/grandelojams.org.br\/es\/#\/schema\/person\/image\/","url":"https:\/\/secure.gravatar.com\/avatar\/786137a0e890f9b53660f24bf8ec01ff8c644974de881f5aedc68bd0708ea113?s=96&d=mm&r=g","contentUrl":"https:\/\/secure.gravatar.com\/avatar\/786137a0e890f9b53660f24bf8ec01ff8c644974de881f5aedc68bd0708ea113?s=96&d=mm&r=g","caption":"admin"},"sameAs":["https:\/\/mondayde.com.br\/clientes\/template1"],"url":"https:\/\/grandelojams.org.br\/es\/author\/admin\/"}]}},"_links":{"self":[{"href":"https:\/\/grandelojams.org.br\/es\/wp-json\/wp\/v2\/posts\/3916","targetHints":{"allow":["GET"]}}],"collection":[{"href":"https:\/\/grandelojams.org.br\/es\/wp-json\/wp\/v2\/posts"}],"about":[{"href":"https:\/\/grandelojams.org.br\/es\/wp-json\/wp\/v2\/types\/post"}],"author":[{"embeddable":true,"href":"https:\/\/grandelojams.org.br\/es\/wp-json\/wp\/v2\/users\/1"}],"replies":[{"embeddable":true,"href":"https:\/\/grandelojams.org.br\/es\/wp-json\/wp\/v2\/comments?post=3916"}],"version-history":[{"count":1,"href":"https:\/\/grandelojams.org.br\/es\/wp-json\/wp\/v2\/posts\/3916\/revisions"}],"predecessor-version":[{"id":9491,"href":"https:\/\/grandelojams.org.br\/es\/wp-json\/wp\/v2\/posts\/3916\/revisions\/9491"}],"wp:featuredmedia":[{"embeddable":true,"href":"https:\/\/grandelojams.org.br\/es\/wp-json\/wp\/v2\/media\/9472"}],"wp:attachment":[{"href":"https:\/\/grandelojams.org.br\/es\/wp-json\/wp\/v2\/media?parent=3916"}],"wp:term":[{"taxonomy":"category","embeddable":true,"href":"https:\/\/grandelojams.org.br\/es\/wp-json\/wp\/v2\/categories?post=3916"},{"taxonomy":"post_tag","embeddable":true,"href":"https:\/\/grandelojams.org.br\/es\/wp-json\/wp\/v2\/tags?post=3916"}],"curies":[{"name":"wp","href":"https:\/\/api.w.org\/{rel}","templated":true}]}}