{"id":3879,"date":"2023-06-21T11:11:09","date_gmt":"2023-06-21T14:11:09","guid":{"rendered":"https:\/\/grandelojams.org.br\/?p=3879"},"modified":"2025-06-20T16:31:32","modified_gmt":"2025-06-20T19:31:32","slug":"glems-prestigia-posse-do-eminente-grao-mestre-estadual-do-gob-em-ms","status":"publish","type":"post","link":"https:\/\/grandelojams.org.br\/es\/glems-prestigia-posse-do-eminente-grao-mestre-estadual-do-gob-em-ms\/","title":{"rendered":"GLEMS PRESTIGIA POSSE DO EMINENTE GR\u00c3O-MESTRE ESTADUAL DO GOB EM MS"},"content":{"rendered":"<p>O Seren\u00edssimo Gr\u00e3o-Mestre, Ir\u2234 Ademar de Souza Freitas, juntamente com comitiva formada pelo Gr\u00e3o-Mestre Adjunto, Ir\u2234 Heron dos Santos Filho, o Grande Secret\u00e1rio de Rela\u00e7\u00f5es Exteriores, Ir\u2234 Darcy da Costa Filho e o ex-Gr\u00e3o-Mestre Adjunto, Heron dos Santos estiveram representando a Grande Loja Ma\u00e7\u00f4nica do Estado de Mato Grosso do Sul, na posse do novo Eminente Gr\u00e3o-Mestre Estadual do GOB-MS, o Eminente Irm\u00e3o David da Silva Ribeiro e do Poderoso Gr\u00e3o-Mestre Estadual Adjunto, o Poderoso Irm\u00e3o Jos\u00e9 Luis dos Reis Chaves.<\/p>\n<p>Tamb\u00e9m estiveram na posse festiva as cunhadas Lourdinha, esposa do Gr\u00e3o-Mestre e Terezinha, esposa do Ir\u2234 Costinha, que aconteceu no espa\u00e7o de Eventos Buffet Ondara.<\/p>\n<p>O Eminente Irm\u00e3o David assume o cargo m\u00e1ximo do GOB, no Estado, no lugar do Gr\u00e3o-Mestre Honor\u00e1rio Estadual do GOB-MS, o Eminente Irm\u00e3o Celestino Laurindo Junior. A cerim\u00f4nia de posse, que aconteceu no Pal\u00e1cio Ma\u00e7\u00f4nico do GOB-MS, em Campo Grande, foi bastante concorrida. Cerca de 70 lojas ma\u00e7\u00f4nicas enviaram representantes totalizando mais de 700 irm\u00e3os.<\/p>\n<p>Al\u00e9m do Gr\u00e3o-Mestre da GLEMS e sua comitiva, a Sess\u00e3o Festiva foi abrilhantada com a presen\u00e7a do Poderoso Gr\u00e3o-Mestre, do Grande Oriente do Mato Grosso do Sul (GOMS), o Poderoso irm\u00e3o Bento Adriano Monteiro Duailibi, do Ex Gr\u00e3o-Mestre Adjunto da Gran Loja do Paraguay, o Respeitabil\u00edssimo irm\u00e3o Ronald Edmundo Gonzalez S\u00e1nchez, al\u00e9m do Deputado Estadual, o Ir\u2234 J\u00fanior Mochi e do Prefeito de Ponta Por\u00e3, Ir\u2234 Eduardo Campos.<\/p>\n\n","protected":false},"excerpt":{"rendered":"<p>O Seren\u00edssimo Gr\u00e3o-Mestre, Ir\u2234 Ademar de Souza Freitas, juntamente com comitiva formada pelo Gr\u00e3o-Mestre Adjunto, Ir\u2234 Heron dos Santos Filho, o Grande Secret\u00e1rio de Rela\u00e7\u00f5es Exteriores, Ir\u2234 Darcy da Costa Filho e o ex-Gr\u00e3o-Mestre Adjunto, Heron dos Santos estiveram representando a Grande Loja Ma\u00e7\u00f4nica do Estado de Mato Grosso do Sul, na posse do novo [&hellip;]<\/p>\n","protected":false},"author":1,"featured_media":9470,"comment_status":"open","ping_status":"open","sticky":false,"template":"","format":"standard","meta":{"footnotes":""},"categories":[55],"tags":[106,61,113,114,65,115],"class_list":["post-3879","post","type-post","status-publish","format-standard","has-post-thumbnail","hentry","category-palavra-do-s-g-m","tag-campo-grande","tag-glems","tag-gob-ms","tag-goms","tag-ms","tag-posse-grao-mestre-gob"],"yoast_head":"<!-- This site is optimized with the Yoast SEO plugin v26.3 - https:\/\/yoast.com\/wordpress\/plugins\/seo\/ -->\n<title>GLEMS PRESTIGIA POSSE DO EMINENTE GR\u00c3O-MESTRE ESTADUAL DO GOB EM MS - GLEMS<\/title>\n<meta name=\"robots\" content=\"index, follow, max-snippet:-1, max-image-preview:large, max-video-preview:-1\" \/>\n<link rel=\"canonical\" href=\"https:\/\/grandelojams.org.br\/es\/glems-prestigia-posse-do-eminente-grao-mestre-estadual-do-gob-em-ms\/\" \/>\n<meta property=\"og:locale\" content=\"pt_BR\" \/>\n<meta property=\"og:type\" content=\"article\" \/>\n<meta property=\"og:title\" content=\"GLEMS PRESTIGIA POSSE DO EMINENTE GR\u00c3O-MESTRE ESTADUAL DO GOB EM MS - GLEMS\" \/>\n<meta property=\"og:description\" content=\"O Seren\u00edssimo Gr\u00e3o-Mestre, Ir\u2234 Ademar de Souza Freitas, juntamente com comitiva formada pelo Gr\u00e3o-Mestre Adjunto, Ir\u2234 Heron dos Santos Filho, o Grande Secret\u00e1rio de Rela\u00e7\u00f5es Exteriores, Ir\u2234 Darcy da Costa Filho e o ex-Gr\u00e3o-Mestre Adjunto, Heron dos Santos estiveram representando a Grande Loja Ma\u00e7\u00f4nica do Estado de Mato Grosso do Sul, na posse do novo [&hellip;]\" \/>\n<meta property=\"og:url\" content=\"https:\/\/grandelojams.org.br\/es\/glems-prestigia-posse-do-eminente-grao-mestre-estadual-do-gob-em-ms\/\" \/>\n<meta property=\"og:site_name\" content=\"GLEMS\" \/>\n<meta property=\"article:published_time\" content=\"2023-06-21T14:11:09+00:00\" \/>\n<meta property=\"article:modified_time\" content=\"2025-06-20T19:31:32+00:00\" \/>\n<meta property=\"og:image\" content=\"https:\/\/grandelojams.org.br\/es\/wp-content\/uploads\/2023\/07\/Foto-detaque-3-1-672x372-1.jpeg\" \/>\n\t<meta property=\"og:image:width\" content=\"672\" \/>\n\t<meta property=\"og:image:height\" content=\"372\" \/>\n\t<meta property=\"og:image:type\" content=\"image\/jpeg\" \/>\n<meta name=\"author\" content=\"admin\" \/>\n<meta name=\"twitter:card\" content=\"summary_large_image\" \/>\n<meta name=\"twitter:label1\" content=\"Escrito por\" \/>\n\t<meta name=\"twitter:data1\" content=\"admin\" \/>\n\t<meta name=\"twitter:label2\" content=\"Est. tempo de leitura\" \/>\n\t<meta name=\"twitter:data2\" content=\"2 minutos\" \/>\n<script type=\"application\/ld+json\" class=\"yoast-schema-graph\">{\"@context\":\"https:\/\/schema.org\",\"@graph\":[{\"@type\":\"WebPage\",\"@id\":\"https:\/\/grandelojams.org.br\/es\/glems-prestigia-posse-do-eminente-grao-mestre-estadual-do-gob-em-ms\/\",\"url\":\"https:\/\/grandelojams.org.br\/es\/glems-prestigia-posse-do-eminente-grao-mestre-estadual-do-gob-em-ms\/\",\"name\":\"GLEMS PRESTIGIA POSSE DO EMINENTE GR\u00c3O-MESTRE ESTADUAL DO GOB EM MS - GLEMS\",\"isPartOf\":{\"@id\":\"https:\/\/grandelojams.org.br\/es\/#website\"},\"primaryImageOfPage\":{\"@id\":\"https:\/\/grandelojams.org.br\/es\/glems-prestigia-posse-do-eminente-grao-mestre-estadual-do-gob-em-ms\/#primaryimage\"},\"image\":{\"@id\":\"https:\/\/grandelojams.org.br\/es\/glems-prestigia-posse-do-eminente-grao-mestre-estadual-do-gob-em-ms\/#primaryimage\"},\"thumbnailUrl\":\"https:\/\/grandelojams.org.br\/es\/wp-content\/uploads\/2023\/07\/Foto-detaque-3-1-672x372-1.jpeg\",\"datePublished\":\"2023-06-21T14:11:09+00:00\",\"dateModified\":\"2025-06-20T19:31:32+00:00\",\"author\":{\"@id\":\"https:\/\/grandelojams.org.br\/es\/#\/schema\/person\/5da1c0de136fe7cc6dea7d22b535752b\"},\"breadcrumb\":{\"@id\":\"https:\/\/grandelojams.org.br\/es\/glems-prestigia-posse-do-eminente-grao-mestre-estadual-do-gob-em-ms\/#breadcrumb\"},\"inLanguage\":\"pt-BR\",\"potentialAction\":[{\"@type\":\"ReadAction\",\"target\":[\"https:\/\/grandelojams.org.br\/es\/glems-prestigia-posse-do-eminente-grao-mestre-estadual-do-gob-em-ms\/\"]}]},{\"@type\":\"ImageObject\",\"inLanguage\":\"pt-BR\",\"@id\":\"https:\/\/grandelojams.org.br\/es\/glems-prestigia-posse-do-eminente-grao-mestre-estadual-do-gob-em-ms\/#primaryimage\",\"url\":\"https:\/\/grandelojams.org.br\/es\/wp-content\/uploads\/2023\/07\/Foto-detaque-3-1-672x372-1.jpeg\",\"contentUrl\":\"https:\/\/grandelojams.org.br\/es\/wp-content\/uploads\/2023\/07\/Foto-detaque-3-1-672x372-1.jpeg\",\"width\":672,\"height\":372},{\"@type\":\"BreadcrumbList\",\"@id\":\"https:\/\/grandelojams.org.br\/es\/glems-prestigia-posse-do-eminente-grao-mestre-estadual-do-gob-em-ms\/#breadcrumb\",\"itemListElement\":[{\"@type\":\"ListItem\",\"position\":1,\"name\":\"In\u00edcio\",\"item\":\"https:\/\/grandelojams.org.br\/es\/\"},{\"@type\":\"ListItem\",\"position\":2,\"name\":\"GLEMS PRESTIGIA POSSE DO EMINENTE GR\u00c3O-MESTRE ESTADUAL DO GOB EM MS\"}]},{\"@type\":\"WebSite\",\"@id\":\"https:\/\/grandelojams.org.br\/es\/#website\",\"url\":\"https:\/\/grandelojams.org.br\/es\/\",\"name\":\"GLEMS\",\"description\":\"Grande Loja Ma\u00e7\u00f4nica do Mato Grosso do Sul\",\"potentialAction\":[{\"@type\":\"SearchAction\",\"target\":{\"@type\":\"EntryPoint\",\"urlTemplate\":\"https:\/\/grandelojams.org.br\/es\/?s={search_term_string}\"},\"query-input\":{\"@type\":\"PropertyValueSpecification\",\"valueRequired\":true,\"valueName\":\"search_term_string\"}}],\"inLanguage\":\"pt-BR\"},{\"@type\":\"Person\",\"@id\":\"https:\/\/grandelojams.org.br\/es\/#\/schema\/person\/5da1c0de136fe7cc6dea7d22b535752b\",\"name\":\"admin\",\"image\":{\"@type\":\"ImageObject\",\"inLanguage\":\"pt-BR\",\"@id\":\"https:\/\/grandelojams.org.br\/es\/#\/schema\/person\/image\/\",\"url\":\"https:\/\/secure.gravatar.com\/avatar\/786137a0e890f9b53660f24bf8ec01ff8c644974de881f5aedc68bd0708ea113?s=96&d=mm&r=g\",\"contentUrl\":\"https:\/\/secure.gravatar.com\/avatar\/786137a0e890f9b53660f24bf8ec01ff8c644974de881f5aedc68bd0708ea113?s=96&d=mm&r=g\",\"caption\":\"admin\"},\"sameAs\":[\"https:\/\/mondayde.com.br\/clientes\/template1\"],\"url\":\"https:\/\/grandelojams.org.br\/es\/author\/admin\/\"}]}<\/script>\n<!-- \/ Yoast SEO plugin. -->","yoast_head_json":{"title":"GLEMS PRESTIGIA POSSE DO EMINENTE GR\u00c3O-MESTRE ESTADUAL DO GOB EM MS - GLEMS","robots":{"index":"index","follow":"follow","max-snippet":"max-snippet:-1","max-image-preview":"max-image-preview:large","max-video-preview":"max-video-preview:-1"},"canonical":"https:\/\/grandelojams.org.br\/es\/glems-prestigia-posse-do-eminente-grao-mestre-estadual-do-gob-em-ms\/","og_locale":"pt_BR","og_type":"article","og_title":"GLEMS PRESTIGIA POSSE DO EMINENTE GR\u00c3O-MESTRE ESTADUAL DO GOB EM MS - GLEMS","og_description":"O Seren\u00edssimo Gr\u00e3o-Mestre, Ir\u2234 Ademar de Souza Freitas, juntamente com comitiva formada pelo Gr\u00e3o-Mestre Adjunto, Ir\u2234 Heron dos Santos Filho, o Grande Secret\u00e1rio de Rela\u00e7\u00f5es Exteriores, Ir\u2234 Darcy da Costa Filho e o ex-Gr\u00e3o-Mestre Adjunto, Heron dos Santos estiveram representando a Grande Loja Ma\u00e7\u00f4nica do Estado de Mato Grosso do Sul, na posse do novo [&hellip;]","og_url":"https:\/\/grandelojams.org.br\/es\/glems-prestigia-posse-do-eminente-grao-mestre-estadual-do-gob-em-ms\/","og_site_name":"GLEMS","article_published_time":"2023-06-21T14:11:09+00:00","article_modified_time":"2025-06-20T19:31:32+00:00","og_image":[{"width":672,"height":372,"url":"https:\/\/grandelojams.org.br\/es\/wp-content\/uploads\/2023\/07\/Foto-detaque-3-1-672x372-1.jpeg","type":"image\/jpeg"}],"author":"admin","twitter_card":"summary_large_image","twitter_misc":{"Escrito por":"admin","Est. tempo de leitura":"2 minutos"},"schema":{"@context":"https:\/\/schema.org","@graph":[{"@type":"WebPage","@id":"https:\/\/grandelojams.org.br\/es\/glems-prestigia-posse-do-eminente-grao-mestre-estadual-do-gob-em-ms\/","url":"https:\/\/grandelojams.org.br\/es\/glems-prestigia-posse-do-eminente-grao-mestre-estadual-do-gob-em-ms\/","name":"GLEMS PRESTIGIA POSSE DO EMINENTE GR\u00c3O-MESTRE ESTADUAL DO GOB EM MS - GLEMS","isPartOf":{"@id":"https:\/\/grandelojams.org.br\/es\/#website"},"primaryImageOfPage":{"@id":"https:\/\/grandelojams.org.br\/es\/glems-prestigia-posse-do-eminente-grao-mestre-estadual-do-gob-em-ms\/#primaryimage"},"image":{"@id":"https:\/\/grandelojams.org.br\/es\/glems-prestigia-posse-do-eminente-grao-mestre-estadual-do-gob-em-ms\/#primaryimage"},"thumbnailUrl":"https:\/\/grandelojams.org.br\/es\/wp-content\/uploads\/2023\/07\/Foto-detaque-3-1-672x372-1.jpeg","datePublished":"2023-06-21T14:11:09+00:00","dateModified":"2025-06-20T19:31:32+00:00","author":{"@id":"https:\/\/grandelojams.org.br\/es\/#\/schema\/person\/5da1c0de136fe7cc6dea7d22b535752b"},"breadcrumb":{"@id":"https:\/\/grandelojams.org.br\/es\/glems-prestigia-posse-do-eminente-grao-mestre-estadual-do-gob-em-ms\/#breadcrumb"},"inLanguage":"pt-BR","potentialAction":[{"@type":"ReadAction","target":["https:\/\/grandelojams.org.br\/es\/glems-prestigia-posse-do-eminente-grao-mestre-estadual-do-gob-em-ms\/"]}]},{"@type":"ImageObject","inLanguage":"pt-BR","@id":"https:\/\/grandelojams.org.br\/es\/glems-prestigia-posse-do-eminente-grao-mestre-estadual-do-gob-em-ms\/#primaryimage","url":"https:\/\/grandelojams.org.br\/es\/wp-content\/uploads\/2023\/07\/Foto-detaque-3-1-672x372-1.jpeg","contentUrl":"https:\/\/grandelojams.org.br\/es\/wp-content\/uploads\/2023\/07\/Foto-detaque-3-1-672x372-1.jpeg","width":672,"height":372},{"@type":"BreadcrumbList","@id":"https:\/\/grandelojams.org.br\/es\/glems-prestigia-posse-do-eminente-grao-mestre-estadual-do-gob-em-ms\/#breadcrumb","itemListElement":[{"@type":"ListItem","position":1,"name":"In\u00edcio","item":"https:\/\/grandelojams.org.br\/es\/"},{"@type":"ListItem","position":2,"name":"GLEMS PRESTIGIA POSSE DO EMINENTE GR\u00c3O-MESTRE ESTADUAL DO GOB EM MS"}]},{"@type":"WebSite","@id":"https:\/\/grandelojams.org.br\/es\/#website","url":"https:\/\/grandelojams.org.br\/es\/","name":"GLEMS","description":"Grande Loja Ma\u00e7\u00f4nica do Mato Grosso do Sul","potentialAction":[{"@type":"SearchAction","target":{"@type":"EntryPoint","urlTemplate":"https:\/\/grandelojams.org.br\/es\/?s={search_term_string}"},"query-input":{"@type":"PropertyValueSpecification","valueRequired":true,"valueName":"search_term_string"}}],"inLanguage":"pt-BR"},{"@type":"Person","@id":"https:\/\/grandelojams.org.br\/es\/#\/schema\/person\/5da1c0de136fe7cc6dea7d22b535752b","name":"admin","image":{"@type":"ImageObject","inLanguage":"pt-BR","@id":"https:\/\/grandelojams.org.br\/es\/#\/schema\/person\/image\/","url":"https:\/\/secure.gravatar.com\/avatar\/786137a0e890f9b53660f24bf8ec01ff8c644974de881f5aedc68bd0708ea113?s=96&d=mm&r=g","contentUrl":"https:\/\/secure.gravatar.com\/avatar\/786137a0e890f9b53660f24bf8ec01ff8c644974de881f5aedc68bd0708ea113?s=96&d=mm&r=g","caption":"admin"},"sameAs":["https:\/\/mondayde.com.br\/clientes\/template1"],"url":"https:\/\/grandelojams.org.br\/es\/author\/admin\/"}]}},"_links":{"self":[{"href":"https:\/\/grandelojams.org.br\/es\/wp-json\/wp\/v2\/posts\/3879","targetHints":{"allow":["GET"]}}],"collection":[{"href":"https:\/\/grandelojams.org.br\/es\/wp-json\/wp\/v2\/posts"}],"about":[{"href":"https:\/\/grandelojams.org.br\/es\/wp-json\/wp\/v2\/types\/post"}],"author":[{"embeddable":true,"href":"https:\/\/grandelojams.org.br\/es\/wp-json\/wp\/v2\/users\/1"}],"replies":[{"embeddable":true,"href":"https:\/\/grandelojams.org.br\/es\/wp-json\/wp\/v2\/comments?post=3879"}],"version-history":[{"count":1,"href":"https:\/\/grandelojams.org.br\/es\/wp-json\/wp\/v2\/posts\/3879\/revisions"}],"predecessor-version":[{"id":9493,"href":"https:\/\/grandelojams.org.br\/es\/wp-json\/wp\/v2\/posts\/3879\/revisions\/9493"}],"wp:featuredmedia":[{"embeddable":true,"href":"https:\/\/grandelojams.org.br\/es\/wp-json\/wp\/v2\/media\/9470"}],"wp:attachment":[{"href":"https:\/\/grandelojams.org.br\/es\/wp-json\/wp\/v2\/media?parent=3879"}],"wp:term":[{"taxonomy":"category","embeddable":true,"href":"https:\/\/grandelojams.org.br\/es\/wp-json\/wp\/v2\/categories?post=3879"},{"taxonomy":"post_tag","embeddable":true,"href":"https:\/\/grandelojams.org.br\/es\/wp-json\/wp\/v2\/tags?post=3879"}],"curies":[{"name":"wp","href":"https:\/\/api.w.org\/{rel}","templated":true}]}}