{"id":3860,"date":"2023-06-19T11:05:32","date_gmt":"2023-06-19T14:05:32","guid":{"rendered":"https:\/\/grandelojams.org.br\/?p=3860"},"modified":"2025-06-20T16:34:45","modified_gmt":"2025-06-20T19:34:45","slug":"loja-obreiros-de-rio-brilhante-realiza-sessao-magna-de-iniciacao-de-quatro-novos-irmaos","status":"publish","type":"post","link":"https:\/\/grandelojams.org.br\/es\/loja-obreiros-de-rio-brilhante-realiza-sessao-magna-de-iniciacao-de-quatro-novos-irmaos\/","title":{"rendered":"LOJA OBREIROS DE RIO BRILHANTE REALIZA SESS\u00c3O MAGNA DE INICIA\u00c7\u00c3O"},"content":{"rendered":"<p>Aconteceu neste s\u00e1bado, dia 17 de junho, na Benem\u00e9rita ARLS Obreiros de Rio Brilhante, N\u00ba 18,\u00a0 a Sess\u00e3o Magna de Inicia\u00e7\u00e3o de quatro novos irm\u00e3os. A reuni\u00e3o foi presidida e conduzida pelo Ven\u2234 M\u2234 da Loja, Ir\u2234 Edneu Davi Foroni, onde foram iniciados os irm\u00e3os Gabriel Moraes Shimit, Jo\u00e3o Paulo Bortolotto, Paulo Augusto Kuff e Luiz Fernando do Prado Oliveira.<\/p>\n<p>A sess\u00e3o foi abrilhantada pela presen\u00e7a do Delegado Regional, Ir\u2234 Washington Borges Costa, da 9\u00aa Delegacia Regional da GLEMS, do Grande Mestre De Cerim\u00f4nias, Ir\u2234 Edilmar Manfredini e por quatro Vener\u00e1veis-Mestres: da ARLS Justi\u00e7a Liberdade e Disciplina, N\u00ba 23, do Oriente de Dourados, Ir\u2234 Edmilson Alves de Souza, da ARLS Cinquenten\u00e1rio de Dourados, N\u00ba 46, Jonis Alves Demamann, da ARLS Jo\u00e3o Pedro Fernandes, N\u00ba 22, do Oriente de Maracaju, Ir\u2234 Renato Pedroso e da Loja Osvaldo Rodrigues Sim\u00f5es, N\u00ba 2.044, do GOB de Rio brilhante, Ir. Jos\u00e9 Luiz Disperati Oliveira, al\u00e9m de irm\u00e3os visitantes de seis lojas da regi\u00e3o.<\/p>\n","protected":false},"excerpt":{"rendered":"<p>Aconteceu neste s\u00e1bado, dia 17 de junho, na Benem\u00e9rita ARLS Obreiros de Rio Brilhante, N\u00ba 18,\u00a0 a Sess\u00e3o Magna de Inicia\u00e7\u00e3o de quatro novos irm\u00e3os. A reuni\u00e3o foi presidida e conduzida pelo Ven\u2234 M\u2234 da Loja, Ir\u2234 Edneu Davi Foroni, onde foram iniciados os irm\u00e3os Gabriel Moraes Shimit, Jo\u00e3o Paulo Bortolotto, Paulo Augusto Kuff e [&hellip;]<\/p>\n","protected":false},"author":1,"featured_media":9467,"comment_status":"open","ping_status":"open","sticky":false,"template":"","format":"standard","meta":{"footnotes":""},"categories":[56],"tags":[],"class_list":["post-3860","post","type-post","status-publish","format-standard","has-post-thumbnail","hentry","category-noticias"],"yoast_head":"<!-- This site is optimized with the Yoast SEO plugin v26.3 - https:\/\/yoast.com\/wordpress\/plugins\/seo\/ -->\n<title>LOJA OBREIROS DE RIO BRILHANTE REALIZA SESS\u00c3O MAGNA DE INICIA\u00c7\u00c3O - GLEMS<\/title>\n<meta name=\"robots\" content=\"index, follow, max-snippet:-1, max-image-preview:large, max-video-preview:-1\" \/>\n<link rel=\"canonical\" href=\"https:\/\/grandelojams.org.br\/es\/loja-obreiros-de-rio-brilhante-realiza-sessao-magna-de-iniciacao-de-quatro-novos-irmaos\/\" \/>\n<meta property=\"og:locale\" content=\"pt_BR\" \/>\n<meta property=\"og:type\" content=\"article\" \/>\n<meta property=\"og:title\" content=\"LOJA OBREIROS DE RIO BRILHANTE REALIZA SESS\u00c3O MAGNA DE INICIA\u00c7\u00c3O - GLEMS\" \/>\n<meta property=\"og:description\" content=\"Aconteceu neste s\u00e1bado, dia 17 de junho, na Benem\u00e9rita ARLS Obreiros de Rio Brilhante, N\u00ba 18,\u00a0 a Sess\u00e3o Magna de Inicia\u00e7\u00e3o de quatro novos irm\u00e3os. A reuni\u00e3o foi presidida e conduzida pelo Ven\u2234 M\u2234 da Loja, Ir\u2234 Edneu Davi Foroni, onde foram iniciados os irm\u00e3os Gabriel Moraes Shimit, Jo\u00e3o Paulo Bortolotto, Paulo Augusto Kuff e [&hellip;]\" \/>\n<meta property=\"og:url\" content=\"https:\/\/grandelojams.org.br\/es\/loja-obreiros-de-rio-brilhante-realiza-sessao-magna-de-iniciacao-de-quatro-novos-irmaos\/\" \/>\n<meta property=\"og:site_name\" content=\"GLEMS\" \/>\n<meta property=\"article:published_time\" content=\"2023-06-19T14:05:32+00:00\" \/>\n<meta property=\"article:modified_time\" content=\"2025-06-20T19:34:45+00:00\" \/>\n<meta property=\"og:image\" content=\"https:\/\/grandelojams.org.br\/es\/wp-content\/uploads\/2023\/07\/Iniciacao-Obreiros-de-RB-2-672x372-1.jpeg\" \/>\n\t<meta property=\"og:image:width\" content=\"672\" \/>\n\t<meta property=\"og:image:height\" content=\"372\" \/>\n\t<meta property=\"og:image:type\" content=\"image\/jpeg\" \/>\n<meta name=\"author\" content=\"admin\" \/>\n<meta name=\"twitter:card\" content=\"summary_large_image\" \/>\n<meta name=\"twitter:label1\" content=\"Escrito por\" \/>\n\t<meta name=\"twitter:data1\" content=\"admin\" \/>\n\t<meta name=\"twitter:label2\" content=\"Est. tempo de leitura\" \/>\n\t<meta name=\"twitter:data2\" content=\"2 minutos\" \/>\n<script type=\"application\/ld+json\" class=\"yoast-schema-graph\">{\"@context\":\"https:\/\/schema.org\",\"@graph\":[{\"@type\":\"WebPage\",\"@id\":\"https:\/\/grandelojams.org.br\/es\/loja-obreiros-de-rio-brilhante-realiza-sessao-magna-de-iniciacao-de-quatro-novos-irmaos\/\",\"url\":\"https:\/\/grandelojams.org.br\/es\/loja-obreiros-de-rio-brilhante-realiza-sessao-magna-de-iniciacao-de-quatro-novos-irmaos\/\",\"name\":\"LOJA OBREIROS DE RIO BRILHANTE REALIZA SESS\u00c3O MAGNA DE INICIA\u00c7\u00c3O - GLEMS\",\"isPartOf\":{\"@id\":\"https:\/\/grandelojams.org.br\/es\/#website\"},\"primaryImageOfPage\":{\"@id\":\"https:\/\/grandelojams.org.br\/es\/loja-obreiros-de-rio-brilhante-realiza-sessao-magna-de-iniciacao-de-quatro-novos-irmaos\/#primaryimage\"},\"image\":{\"@id\":\"https:\/\/grandelojams.org.br\/es\/loja-obreiros-de-rio-brilhante-realiza-sessao-magna-de-iniciacao-de-quatro-novos-irmaos\/#primaryimage\"},\"thumbnailUrl\":\"https:\/\/grandelojams.org.br\/es\/wp-content\/uploads\/2023\/07\/Iniciacao-Obreiros-de-RB-2-672x372-1.jpeg\",\"datePublished\":\"2023-06-19T14:05:32+00:00\",\"dateModified\":\"2025-06-20T19:34:45+00:00\",\"author\":{\"@id\":\"https:\/\/grandelojams.org.br\/es\/#\/schema\/person\/5da1c0de136fe7cc6dea7d22b535752b\"},\"breadcrumb\":{\"@id\":\"https:\/\/grandelojams.org.br\/es\/loja-obreiros-de-rio-brilhante-realiza-sessao-magna-de-iniciacao-de-quatro-novos-irmaos\/#breadcrumb\"},\"inLanguage\":\"pt-BR\",\"potentialAction\":[{\"@type\":\"ReadAction\",\"target\":[\"https:\/\/grandelojams.org.br\/es\/loja-obreiros-de-rio-brilhante-realiza-sessao-magna-de-iniciacao-de-quatro-novos-irmaos\/\"]}]},{\"@type\":\"ImageObject\",\"inLanguage\":\"pt-BR\",\"@id\":\"https:\/\/grandelojams.org.br\/es\/loja-obreiros-de-rio-brilhante-realiza-sessao-magna-de-iniciacao-de-quatro-novos-irmaos\/#primaryimage\",\"url\":\"https:\/\/grandelojams.org.br\/es\/wp-content\/uploads\/2023\/07\/Iniciacao-Obreiros-de-RB-2-672x372-1.jpeg\",\"contentUrl\":\"https:\/\/grandelojams.org.br\/es\/wp-content\/uploads\/2023\/07\/Iniciacao-Obreiros-de-RB-2-672x372-1.jpeg\",\"width\":672,\"height\":372},{\"@type\":\"BreadcrumbList\",\"@id\":\"https:\/\/grandelojams.org.br\/es\/loja-obreiros-de-rio-brilhante-realiza-sessao-magna-de-iniciacao-de-quatro-novos-irmaos\/#breadcrumb\",\"itemListElement\":[{\"@type\":\"ListItem\",\"position\":1,\"name\":\"In\u00edcio\",\"item\":\"https:\/\/grandelojams.org.br\/es\/\"},{\"@type\":\"ListItem\",\"position\":2,\"name\":\"LOJA OBREIROS DE RIO BRILHANTE REALIZA SESS\u00c3O MAGNA DE INICIA\u00c7\u00c3O\"}]},{\"@type\":\"WebSite\",\"@id\":\"https:\/\/grandelojams.org.br\/es\/#website\",\"url\":\"https:\/\/grandelojams.org.br\/es\/\",\"name\":\"GLEMS\",\"description\":\"Grande Loja Ma\u00e7\u00f4nica do Mato Grosso do Sul\",\"potentialAction\":[{\"@type\":\"SearchAction\",\"target\":{\"@type\":\"EntryPoint\",\"urlTemplate\":\"https:\/\/grandelojams.org.br\/es\/?s={search_term_string}\"},\"query-input\":{\"@type\":\"PropertyValueSpecification\",\"valueRequired\":true,\"valueName\":\"search_term_string\"}}],\"inLanguage\":\"pt-BR\"},{\"@type\":\"Person\",\"@id\":\"https:\/\/grandelojams.org.br\/es\/#\/schema\/person\/5da1c0de136fe7cc6dea7d22b535752b\",\"name\":\"admin\",\"image\":{\"@type\":\"ImageObject\",\"inLanguage\":\"pt-BR\",\"@id\":\"https:\/\/grandelojams.org.br\/es\/#\/schema\/person\/image\/\",\"url\":\"https:\/\/secure.gravatar.com\/avatar\/786137a0e890f9b53660f24bf8ec01ff8c644974de881f5aedc68bd0708ea113?s=96&d=mm&r=g\",\"contentUrl\":\"https:\/\/secure.gravatar.com\/avatar\/786137a0e890f9b53660f24bf8ec01ff8c644974de881f5aedc68bd0708ea113?s=96&d=mm&r=g\",\"caption\":\"admin\"},\"sameAs\":[\"https:\/\/mondayde.com.br\/clientes\/template1\"],\"url\":\"https:\/\/grandelojams.org.br\/es\/author\/admin\/\"}]}<\/script>\n<!-- \/ Yoast SEO plugin. -->","yoast_head_json":{"title":"LOJA OBREIROS DE RIO BRILHANTE REALIZA SESS\u00c3O MAGNA DE INICIA\u00c7\u00c3O - GLEMS","robots":{"index":"index","follow":"follow","max-snippet":"max-snippet:-1","max-image-preview":"max-image-preview:large","max-video-preview":"max-video-preview:-1"},"canonical":"https:\/\/grandelojams.org.br\/es\/loja-obreiros-de-rio-brilhante-realiza-sessao-magna-de-iniciacao-de-quatro-novos-irmaos\/","og_locale":"pt_BR","og_type":"article","og_title":"LOJA OBREIROS DE RIO BRILHANTE REALIZA SESS\u00c3O MAGNA DE INICIA\u00c7\u00c3O - GLEMS","og_description":"Aconteceu neste s\u00e1bado, dia 17 de junho, na Benem\u00e9rita ARLS Obreiros de Rio Brilhante, N\u00ba 18,\u00a0 a Sess\u00e3o Magna de Inicia\u00e7\u00e3o de quatro novos irm\u00e3os. A reuni\u00e3o foi presidida e conduzida pelo Ven\u2234 M\u2234 da Loja, Ir\u2234 Edneu Davi Foroni, onde foram iniciados os irm\u00e3os Gabriel Moraes Shimit, Jo\u00e3o Paulo Bortolotto, Paulo Augusto Kuff e [&hellip;]","og_url":"https:\/\/grandelojams.org.br\/es\/loja-obreiros-de-rio-brilhante-realiza-sessao-magna-de-iniciacao-de-quatro-novos-irmaos\/","og_site_name":"GLEMS","article_published_time":"2023-06-19T14:05:32+00:00","article_modified_time":"2025-06-20T19:34:45+00:00","og_image":[{"width":672,"height":372,"url":"https:\/\/grandelojams.org.br\/es\/wp-content\/uploads\/2023\/07\/Iniciacao-Obreiros-de-RB-2-672x372-1.jpeg","type":"image\/jpeg"}],"author":"admin","twitter_card":"summary_large_image","twitter_misc":{"Escrito por":"admin","Est. tempo de leitura":"2 minutos"},"schema":{"@context":"https:\/\/schema.org","@graph":[{"@type":"WebPage","@id":"https:\/\/grandelojams.org.br\/es\/loja-obreiros-de-rio-brilhante-realiza-sessao-magna-de-iniciacao-de-quatro-novos-irmaos\/","url":"https:\/\/grandelojams.org.br\/es\/loja-obreiros-de-rio-brilhante-realiza-sessao-magna-de-iniciacao-de-quatro-novos-irmaos\/","name":"LOJA OBREIROS DE RIO BRILHANTE REALIZA SESS\u00c3O MAGNA DE INICIA\u00c7\u00c3O - GLEMS","isPartOf":{"@id":"https:\/\/grandelojams.org.br\/es\/#website"},"primaryImageOfPage":{"@id":"https:\/\/grandelojams.org.br\/es\/loja-obreiros-de-rio-brilhante-realiza-sessao-magna-de-iniciacao-de-quatro-novos-irmaos\/#primaryimage"},"image":{"@id":"https:\/\/grandelojams.org.br\/es\/loja-obreiros-de-rio-brilhante-realiza-sessao-magna-de-iniciacao-de-quatro-novos-irmaos\/#primaryimage"},"thumbnailUrl":"https:\/\/grandelojams.org.br\/es\/wp-content\/uploads\/2023\/07\/Iniciacao-Obreiros-de-RB-2-672x372-1.jpeg","datePublished":"2023-06-19T14:05:32+00:00","dateModified":"2025-06-20T19:34:45+00:00","author":{"@id":"https:\/\/grandelojams.org.br\/es\/#\/schema\/person\/5da1c0de136fe7cc6dea7d22b535752b"},"breadcrumb":{"@id":"https:\/\/grandelojams.org.br\/es\/loja-obreiros-de-rio-brilhante-realiza-sessao-magna-de-iniciacao-de-quatro-novos-irmaos\/#breadcrumb"},"inLanguage":"pt-BR","potentialAction":[{"@type":"ReadAction","target":["https:\/\/grandelojams.org.br\/es\/loja-obreiros-de-rio-brilhante-realiza-sessao-magna-de-iniciacao-de-quatro-novos-irmaos\/"]}]},{"@type":"ImageObject","inLanguage":"pt-BR","@id":"https:\/\/grandelojams.org.br\/es\/loja-obreiros-de-rio-brilhante-realiza-sessao-magna-de-iniciacao-de-quatro-novos-irmaos\/#primaryimage","url":"https:\/\/grandelojams.org.br\/es\/wp-content\/uploads\/2023\/07\/Iniciacao-Obreiros-de-RB-2-672x372-1.jpeg","contentUrl":"https:\/\/grandelojams.org.br\/es\/wp-content\/uploads\/2023\/07\/Iniciacao-Obreiros-de-RB-2-672x372-1.jpeg","width":672,"height":372},{"@type":"BreadcrumbList","@id":"https:\/\/grandelojams.org.br\/es\/loja-obreiros-de-rio-brilhante-realiza-sessao-magna-de-iniciacao-de-quatro-novos-irmaos\/#breadcrumb","itemListElement":[{"@type":"ListItem","position":1,"name":"In\u00edcio","item":"https:\/\/grandelojams.org.br\/es\/"},{"@type":"ListItem","position":2,"name":"LOJA OBREIROS DE RIO BRILHANTE REALIZA SESS\u00c3O MAGNA DE INICIA\u00c7\u00c3O"}]},{"@type":"WebSite","@id":"https:\/\/grandelojams.org.br\/es\/#website","url":"https:\/\/grandelojams.org.br\/es\/","name":"GLEMS","description":"Grande Loja Ma\u00e7\u00f4nica do Mato Grosso do Sul","potentialAction":[{"@type":"SearchAction","target":{"@type":"EntryPoint","urlTemplate":"https:\/\/grandelojams.org.br\/es\/?s={search_term_string}"},"query-input":{"@type":"PropertyValueSpecification","valueRequired":true,"valueName":"search_term_string"}}],"inLanguage":"pt-BR"},{"@type":"Person","@id":"https:\/\/grandelojams.org.br\/es\/#\/schema\/person\/5da1c0de136fe7cc6dea7d22b535752b","name":"admin","image":{"@type":"ImageObject","inLanguage":"pt-BR","@id":"https:\/\/grandelojams.org.br\/es\/#\/schema\/person\/image\/","url":"https:\/\/secure.gravatar.com\/avatar\/786137a0e890f9b53660f24bf8ec01ff8c644974de881f5aedc68bd0708ea113?s=96&d=mm&r=g","contentUrl":"https:\/\/secure.gravatar.com\/avatar\/786137a0e890f9b53660f24bf8ec01ff8c644974de881f5aedc68bd0708ea113?s=96&d=mm&r=g","caption":"admin"},"sameAs":["https:\/\/mondayde.com.br\/clientes\/template1"],"url":"https:\/\/grandelojams.org.br\/es\/author\/admin\/"}]}},"_links":{"self":[{"href":"https:\/\/grandelojams.org.br\/es\/wp-json\/wp\/v2\/posts\/3860","targetHints":{"allow":["GET"]}}],"collection":[{"href":"https:\/\/grandelojams.org.br\/es\/wp-json\/wp\/v2\/posts"}],"about":[{"href":"https:\/\/grandelojams.org.br\/es\/wp-json\/wp\/v2\/types\/post"}],"author":[{"embeddable":true,"href":"https:\/\/grandelojams.org.br\/es\/wp-json\/wp\/v2\/users\/1"}],"replies":[{"embeddable":true,"href":"https:\/\/grandelojams.org.br\/es\/wp-json\/wp\/v2\/comments?post=3860"}],"version-history":[{"count":1,"href":"https:\/\/grandelojams.org.br\/es\/wp-json\/wp\/v2\/posts\/3860\/revisions"}],"predecessor-version":[{"id":9496,"href":"https:\/\/grandelojams.org.br\/es\/wp-json\/wp\/v2\/posts\/3860\/revisions\/9496"}],"wp:featuredmedia":[{"embeddable":true,"href":"https:\/\/grandelojams.org.br\/es\/wp-json\/wp\/v2\/media\/9467"}],"wp:attachment":[{"href":"https:\/\/grandelojams.org.br\/es\/wp-json\/wp\/v2\/media?parent=3860"}],"wp:term":[{"taxonomy":"category","embeddable":true,"href":"https:\/\/grandelojams.org.br\/es\/wp-json\/wp\/v2\/categories?post=3860"},{"taxonomy":"post_tag","embeddable":true,"href":"https:\/\/grandelojams.org.br\/es\/wp-json\/wp\/v2\/tags?post=3860"}],"curies":[{"name":"wp","href":"https:\/\/api.w.org\/{rel}","templated":true}]}}