{"id":3844,"date":"2023-06-15T10:21:16","date_gmt":"2023-06-15T13:21:16","guid":{"rendered":"https:\/\/grandelojams.org.br\/?p=3844"},"modified":"2025-06-20T16:34:51","modified_gmt":"2025-06-20T19:34:51","slug":"grao-mestre-prestigia-festa-de-aniversario-de-72-anos-da-grande-loja-do-estado-de-goias","status":"publish","type":"post","link":"https:\/\/grandelojams.org.br\/es\/grao-mestre-prestigia-festa-de-aniversario-de-72-anos-da-grande-loja-do-estado-de-goias\/","title":{"rendered":"GR\u00c3O-MESTRE PRESTIGIA FESTA DE ANIVERS\u00c1RIO de 72 ANOS DA GRANDE LOJA DO ESTADO DE GOI\u00c1S"},"content":{"rendered":"<p>No \u00faltimo s\u00e1bado, dia 10 de junho, o Seren\u00edssimo Gr\u00e3o-Mestre, ir\u2234 Ademar de Souza Freitas esteve no Oriente de Goi\u00e2nia\/GO, acompanhado da cunhada Lourdinha, para participar da festa de anivers\u00e1rio de 72 anos da Grande Loja do Estado de Goi\u00e1s. Ele tamb\u00e9m participou da posse dos novos dirigentes da GLEG, irm\u00e3o M\u00e1rio Martins, Gr\u00e3o-Mestre e o irm\u00e3o Marco Ant\u00f4nio, Gr\u00e3o-Mestre Adjunto.<\/p>\n<p>Durante a comemora\u00e7\u00e3o, ir\u2234 Ademar foi agraciado com o Diploma de Gr\u00e3o-Mestre Honor\u00e1rio da Grande Loja Ma\u00e7\u00f4nica do Estado de Goi\u00e1s. \u201cFiquei lisonjeado com o recebimento desse t\u00edtulo que \u00e9 fruto da parceria entre nossas Grandes Lojas e do trabalho que estamos desenvolvendo, desde a nossa posse, na GLEMS. Para mim foi uma grande satisfa\u00e7\u00e3o participar dessa festa, rever v\u00e1rios irm\u00e3os Gr\u00e3o-Mestres de outras Pot\u00eancias e trocar ideias\u00a0 sobre a ma\u00e7onaria brasileira e internacional\u201d, agradeceu.<\/p>\n<p>V\u00e1rios Gr\u00e3o-Mestres de Grande Lojas e Grandes Oriente, de outros estados brasileiros estiveram presentes nas atividades alusivas aos 72 anos da GLEG. A festa terminou com um magn\u00edfico jantar dan\u00e7ante, no Pal\u00e1cio Monte L\u00edbano, na cidade de Goi\u00e2nia.<\/p>\n<p>&nbsp;<\/p>\n\n","protected":false},"excerpt":{"rendered":"<p>No \u00faltimo s\u00e1bado, dia 10 de junho, o Seren\u00edssimo Gr\u00e3o-Mestre, ir\u2234 Ademar de Souza Freitas esteve no Oriente de Goi\u00e2nia\/GO, acompanhado da cunhada Lourdinha, para participar da festa de anivers\u00e1rio de 72 anos da Grande Loja do Estado de Goi\u00e1s. Ele tamb\u00e9m participou da posse dos novos dirigentes da GLEG, irm\u00e3o M\u00e1rio Martins, Gr\u00e3o-Mestre e [&hellip;]<\/p>\n","protected":false},"author":1,"featured_media":9465,"comment_status":"open","ping_status":"open","sticky":false,"template":"","format":"standard","meta":{"footnotes":""},"categories":[55],"tags":[103,104,61,64,105,65],"class_list":["post-3844","post","type-post","status-publish","format-standard","has-post-thumbnail","hentry","category-palavra-do-s-g-m","tag-72-anos-da-gleg","tag-gleg","tag-glems","tag-grande-loja-ms","tag-grao-mestre","tag-ms"],"yoast_head":"<!-- This site is optimized with the Yoast SEO plugin v26.3 - https:\/\/yoast.com\/wordpress\/plugins\/seo\/ -->\n<title>GR\u00c3O-MESTRE PRESTIGIA FESTA DE ANIVERS\u00c1RIO de 72 ANOS DA GRANDE LOJA DO ESTADO DE GOI\u00c1S - GLEMS<\/title>\n<meta name=\"robots\" content=\"index, follow, max-snippet:-1, max-image-preview:large, max-video-preview:-1\" \/>\n<link rel=\"canonical\" href=\"https:\/\/grandelojams.org.br\/es\/grao-mestre-prestigia-festa-de-aniversario-de-72-anos-da-grande-loja-do-estado-de-goias\/\" \/>\n<meta property=\"og:locale\" content=\"pt_BR\" \/>\n<meta property=\"og:type\" content=\"article\" \/>\n<meta property=\"og:title\" content=\"GR\u00c3O-MESTRE PRESTIGIA FESTA DE ANIVERS\u00c1RIO de 72 ANOS DA GRANDE LOJA DO ESTADO DE GOI\u00c1S - GLEMS\" \/>\n<meta property=\"og:description\" content=\"No \u00faltimo s\u00e1bado, dia 10 de junho, o Seren\u00edssimo Gr\u00e3o-Mestre, ir\u2234 Ademar de Souza Freitas esteve no Oriente de Goi\u00e2nia\/GO, acompanhado da cunhada Lourdinha, para participar da festa de anivers\u00e1rio de 72 anos da Grande Loja do Estado de Goi\u00e1s. Ele tamb\u00e9m participou da posse dos novos dirigentes da GLEG, irm\u00e3o M\u00e1rio Martins, Gr\u00e3o-Mestre e [&hellip;]\" \/>\n<meta property=\"og:url\" content=\"https:\/\/grandelojams.org.br\/es\/grao-mestre-prestigia-festa-de-aniversario-de-72-anos-da-grande-loja-do-estado-de-goias\/\" \/>\n<meta property=\"og:site_name\" content=\"GLEMS\" \/>\n<meta property=\"article:published_time\" content=\"2023-06-15T13:21:16+00:00\" \/>\n<meta property=\"article:modified_time\" content=\"2025-06-20T19:34:51+00:00\" \/>\n<meta property=\"og:image\" content=\"https:\/\/grandelojams.org.br\/es\/wp-content\/uploads\/2023\/07\/foto-destaque-500x372-1.png\" \/>\n\t<meta property=\"og:image:width\" content=\"500\" \/>\n\t<meta property=\"og:image:height\" content=\"372\" \/>\n\t<meta property=\"og:image:type\" content=\"image\/png\" \/>\n<meta name=\"author\" content=\"admin\" \/>\n<meta name=\"twitter:card\" content=\"summary_large_image\" \/>\n<meta name=\"twitter:label1\" content=\"Escrito por\" \/>\n\t<meta name=\"twitter:data1\" content=\"admin\" \/>\n\t<meta name=\"twitter:label2\" content=\"Est. tempo de leitura\" \/>\n\t<meta name=\"twitter:data2\" content=\"2 minutos\" \/>\n<script type=\"application\/ld+json\" class=\"yoast-schema-graph\">{\"@context\":\"https:\/\/schema.org\",\"@graph\":[{\"@type\":\"WebPage\",\"@id\":\"https:\/\/grandelojams.org.br\/es\/grao-mestre-prestigia-festa-de-aniversario-de-72-anos-da-grande-loja-do-estado-de-goias\/\",\"url\":\"https:\/\/grandelojams.org.br\/es\/grao-mestre-prestigia-festa-de-aniversario-de-72-anos-da-grande-loja-do-estado-de-goias\/\",\"name\":\"GR\u00c3O-MESTRE PRESTIGIA FESTA DE ANIVERS\u00c1RIO de 72 ANOS DA GRANDE LOJA DO ESTADO DE GOI\u00c1S - GLEMS\",\"isPartOf\":{\"@id\":\"https:\/\/grandelojams.org.br\/es\/#website\"},\"primaryImageOfPage\":{\"@id\":\"https:\/\/grandelojams.org.br\/es\/grao-mestre-prestigia-festa-de-aniversario-de-72-anos-da-grande-loja-do-estado-de-goias\/#primaryimage\"},\"image\":{\"@id\":\"https:\/\/grandelojams.org.br\/es\/grao-mestre-prestigia-festa-de-aniversario-de-72-anos-da-grande-loja-do-estado-de-goias\/#primaryimage\"},\"thumbnailUrl\":\"https:\/\/grandelojams.org.br\/es\/wp-content\/uploads\/2023\/07\/foto-destaque-500x372-1.png\",\"datePublished\":\"2023-06-15T13:21:16+00:00\",\"dateModified\":\"2025-06-20T19:34:51+00:00\",\"author\":{\"@id\":\"https:\/\/grandelojams.org.br\/es\/#\/schema\/person\/5da1c0de136fe7cc6dea7d22b535752b\"},\"breadcrumb\":{\"@id\":\"https:\/\/grandelojams.org.br\/es\/grao-mestre-prestigia-festa-de-aniversario-de-72-anos-da-grande-loja-do-estado-de-goias\/#breadcrumb\"},\"inLanguage\":\"pt-BR\",\"potentialAction\":[{\"@type\":\"ReadAction\",\"target\":[\"https:\/\/grandelojams.org.br\/es\/grao-mestre-prestigia-festa-de-aniversario-de-72-anos-da-grande-loja-do-estado-de-goias\/\"]}]},{\"@type\":\"ImageObject\",\"inLanguage\":\"pt-BR\",\"@id\":\"https:\/\/grandelojams.org.br\/es\/grao-mestre-prestigia-festa-de-aniversario-de-72-anos-da-grande-loja-do-estado-de-goias\/#primaryimage\",\"url\":\"https:\/\/grandelojams.org.br\/es\/wp-content\/uploads\/2023\/07\/foto-destaque-500x372-1.png\",\"contentUrl\":\"https:\/\/grandelojams.org.br\/es\/wp-content\/uploads\/2023\/07\/foto-destaque-500x372-1.png\",\"width\":500,\"height\":372},{\"@type\":\"BreadcrumbList\",\"@id\":\"https:\/\/grandelojams.org.br\/es\/grao-mestre-prestigia-festa-de-aniversario-de-72-anos-da-grande-loja-do-estado-de-goias\/#breadcrumb\",\"itemListElement\":[{\"@type\":\"ListItem\",\"position\":1,\"name\":\"In\u00edcio\",\"item\":\"https:\/\/grandelojams.org.br\/es\/\"},{\"@type\":\"ListItem\",\"position\":2,\"name\":\"GR\u00c3O-MESTRE PRESTIGIA FESTA DE ANIVERS\u00c1RIO de 72 ANOS DA GRANDE LOJA DO ESTADO DE GOI\u00c1S\"}]},{\"@type\":\"WebSite\",\"@id\":\"https:\/\/grandelojams.org.br\/es\/#website\",\"url\":\"https:\/\/grandelojams.org.br\/es\/\",\"name\":\"GLEMS\",\"description\":\"Grande Loja Ma\u00e7\u00f4nica do Mato Grosso do Sul\",\"potentialAction\":[{\"@type\":\"SearchAction\",\"target\":{\"@type\":\"EntryPoint\",\"urlTemplate\":\"https:\/\/grandelojams.org.br\/es\/?s={search_term_string}\"},\"query-input\":{\"@type\":\"PropertyValueSpecification\",\"valueRequired\":true,\"valueName\":\"search_term_string\"}}],\"inLanguage\":\"pt-BR\"},{\"@type\":\"Person\",\"@id\":\"https:\/\/grandelojams.org.br\/es\/#\/schema\/person\/5da1c0de136fe7cc6dea7d22b535752b\",\"name\":\"admin\",\"image\":{\"@type\":\"ImageObject\",\"inLanguage\":\"pt-BR\",\"@id\":\"https:\/\/grandelojams.org.br\/es\/#\/schema\/person\/image\/\",\"url\":\"https:\/\/secure.gravatar.com\/avatar\/786137a0e890f9b53660f24bf8ec01ff8c644974de881f5aedc68bd0708ea113?s=96&d=mm&r=g\",\"contentUrl\":\"https:\/\/secure.gravatar.com\/avatar\/786137a0e890f9b53660f24bf8ec01ff8c644974de881f5aedc68bd0708ea113?s=96&d=mm&r=g\",\"caption\":\"admin\"},\"sameAs\":[\"https:\/\/mondayde.com.br\/clientes\/template1\"],\"url\":\"https:\/\/grandelojams.org.br\/es\/author\/admin\/\"}]}<\/script>\n<!-- \/ Yoast SEO plugin. -->","yoast_head_json":{"title":"GR\u00c3O-MESTRE PRESTIGIA FESTA DE ANIVERS\u00c1RIO de 72 ANOS DA GRANDE LOJA DO ESTADO DE GOI\u00c1S - GLEMS","robots":{"index":"index","follow":"follow","max-snippet":"max-snippet:-1","max-image-preview":"max-image-preview:large","max-video-preview":"max-video-preview:-1"},"canonical":"https:\/\/grandelojams.org.br\/es\/grao-mestre-prestigia-festa-de-aniversario-de-72-anos-da-grande-loja-do-estado-de-goias\/","og_locale":"pt_BR","og_type":"article","og_title":"GR\u00c3O-MESTRE PRESTIGIA FESTA DE ANIVERS\u00c1RIO de 72 ANOS DA GRANDE LOJA DO ESTADO DE GOI\u00c1S - GLEMS","og_description":"No \u00faltimo s\u00e1bado, dia 10 de junho, o Seren\u00edssimo Gr\u00e3o-Mestre, ir\u2234 Ademar de Souza Freitas esteve no Oriente de Goi\u00e2nia\/GO, acompanhado da cunhada Lourdinha, para participar da festa de anivers\u00e1rio de 72 anos da Grande Loja do Estado de Goi\u00e1s. Ele tamb\u00e9m participou da posse dos novos dirigentes da GLEG, irm\u00e3o M\u00e1rio Martins, Gr\u00e3o-Mestre e [&hellip;]","og_url":"https:\/\/grandelojams.org.br\/es\/grao-mestre-prestigia-festa-de-aniversario-de-72-anos-da-grande-loja-do-estado-de-goias\/","og_site_name":"GLEMS","article_published_time":"2023-06-15T13:21:16+00:00","article_modified_time":"2025-06-20T19:34:51+00:00","og_image":[{"width":500,"height":372,"url":"https:\/\/grandelojams.org.br\/es\/wp-content\/uploads\/2023\/07\/foto-destaque-500x372-1.png","type":"image\/png"}],"author":"admin","twitter_card":"summary_large_image","twitter_misc":{"Escrito por":"admin","Est. tempo de leitura":"2 minutos"},"schema":{"@context":"https:\/\/schema.org","@graph":[{"@type":"WebPage","@id":"https:\/\/grandelojams.org.br\/es\/grao-mestre-prestigia-festa-de-aniversario-de-72-anos-da-grande-loja-do-estado-de-goias\/","url":"https:\/\/grandelojams.org.br\/es\/grao-mestre-prestigia-festa-de-aniversario-de-72-anos-da-grande-loja-do-estado-de-goias\/","name":"GR\u00c3O-MESTRE PRESTIGIA FESTA DE ANIVERS\u00c1RIO de 72 ANOS DA GRANDE LOJA DO ESTADO DE GOI\u00c1S - GLEMS","isPartOf":{"@id":"https:\/\/grandelojams.org.br\/es\/#website"},"primaryImageOfPage":{"@id":"https:\/\/grandelojams.org.br\/es\/grao-mestre-prestigia-festa-de-aniversario-de-72-anos-da-grande-loja-do-estado-de-goias\/#primaryimage"},"image":{"@id":"https:\/\/grandelojams.org.br\/es\/grao-mestre-prestigia-festa-de-aniversario-de-72-anos-da-grande-loja-do-estado-de-goias\/#primaryimage"},"thumbnailUrl":"https:\/\/grandelojams.org.br\/es\/wp-content\/uploads\/2023\/07\/foto-destaque-500x372-1.png","datePublished":"2023-06-15T13:21:16+00:00","dateModified":"2025-06-20T19:34:51+00:00","author":{"@id":"https:\/\/grandelojams.org.br\/es\/#\/schema\/person\/5da1c0de136fe7cc6dea7d22b535752b"},"breadcrumb":{"@id":"https:\/\/grandelojams.org.br\/es\/grao-mestre-prestigia-festa-de-aniversario-de-72-anos-da-grande-loja-do-estado-de-goias\/#breadcrumb"},"inLanguage":"pt-BR","potentialAction":[{"@type":"ReadAction","target":["https:\/\/grandelojams.org.br\/es\/grao-mestre-prestigia-festa-de-aniversario-de-72-anos-da-grande-loja-do-estado-de-goias\/"]}]},{"@type":"ImageObject","inLanguage":"pt-BR","@id":"https:\/\/grandelojams.org.br\/es\/grao-mestre-prestigia-festa-de-aniversario-de-72-anos-da-grande-loja-do-estado-de-goias\/#primaryimage","url":"https:\/\/grandelojams.org.br\/es\/wp-content\/uploads\/2023\/07\/foto-destaque-500x372-1.png","contentUrl":"https:\/\/grandelojams.org.br\/es\/wp-content\/uploads\/2023\/07\/foto-destaque-500x372-1.png","width":500,"height":372},{"@type":"BreadcrumbList","@id":"https:\/\/grandelojams.org.br\/es\/grao-mestre-prestigia-festa-de-aniversario-de-72-anos-da-grande-loja-do-estado-de-goias\/#breadcrumb","itemListElement":[{"@type":"ListItem","position":1,"name":"In\u00edcio","item":"https:\/\/grandelojams.org.br\/es\/"},{"@type":"ListItem","position":2,"name":"GR\u00c3O-MESTRE PRESTIGIA FESTA DE ANIVERS\u00c1RIO de 72 ANOS DA GRANDE LOJA DO ESTADO DE GOI\u00c1S"}]},{"@type":"WebSite","@id":"https:\/\/grandelojams.org.br\/es\/#website","url":"https:\/\/grandelojams.org.br\/es\/","name":"GLEMS","description":"Grande Loja Ma\u00e7\u00f4nica do Mato Grosso do Sul","potentialAction":[{"@type":"SearchAction","target":{"@type":"EntryPoint","urlTemplate":"https:\/\/grandelojams.org.br\/es\/?s={search_term_string}"},"query-input":{"@type":"PropertyValueSpecification","valueRequired":true,"valueName":"search_term_string"}}],"inLanguage":"pt-BR"},{"@type":"Person","@id":"https:\/\/grandelojams.org.br\/es\/#\/schema\/person\/5da1c0de136fe7cc6dea7d22b535752b","name":"admin","image":{"@type":"ImageObject","inLanguage":"pt-BR","@id":"https:\/\/grandelojams.org.br\/es\/#\/schema\/person\/image\/","url":"https:\/\/secure.gravatar.com\/avatar\/786137a0e890f9b53660f24bf8ec01ff8c644974de881f5aedc68bd0708ea113?s=96&d=mm&r=g","contentUrl":"https:\/\/secure.gravatar.com\/avatar\/786137a0e890f9b53660f24bf8ec01ff8c644974de881f5aedc68bd0708ea113?s=96&d=mm&r=g","caption":"admin"},"sameAs":["https:\/\/mondayde.com.br\/clientes\/template1"],"url":"https:\/\/grandelojams.org.br\/es\/author\/admin\/"}]}},"_links":{"self":[{"href":"https:\/\/grandelojams.org.br\/es\/wp-json\/wp\/v2\/posts\/3844","targetHints":{"allow":["GET"]}}],"collection":[{"href":"https:\/\/grandelojams.org.br\/es\/wp-json\/wp\/v2\/posts"}],"about":[{"href":"https:\/\/grandelojams.org.br\/es\/wp-json\/wp\/v2\/types\/post"}],"author":[{"embeddable":true,"href":"https:\/\/grandelojams.org.br\/es\/wp-json\/wp\/v2\/users\/1"}],"replies":[{"embeddable":true,"href":"https:\/\/grandelojams.org.br\/es\/wp-json\/wp\/v2\/comments?post=3844"}],"version-history":[{"count":1,"href":"https:\/\/grandelojams.org.br\/es\/wp-json\/wp\/v2\/posts\/3844\/revisions"}],"predecessor-version":[{"id":9498,"href":"https:\/\/grandelojams.org.br\/es\/wp-json\/wp\/v2\/posts\/3844\/revisions\/9498"}],"wp:featuredmedia":[{"embeddable":true,"href":"https:\/\/grandelojams.org.br\/es\/wp-json\/wp\/v2\/media\/9465"}],"wp:attachment":[{"href":"https:\/\/grandelojams.org.br\/es\/wp-json\/wp\/v2\/media?parent=3844"}],"wp:term":[{"taxonomy":"category","embeddable":true,"href":"https:\/\/grandelojams.org.br\/es\/wp-json\/wp\/v2\/categories?post=3844"},{"taxonomy":"post_tag","embeddable":true,"href":"https:\/\/grandelojams.org.br\/es\/wp-json\/wp\/v2\/tags?post=3844"}],"curies":[{"name":"wp","href":"https:\/\/api.w.org\/{rel}","templated":true}]}}