{"id":3790,"date":"2023-06-12T11:00:08","date_gmt":"2023-06-12T14:00:08","guid":{"rendered":"https:\/\/grandelojams.org.br\/?p=3790"},"modified":"2025-06-20T16:34:55","modified_gmt":"2025-06-20T19:34:55","slug":"campanha-do-agasalho-encerra-neste-sabado","status":"publish","type":"post","link":"https:\/\/grandelojams.org.br\/es\/campanha-do-agasalho-encerra-neste-sabado\/","title":{"rendered":"CAMPANHA DO AGASALHO ENCERRA NESTA SEXTA-FEIRA"},"content":{"rendered":"<p><span style=\"color: #000000;\">Encerra nesta sexta-feira a campanha estadual de agasalho \u201cSeu Abra\u00e7o Aquece\u201d lan\u00e7ada pelo Governo do Estado e que foi aderida pela Seren\u00edssima Grande Loja Ma\u00e7\u00f4nica do Estado de Mato Grosso do Sul.<\/span><\/p>\n<p><span style=\"color: #000000;\">O Gr\u00e3o-mestre, ir\u2234 Ademar de Souza Freitas explica que as lojas jurisdicionadas que fizeram arrecada\u00e7\u00e3o poder\u00e3o encaminhar as doa\u00e7\u00f5es \u00e0 Grande Loja, que&nbsp; tamb\u00e9m est\u00e1 com um ponto de coleta de cobertores e agasalhos.<\/span><\/p>\n<p><span style=\"color: #000000;\">\u201cEste ano a previs\u00e3o \u00e9 de inverno rigoroso e a GLEMS se uniu ao Governo do Estado nessa iniciativa para ajudar as pessoas que precisam. Decidimos usar tamb\u00e9m um recurso oriundo de dividendos banc\u00e1rios para comprar cobertores que ser\u00e3o destinados a doa\u00e7\u00e3o. Ainda d\u00e1 tempo de ajudar. Por isso contamos com o apoio e a solidariedade de toda a fam\u00edlia ma\u00e7\u00f4nica\u201d, enfatizou Ir\u2234 Ademar.<\/span><\/p>\n<p><span style=\"color: #000000;\">Os irm\u00e3os que quiserem fazer doa\u00e7\u00e3o em dinheiro para a Grande Loja ampliar a compra de cobertores podem fazer os repasses atrav\u00e9s dos seguintes meios:<\/span><\/p>\n<p><span style=\"color: #000000;\"><strong>PIX(EMAIL):<\/strong><\/span><\/p>\n<p><span style=\"color: #000000;\"><strong><a style=\"color: #000000;\" href=\"mailto:hospitalaria@grandelojams.org.br\">hospitalaria@grandelojams.org.br<\/a><\/strong><\/span><\/p>\n<p><span style=\"color: #000000;\"><strong>DEP\u00d3SITO\/TRANSFER\u00caNCIA:<\/strong><\/span><\/p>\n<p><span style=\"color: #000000;\"><strong>Banco Sicredi (748)<\/strong><\/span><\/p>\n<p><span style=\"color: #000000;\"><strong>Ag. 0913 C\/C 01788-8|CNPJ : 15.479.439\/0001-16<\/strong><\/span><\/p>\n<p><span style=\"color: #000000;\"><strong>Grande Loja Ma\u00e7\u00f4nica do Estado de MS.<\/strong><\/span><\/p>\n","protected":false},"excerpt":{"rendered":"<p>Encerra nesta sexta-feira a campanha estadual de agasalho \u201cSeu Abra\u00e7o Aquece\u201d lan\u00e7ada pelo Governo do Estado e que foi aderida pela Seren\u00edssima Grande Loja Ma\u00e7\u00f4nica do Estado de Mato Grosso do Sul. O Gr\u00e3o-mestre, ir\u2234 Ademar de Souza Freitas explica que as lojas jurisdicionadas que fizeram arrecada\u00e7\u00e3o poder\u00e3o encaminhar as doa\u00e7\u00f5es \u00e0 Grande Loja, que&nbsp; [&hellip;]<\/p>\n","protected":false},"author":1,"featured_media":9463,"comment_status":"open","ping_status":"open","sticky":false,"template":"","format":"standard","meta":{"footnotes":""},"categories":[56],"tags":[90,61,91,65,92],"class_list":["post-3790","post","type-post","status-publish","format-standard","has-post-thumbnail","hentry","category-noticias","tag-campanha-do-agasalho","tag-glems","tag-governo-do-estado","tag-ms","tag-seu-abraco-aquece"],"yoast_head":"<!-- This site is optimized with the Yoast SEO plugin v26.3 - https:\/\/yoast.com\/wordpress\/plugins\/seo\/ -->\n<title>CAMPANHA DO AGASALHO ENCERRA NESTA SEXTA-FEIRA - GLEMS<\/title>\n<meta name=\"robots\" content=\"index, follow, max-snippet:-1, max-image-preview:large, max-video-preview:-1\" \/>\n<link rel=\"canonical\" href=\"https:\/\/grandelojams.org.br\/es\/campanha-do-agasalho-encerra-neste-sabado\/\" \/>\n<meta property=\"og:locale\" content=\"pt_BR\" \/>\n<meta property=\"og:type\" content=\"article\" \/>\n<meta property=\"og:title\" content=\"CAMPANHA DO AGASALHO ENCERRA NESTA SEXTA-FEIRA - GLEMS\" \/>\n<meta property=\"og:description\" content=\"Encerra nesta sexta-feira a campanha estadual de agasalho \u201cSeu Abra\u00e7o Aquece\u201d lan\u00e7ada pelo Governo do Estado e que foi aderida pela Seren\u00edssima Grande Loja Ma\u00e7\u00f4nica do Estado de Mato Grosso do Sul. O Gr\u00e3o-mestre, ir\u2234 Ademar de Souza Freitas explica que as lojas jurisdicionadas que fizeram arrecada\u00e7\u00e3o poder\u00e3o encaminhar as doa\u00e7\u00f5es \u00e0 Grande Loja, que&nbsp; [&hellip;]\" \/>\n<meta property=\"og:url\" content=\"https:\/\/grandelojams.org.br\/es\/campanha-do-agasalho-encerra-neste-sabado\/\" \/>\n<meta property=\"og:site_name\" content=\"GLEMS\" \/>\n<meta property=\"article:published_time\" content=\"2023-06-12T14:00:08+00:00\" \/>\n<meta property=\"article:modified_time\" content=\"2025-06-20T19:34:55+00:00\" \/>\n<meta property=\"og:image\" content=\"https:\/\/grandelojams.org.br\/es\/wp-content\/uploads\/2023\/07\/geral-672x372-1.jpeg\" \/>\n\t<meta property=\"og:image:width\" content=\"672\" \/>\n\t<meta property=\"og:image:height\" content=\"372\" \/>\n\t<meta property=\"og:image:type\" content=\"image\/jpeg\" \/>\n<meta name=\"author\" content=\"admin\" \/>\n<meta name=\"twitter:card\" content=\"summary_large_image\" \/>\n<meta name=\"twitter:label1\" content=\"Escrito por\" \/>\n\t<meta name=\"twitter:data1\" content=\"admin\" \/>\n\t<meta name=\"twitter:label2\" content=\"Est. tempo de leitura\" \/>\n\t<meta name=\"twitter:data2\" content=\"2 minutos\" \/>\n<script type=\"application\/ld+json\" class=\"yoast-schema-graph\">{\"@context\":\"https:\/\/schema.org\",\"@graph\":[{\"@type\":\"WebPage\",\"@id\":\"https:\/\/grandelojams.org.br\/es\/campanha-do-agasalho-encerra-neste-sabado\/\",\"url\":\"https:\/\/grandelojams.org.br\/es\/campanha-do-agasalho-encerra-neste-sabado\/\",\"name\":\"CAMPANHA DO AGASALHO ENCERRA NESTA SEXTA-FEIRA - GLEMS\",\"isPartOf\":{\"@id\":\"https:\/\/grandelojams.org.br\/es\/#website\"},\"primaryImageOfPage\":{\"@id\":\"https:\/\/grandelojams.org.br\/es\/campanha-do-agasalho-encerra-neste-sabado\/#primaryimage\"},\"image\":{\"@id\":\"https:\/\/grandelojams.org.br\/es\/campanha-do-agasalho-encerra-neste-sabado\/#primaryimage\"},\"thumbnailUrl\":\"https:\/\/grandelojams.org.br\/es\/wp-content\/uploads\/2023\/07\/geral-672x372-1.jpeg\",\"datePublished\":\"2023-06-12T14:00:08+00:00\",\"dateModified\":\"2025-06-20T19:34:55+00:00\",\"author\":{\"@id\":\"https:\/\/grandelojams.org.br\/es\/#\/schema\/person\/5da1c0de136fe7cc6dea7d22b535752b\"},\"breadcrumb\":{\"@id\":\"https:\/\/grandelojams.org.br\/es\/campanha-do-agasalho-encerra-neste-sabado\/#breadcrumb\"},\"inLanguage\":\"pt-BR\",\"potentialAction\":[{\"@type\":\"ReadAction\",\"target\":[\"https:\/\/grandelojams.org.br\/es\/campanha-do-agasalho-encerra-neste-sabado\/\"]}]},{\"@type\":\"ImageObject\",\"inLanguage\":\"pt-BR\",\"@id\":\"https:\/\/grandelojams.org.br\/es\/campanha-do-agasalho-encerra-neste-sabado\/#primaryimage\",\"url\":\"https:\/\/grandelojams.org.br\/es\/wp-content\/uploads\/2023\/07\/geral-672x372-1.jpeg\",\"contentUrl\":\"https:\/\/grandelojams.org.br\/es\/wp-content\/uploads\/2023\/07\/geral-672x372-1.jpeg\",\"width\":672,\"height\":372},{\"@type\":\"BreadcrumbList\",\"@id\":\"https:\/\/grandelojams.org.br\/es\/campanha-do-agasalho-encerra-neste-sabado\/#breadcrumb\",\"itemListElement\":[{\"@type\":\"ListItem\",\"position\":1,\"name\":\"In\u00edcio\",\"item\":\"https:\/\/grandelojams.org.br\/es\/\"},{\"@type\":\"ListItem\",\"position\":2,\"name\":\"CAMPANHA DO AGASALHO ENCERRA NESTA SEXTA-FEIRA\"}]},{\"@type\":\"WebSite\",\"@id\":\"https:\/\/grandelojams.org.br\/es\/#website\",\"url\":\"https:\/\/grandelojams.org.br\/es\/\",\"name\":\"GLEMS\",\"description\":\"Grande Loja Ma\u00e7\u00f4nica do Mato Grosso do Sul\",\"potentialAction\":[{\"@type\":\"SearchAction\",\"target\":{\"@type\":\"EntryPoint\",\"urlTemplate\":\"https:\/\/grandelojams.org.br\/es\/?s={search_term_string}\"},\"query-input\":{\"@type\":\"PropertyValueSpecification\",\"valueRequired\":true,\"valueName\":\"search_term_string\"}}],\"inLanguage\":\"pt-BR\"},{\"@type\":\"Person\",\"@id\":\"https:\/\/grandelojams.org.br\/es\/#\/schema\/person\/5da1c0de136fe7cc6dea7d22b535752b\",\"name\":\"admin\",\"image\":{\"@type\":\"ImageObject\",\"inLanguage\":\"pt-BR\",\"@id\":\"https:\/\/grandelojams.org.br\/es\/#\/schema\/person\/image\/\",\"url\":\"https:\/\/secure.gravatar.com\/avatar\/786137a0e890f9b53660f24bf8ec01ff8c644974de881f5aedc68bd0708ea113?s=96&d=mm&r=g\",\"contentUrl\":\"https:\/\/secure.gravatar.com\/avatar\/786137a0e890f9b53660f24bf8ec01ff8c644974de881f5aedc68bd0708ea113?s=96&d=mm&r=g\",\"caption\":\"admin\"},\"sameAs\":[\"https:\/\/mondayde.com.br\/clientes\/template1\"],\"url\":\"https:\/\/grandelojams.org.br\/es\/author\/admin\/\"}]}<\/script>\n<!-- \/ Yoast SEO plugin. -->","yoast_head_json":{"title":"CAMPANHA DO AGASALHO ENCERRA NESTA SEXTA-FEIRA - GLEMS","robots":{"index":"index","follow":"follow","max-snippet":"max-snippet:-1","max-image-preview":"max-image-preview:large","max-video-preview":"max-video-preview:-1"},"canonical":"https:\/\/grandelojams.org.br\/es\/campanha-do-agasalho-encerra-neste-sabado\/","og_locale":"pt_BR","og_type":"article","og_title":"CAMPANHA DO AGASALHO ENCERRA NESTA SEXTA-FEIRA - GLEMS","og_description":"Encerra nesta sexta-feira a campanha estadual de agasalho \u201cSeu Abra\u00e7o Aquece\u201d lan\u00e7ada pelo Governo do Estado e que foi aderida pela Seren\u00edssima Grande Loja Ma\u00e7\u00f4nica do Estado de Mato Grosso do Sul. O Gr\u00e3o-mestre, ir\u2234 Ademar de Souza Freitas explica que as lojas jurisdicionadas que fizeram arrecada\u00e7\u00e3o poder\u00e3o encaminhar as doa\u00e7\u00f5es \u00e0 Grande Loja, que&nbsp; [&hellip;]","og_url":"https:\/\/grandelojams.org.br\/es\/campanha-do-agasalho-encerra-neste-sabado\/","og_site_name":"GLEMS","article_published_time":"2023-06-12T14:00:08+00:00","article_modified_time":"2025-06-20T19:34:55+00:00","og_image":[{"width":672,"height":372,"url":"https:\/\/grandelojams.org.br\/es\/wp-content\/uploads\/2023\/07\/geral-672x372-1.jpeg","type":"image\/jpeg"}],"author":"admin","twitter_card":"summary_large_image","twitter_misc":{"Escrito por":"admin","Est. tempo de leitura":"2 minutos"},"schema":{"@context":"https:\/\/schema.org","@graph":[{"@type":"WebPage","@id":"https:\/\/grandelojams.org.br\/es\/campanha-do-agasalho-encerra-neste-sabado\/","url":"https:\/\/grandelojams.org.br\/es\/campanha-do-agasalho-encerra-neste-sabado\/","name":"CAMPANHA DO AGASALHO ENCERRA NESTA SEXTA-FEIRA - GLEMS","isPartOf":{"@id":"https:\/\/grandelojams.org.br\/es\/#website"},"primaryImageOfPage":{"@id":"https:\/\/grandelojams.org.br\/es\/campanha-do-agasalho-encerra-neste-sabado\/#primaryimage"},"image":{"@id":"https:\/\/grandelojams.org.br\/es\/campanha-do-agasalho-encerra-neste-sabado\/#primaryimage"},"thumbnailUrl":"https:\/\/grandelojams.org.br\/es\/wp-content\/uploads\/2023\/07\/geral-672x372-1.jpeg","datePublished":"2023-06-12T14:00:08+00:00","dateModified":"2025-06-20T19:34:55+00:00","author":{"@id":"https:\/\/grandelojams.org.br\/es\/#\/schema\/person\/5da1c0de136fe7cc6dea7d22b535752b"},"breadcrumb":{"@id":"https:\/\/grandelojams.org.br\/es\/campanha-do-agasalho-encerra-neste-sabado\/#breadcrumb"},"inLanguage":"pt-BR","potentialAction":[{"@type":"ReadAction","target":["https:\/\/grandelojams.org.br\/es\/campanha-do-agasalho-encerra-neste-sabado\/"]}]},{"@type":"ImageObject","inLanguage":"pt-BR","@id":"https:\/\/grandelojams.org.br\/es\/campanha-do-agasalho-encerra-neste-sabado\/#primaryimage","url":"https:\/\/grandelojams.org.br\/es\/wp-content\/uploads\/2023\/07\/geral-672x372-1.jpeg","contentUrl":"https:\/\/grandelojams.org.br\/es\/wp-content\/uploads\/2023\/07\/geral-672x372-1.jpeg","width":672,"height":372},{"@type":"BreadcrumbList","@id":"https:\/\/grandelojams.org.br\/es\/campanha-do-agasalho-encerra-neste-sabado\/#breadcrumb","itemListElement":[{"@type":"ListItem","position":1,"name":"In\u00edcio","item":"https:\/\/grandelojams.org.br\/es\/"},{"@type":"ListItem","position":2,"name":"CAMPANHA DO AGASALHO ENCERRA NESTA SEXTA-FEIRA"}]},{"@type":"WebSite","@id":"https:\/\/grandelojams.org.br\/es\/#website","url":"https:\/\/grandelojams.org.br\/es\/","name":"GLEMS","description":"Grande Loja Ma\u00e7\u00f4nica do Mato Grosso do Sul","potentialAction":[{"@type":"SearchAction","target":{"@type":"EntryPoint","urlTemplate":"https:\/\/grandelojams.org.br\/es\/?s={search_term_string}"},"query-input":{"@type":"PropertyValueSpecification","valueRequired":true,"valueName":"search_term_string"}}],"inLanguage":"pt-BR"},{"@type":"Person","@id":"https:\/\/grandelojams.org.br\/es\/#\/schema\/person\/5da1c0de136fe7cc6dea7d22b535752b","name":"admin","image":{"@type":"ImageObject","inLanguage":"pt-BR","@id":"https:\/\/grandelojams.org.br\/es\/#\/schema\/person\/image\/","url":"https:\/\/secure.gravatar.com\/avatar\/786137a0e890f9b53660f24bf8ec01ff8c644974de881f5aedc68bd0708ea113?s=96&d=mm&r=g","contentUrl":"https:\/\/secure.gravatar.com\/avatar\/786137a0e890f9b53660f24bf8ec01ff8c644974de881f5aedc68bd0708ea113?s=96&d=mm&r=g","caption":"admin"},"sameAs":["https:\/\/mondayde.com.br\/clientes\/template1"],"url":"https:\/\/grandelojams.org.br\/es\/author\/admin\/"}]}},"_links":{"self":[{"href":"https:\/\/grandelojams.org.br\/es\/wp-json\/wp\/v2\/posts\/3790","targetHints":{"allow":["GET"]}}],"collection":[{"href":"https:\/\/grandelojams.org.br\/es\/wp-json\/wp\/v2\/posts"}],"about":[{"href":"https:\/\/grandelojams.org.br\/es\/wp-json\/wp\/v2\/types\/post"}],"author":[{"embeddable":true,"href":"https:\/\/grandelojams.org.br\/es\/wp-json\/wp\/v2\/users\/1"}],"replies":[{"embeddable":true,"href":"https:\/\/grandelojams.org.br\/es\/wp-json\/wp\/v2\/comments?post=3790"}],"version-history":[{"count":1,"href":"https:\/\/grandelojams.org.br\/es\/wp-json\/wp\/v2\/posts\/3790\/revisions"}],"predecessor-version":[{"id":9506,"href":"https:\/\/grandelojams.org.br\/es\/wp-json\/wp\/v2\/posts\/3790\/revisions\/9506"}],"wp:featuredmedia":[{"embeddable":true,"href":"https:\/\/grandelojams.org.br\/es\/wp-json\/wp\/v2\/media\/9463"}],"wp:attachment":[{"href":"https:\/\/grandelojams.org.br\/es\/wp-json\/wp\/v2\/media?parent=3790"}],"wp:term":[{"taxonomy":"category","embeddable":true,"href":"https:\/\/grandelojams.org.br\/es\/wp-json\/wp\/v2\/categories?post=3790"},{"taxonomy":"post_tag","embeddable":true,"href":"https:\/\/grandelojams.org.br\/es\/wp-json\/wp\/v2\/tags?post=3790"}],"curies":[{"name":"wp","href":"https:\/\/api.w.org\/{rel}","templated":true}]}}