{"id":3771,"date":"2023-06-04T11:39:49","date_gmt":"2023-06-04T14:39:49","guid":{"rendered":"https:\/\/grandelojams.org.br\/?p=3771"},"modified":"2025-06-20T16:40:34","modified_gmt":"2025-06-20T19:40:34","slug":"lojas-ordem-e-progresso-paz-e-uniao-e-obreiros-de-rio-brilhante-realizam-sessoes-magnas-de-elevacao-e-exaltacao","status":"publish","type":"post","link":"https:\/\/grandelojams.org.br\/es\/lojas-ordem-e-progresso-paz-e-uniao-e-obreiros-de-rio-brilhante-realizam-sessoes-magnas-de-elevacao-e-exaltacao\/","title":{"rendered":"LOJAS ORDEM E PROGRESSO, PAZ E UNI\u00c3O E OBREIROS DE RIO BRILHANTE REALIZAM SESS\u00d5ES MAGNAS DE ELEVA\u00c7\u00c3O E EXALTA\u00c7\u00c3O"},"content":{"rendered":"<p>Aconteceu na Loja Ordem e Progresso, N\u00ba 25 a Sess\u00e3o Magna de Eleva\u00e7\u00e3o dos IIr\u2234\u00a0 Alexandre Ribeiro Brum, Claudemir Estevam, Fabiano Pereira Gon\u00e7alves, Renato Meinberg Cheade e Vin\u00edcius Alves de Ara\u00fajo, que foi presidida e conduzida pelo Ven\u2234 M\u2234 da loja, ir\u2234 Romulo Cappi.<\/p>\n<p>Abrilhantaram a sess\u00e3o o Delegado Regional, da 3\u00aa Regi\u00e3o da GLEMS, ir\u2234 \u00a0Jos\u00e9 de Souza, que \u00e9 membro da Loja Amor e Caridade N\u00ba 65 e o Delegado Distrital, ir\u2234 Ademir Batista de Oliveira, da Loja Oriente Maracaju, N\u00ba 01.<\/p>\n<p>O Vener\u00e1vel da Loja Ordem e Progresso tamb\u00e9m conduziu a sess\u00e3o de filia\u00e7\u00e3o do Mestre Ma\u00e7om, ir\u2234 Carlos Jonel Borges de Barros.<\/p>\n<p><strong>ARLS PAZ E UNI\u00c3O DE PEDRO GOMES<\/strong><\/p>\n<p>Aconteceu no dia 26 de maio, na ARLS Paz e Uni\u00e3o N\u00b0 58, do Oriente de Pedro Gomes, uma Sess\u00e3o Magna de Eleva\u00e7\u00e3o, presidida pelo Ven\u2234 M\u2234 da loja, ir\u2234 Albano Ant\u00f4nio Bortolazo Junior. Foram elevados os iir\u2234 Allan Jhonson Rodrigues Ramos, Gabriel Ormonds Dalto e Jo\u00e3o Pedro Teodoro Oliveira.<\/p>\n<p>A sess\u00e3o foi abrilhantada com a presen\u00e7a do Delegado Regional, da 8\u00aa Regi\u00e3o da GLEMS, o ir\u2234 Cla\u00fadio Pesso, do Delegado Distrital, o ir\u2234 Jos\u00e9 Cl\u00e1udio Pozzobom e do Delegado Distrital, o ir\u2234\u00a0 Edson Jos\u00e9 de Souza, al\u00e9m do Ven\u2234 M\u2234 da Loja Amor e Justi\u00e7a N\u00b0 21, do Oriente de Coxim, Gilson Leonardo da Costa Santos, do Ven\u2234 M\u2234 da Loja Ac\u00e1cia de Coxim, N\u00b0 31, o ir\u2234\u00a0 Paulo S\u00e9rgio Mariano, do Ven\u2234M\u2234 da Loja Filhos de Hiran N\u00b015 do Oriente de Rio Verde de Mato Grosso, o ir\u2234 Sebasti\u00e3o Jeronimo Castelo de Oliveira, al\u00e9m do ir\u2234 Manoel Araujo Silva, da Loja imigrante N\u00b0 45, do Oriente de S\u00e3o Gabriel do Oestes e dos IIr\u2234 Jos\u00e9 Cardeal de Souza e Luciano Guerra Gai.<\/p>\n<p><strong>BARLS OBREIROS DE RIO BRILHANTE<\/strong><\/p>\n<p>A Benem\u00e9rita ARLS, Obreiros de Rio Brilhante, N\u00ba 18, realizou uma Sess\u00e3o Magna de Exalta\u00e7\u00e3o presidida e conduzida pelo Ven\u2234M\u2234 da Loja, o ir\u2234 Edineu Davi Foroni. Foram exaltados dois irm\u00e3os do quadro: Andr\u00e9 Nogueira Borges e Miqu\u00e9ias Augusto Ferreira Nantes.<\/p>\n<p>A sess\u00e3o foi abrilhantada pela presen\u00e7a do Delegado Distrital, \u00a0ir\u2234 Elias Pereira Soares e do Vener\u00e1vel Mestre da Loja Jo\u00e3o Pedro Fernandes, N\u00ba 22 e contou com a presen\u00e7a de 16 irm\u00e3os do quadro e 10 visitantes, sendo oito da Loja Jo\u00e3o Pedro Fernandes, do Oriente de Maracaju e dois da Loja Osvaldo Rodrigues Sim\u00f5es, N\u00ba 2044, do GOB, de Rio brilhante.<\/p>\n\n","protected":false},"excerpt":{"rendered":"<p>Aconteceu na Loja Ordem e Progresso, N\u00ba 25 a Sess\u00e3o Magna de Eleva\u00e7\u00e3o dos IIr\u2234\u00a0 Alexandre Ribeiro Brum, Claudemir Estevam, Fabiano Pereira Gon\u00e7alves, Renato Meinberg Cheade e Vin\u00edcius Alves de Ara\u00fajo, que foi presidida e conduzida pelo Ven\u2234 M\u2234 da loja, ir\u2234 Romulo Cappi. Abrilhantaram a sess\u00e3o o Delegado Regional, da 3\u00aa Regi\u00e3o da GLEMS, [&hellip;]<\/p>\n","protected":false},"author":1,"featured_media":9526,"comment_status":"open","ping_status":"open","sticky":false,"template":"","format":"standard","meta":{"footnotes":""},"categories":[56],"tags":[],"class_list":["post-3771","post","type-post","status-publish","format-standard","has-post-thumbnail","hentry","category-noticias"],"yoast_head":"<!-- This site is optimized with the Yoast SEO plugin v26.3 - https:\/\/yoast.com\/wordpress\/plugins\/seo\/ -->\n<title>LOJAS ORDEM E PROGRESSO, PAZ E UNI\u00c3O E OBREIROS DE RIO BRILHANTE REALIZAM SESS\u00d5ES MAGNAS DE ELEVA\u00c7\u00c3O E EXALTA\u00c7\u00c3O - GLEMS<\/title>\n<meta name=\"robots\" content=\"index, follow, max-snippet:-1, max-image-preview:large, max-video-preview:-1\" \/>\n<link rel=\"canonical\" href=\"https:\/\/grandelojams.org.br\/es\/lojas-ordem-e-progresso-paz-e-uniao-e-obreiros-de-rio-brilhante-realizam-sessoes-magnas-de-elevacao-e-exaltacao\/\" \/>\n<meta property=\"og:locale\" content=\"pt_BR\" \/>\n<meta property=\"og:type\" content=\"article\" \/>\n<meta property=\"og:title\" content=\"LOJAS ORDEM E PROGRESSO, PAZ E UNI\u00c3O E OBREIROS DE RIO BRILHANTE REALIZAM SESS\u00d5ES MAGNAS DE ELEVA\u00c7\u00c3O E EXALTA\u00c7\u00c3O - GLEMS\" \/>\n<meta property=\"og:description\" content=\"Aconteceu na Loja Ordem e Progresso, N\u00ba 25 a Sess\u00e3o Magna de Eleva\u00e7\u00e3o dos IIr\u2234\u00a0 Alexandre Ribeiro Brum, Claudemir Estevam, Fabiano Pereira Gon\u00e7alves, Renato Meinberg Cheade e Vin\u00edcius Alves de Ara\u00fajo, que foi presidida e conduzida pelo Ven\u2234 M\u2234 da loja, ir\u2234 Romulo Cappi. Abrilhantaram a sess\u00e3o o Delegado Regional, da 3\u00aa Regi\u00e3o da GLEMS, [&hellip;]\" \/>\n<meta property=\"og:url\" content=\"https:\/\/grandelojams.org.br\/es\/lojas-ordem-e-progresso-paz-e-uniao-e-obreiros-de-rio-brilhante-realizam-sessoes-magnas-de-elevacao-e-exaltacao\/\" \/>\n<meta property=\"og:site_name\" content=\"GLEMS\" \/>\n<meta property=\"article:published_time\" content=\"2023-06-04T14:39:49+00:00\" \/>\n<meta property=\"article:modified_time\" content=\"2025-06-20T19:40:34+00:00\" \/>\n<meta property=\"og:image\" content=\"https:\/\/grandelojams.org.br\/es\/wp-content\/uploads\/2023\/06\/Iniciacao-S.G-do-Oeste-5-672x372-1.jpeg\" \/>\n\t<meta property=\"og:image:width\" content=\"672\" \/>\n\t<meta property=\"og:image:height\" content=\"372\" \/>\n\t<meta property=\"og:image:type\" content=\"image\/jpeg\" \/>\n<meta name=\"author\" content=\"admin\" \/>\n<meta name=\"twitter:card\" content=\"summary_large_image\" \/>\n<meta name=\"twitter:label1\" content=\"Escrito por\" \/>\n\t<meta name=\"twitter:data1\" content=\"admin\" \/>\n\t<meta name=\"twitter:label2\" content=\"Est. tempo de leitura\" \/>\n\t<meta name=\"twitter:data2\" content=\"3 minutos\" \/>\n<script type=\"application\/ld+json\" class=\"yoast-schema-graph\">{\"@context\":\"https:\/\/schema.org\",\"@graph\":[{\"@type\":\"WebPage\",\"@id\":\"https:\/\/grandelojams.org.br\/es\/lojas-ordem-e-progresso-paz-e-uniao-e-obreiros-de-rio-brilhante-realizam-sessoes-magnas-de-elevacao-e-exaltacao\/\",\"url\":\"https:\/\/grandelojams.org.br\/es\/lojas-ordem-e-progresso-paz-e-uniao-e-obreiros-de-rio-brilhante-realizam-sessoes-magnas-de-elevacao-e-exaltacao\/\",\"name\":\"LOJAS ORDEM E PROGRESSO, PAZ E UNI\u00c3O E OBREIROS DE RIO BRILHANTE REALIZAM SESS\u00d5ES MAGNAS DE ELEVA\u00c7\u00c3O E EXALTA\u00c7\u00c3O - GLEMS\",\"isPartOf\":{\"@id\":\"https:\/\/grandelojams.org.br\/es\/#website\"},\"primaryImageOfPage\":{\"@id\":\"https:\/\/grandelojams.org.br\/es\/lojas-ordem-e-progresso-paz-e-uniao-e-obreiros-de-rio-brilhante-realizam-sessoes-magnas-de-elevacao-e-exaltacao\/#primaryimage\"},\"image\":{\"@id\":\"https:\/\/grandelojams.org.br\/es\/lojas-ordem-e-progresso-paz-e-uniao-e-obreiros-de-rio-brilhante-realizam-sessoes-magnas-de-elevacao-e-exaltacao\/#primaryimage\"},\"thumbnailUrl\":\"https:\/\/grandelojams.org.br\/es\/wp-content\/uploads\/2023\/06\/Iniciacao-S.G-do-Oeste-5-672x372-1.jpeg\",\"datePublished\":\"2023-06-04T14:39:49+00:00\",\"dateModified\":\"2025-06-20T19:40:34+00:00\",\"author\":{\"@id\":\"https:\/\/grandelojams.org.br\/es\/#\/schema\/person\/5da1c0de136fe7cc6dea7d22b535752b\"},\"breadcrumb\":{\"@id\":\"https:\/\/grandelojams.org.br\/es\/lojas-ordem-e-progresso-paz-e-uniao-e-obreiros-de-rio-brilhante-realizam-sessoes-magnas-de-elevacao-e-exaltacao\/#breadcrumb\"},\"inLanguage\":\"pt-BR\",\"potentialAction\":[{\"@type\":\"ReadAction\",\"target\":[\"https:\/\/grandelojams.org.br\/es\/lojas-ordem-e-progresso-paz-e-uniao-e-obreiros-de-rio-brilhante-realizam-sessoes-magnas-de-elevacao-e-exaltacao\/\"]}]},{\"@type\":\"ImageObject\",\"inLanguage\":\"pt-BR\",\"@id\":\"https:\/\/grandelojams.org.br\/es\/lojas-ordem-e-progresso-paz-e-uniao-e-obreiros-de-rio-brilhante-realizam-sessoes-magnas-de-elevacao-e-exaltacao\/#primaryimage\",\"url\":\"https:\/\/grandelojams.org.br\/es\/wp-content\/uploads\/2023\/06\/Iniciacao-S.G-do-Oeste-5-672x372-1.jpeg\",\"contentUrl\":\"https:\/\/grandelojams.org.br\/es\/wp-content\/uploads\/2023\/06\/Iniciacao-S.G-do-Oeste-5-672x372-1.jpeg\",\"width\":672,\"height\":372},{\"@type\":\"BreadcrumbList\",\"@id\":\"https:\/\/grandelojams.org.br\/es\/lojas-ordem-e-progresso-paz-e-uniao-e-obreiros-de-rio-brilhante-realizam-sessoes-magnas-de-elevacao-e-exaltacao\/#breadcrumb\",\"itemListElement\":[{\"@type\":\"ListItem\",\"position\":1,\"name\":\"In\u00edcio\",\"item\":\"https:\/\/grandelojams.org.br\/es\/\"},{\"@type\":\"ListItem\",\"position\":2,\"name\":\"LOJAS ORDEM E PROGRESSO, PAZ E UNI\u00c3O E OBREIROS DE RIO BRILHANTE REALIZAM SESS\u00d5ES MAGNAS DE ELEVA\u00c7\u00c3O E EXALTA\u00c7\u00c3O\"}]},{\"@type\":\"WebSite\",\"@id\":\"https:\/\/grandelojams.org.br\/es\/#website\",\"url\":\"https:\/\/grandelojams.org.br\/es\/\",\"name\":\"GLEMS\",\"description\":\"Grande Loja Ma\u00e7\u00f4nica do Mato Grosso do Sul\",\"potentialAction\":[{\"@type\":\"SearchAction\",\"target\":{\"@type\":\"EntryPoint\",\"urlTemplate\":\"https:\/\/grandelojams.org.br\/es\/?s={search_term_string}\"},\"query-input\":{\"@type\":\"PropertyValueSpecification\",\"valueRequired\":true,\"valueName\":\"search_term_string\"}}],\"inLanguage\":\"pt-BR\"},{\"@type\":\"Person\",\"@id\":\"https:\/\/grandelojams.org.br\/es\/#\/schema\/person\/5da1c0de136fe7cc6dea7d22b535752b\",\"name\":\"admin\",\"image\":{\"@type\":\"ImageObject\",\"inLanguage\":\"pt-BR\",\"@id\":\"https:\/\/grandelojams.org.br\/es\/#\/schema\/person\/image\/\",\"url\":\"https:\/\/secure.gravatar.com\/avatar\/786137a0e890f9b53660f24bf8ec01ff8c644974de881f5aedc68bd0708ea113?s=96&d=mm&r=g\",\"contentUrl\":\"https:\/\/secure.gravatar.com\/avatar\/786137a0e890f9b53660f24bf8ec01ff8c644974de881f5aedc68bd0708ea113?s=96&d=mm&r=g\",\"caption\":\"admin\"},\"sameAs\":[\"https:\/\/mondayde.com.br\/clientes\/template1\"],\"url\":\"https:\/\/grandelojams.org.br\/es\/author\/admin\/\"}]}<\/script>\n<!-- \/ Yoast SEO plugin. -->","yoast_head_json":{"title":"LOJAS ORDEM E PROGRESSO, PAZ E UNI\u00c3O E OBREIROS DE RIO BRILHANTE REALIZAM SESS\u00d5ES MAGNAS DE ELEVA\u00c7\u00c3O E EXALTA\u00c7\u00c3O - GLEMS","robots":{"index":"index","follow":"follow","max-snippet":"max-snippet:-1","max-image-preview":"max-image-preview:large","max-video-preview":"max-video-preview:-1"},"canonical":"https:\/\/grandelojams.org.br\/es\/lojas-ordem-e-progresso-paz-e-uniao-e-obreiros-de-rio-brilhante-realizam-sessoes-magnas-de-elevacao-e-exaltacao\/","og_locale":"pt_BR","og_type":"article","og_title":"LOJAS ORDEM E PROGRESSO, PAZ E UNI\u00c3O E OBREIROS DE RIO BRILHANTE REALIZAM SESS\u00d5ES MAGNAS DE ELEVA\u00c7\u00c3O E EXALTA\u00c7\u00c3O - GLEMS","og_description":"Aconteceu na Loja Ordem e Progresso, N\u00ba 25 a Sess\u00e3o Magna de Eleva\u00e7\u00e3o dos IIr\u2234\u00a0 Alexandre Ribeiro Brum, Claudemir Estevam, Fabiano Pereira Gon\u00e7alves, Renato Meinberg Cheade e Vin\u00edcius Alves de Ara\u00fajo, que foi presidida e conduzida pelo Ven\u2234 M\u2234 da loja, ir\u2234 Romulo Cappi. Abrilhantaram a sess\u00e3o o Delegado Regional, da 3\u00aa Regi\u00e3o da GLEMS, [&hellip;]","og_url":"https:\/\/grandelojams.org.br\/es\/lojas-ordem-e-progresso-paz-e-uniao-e-obreiros-de-rio-brilhante-realizam-sessoes-magnas-de-elevacao-e-exaltacao\/","og_site_name":"GLEMS","article_published_time":"2023-06-04T14:39:49+00:00","article_modified_time":"2025-06-20T19:40:34+00:00","og_image":[{"width":672,"height":372,"url":"https:\/\/grandelojams.org.br\/es\/wp-content\/uploads\/2023\/06\/Iniciacao-S.G-do-Oeste-5-672x372-1.jpeg","type":"image\/jpeg"}],"author":"admin","twitter_card":"summary_large_image","twitter_misc":{"Escrito por":"admin","Est. tempo de leitura":"3 minutos"},"schema":{"@context":"https:\/\/schema.org","@graph":[{"@type":"WebPage","@id":"https:\/\/grandelojams.org.br\/es\/lojas-ordem-e-progresso-paz-e-uniao-e-obreiros-de-rio-brilhante-realizam-sessoes-magnas-de-elevacao-e-exaltacao\/","url":"https:\/\/grandelojams.org.br\/es\/lojas-ordem-e-progresso-paz-e-uniao-e-obreiros-de-rio-brilhante-realizam-sessoes-magnas-de-elevacao-e-exaltacao\/","name":"LOJAS ORDEM E PROGRESSO, PAZ E UNI\u00c3O E OBREIROS DE RIO BRILHANTE REALIZAM SESS\u00d5ES MAGNAS DE ELEVA\u00c7\u00c3O E EXALTA\u00c7\u00c3O - GLEMS","isPartOf":{"@id":"https:\/\/grandelojams.org.br\/es\/#website"},"primaryImageOfPage":{"@id":"https:\/\/grandelojams.org.br\/es\/lojas-ordem-e-progresso-paz-e-uniao-e-obreiros-de-rio-brilhante-realizam-sessoes-magnas-de-elevacao-e-exaltacao\/#primaryimage"},"image":{"@id":"https:\/\/grandelojams.org.br\/es\/lojas-ordem-e-progresso-paz-e-uniao-e-obreiros-de-rio-brilhante-realizam-sessoes-magnas-de-elevacao-e-exaltacao\/#primaryimage"},"thumbnailUrl":"https:\/\/grandelojams.org.br\/es\/wp-content\/uploads\/2023\/06\/Iniciacao-S.G-do-Oeste-5-672x372-1.jpeg","datePublished":"2023-06-04T14:39:49+00:00","dateModified":"2025-06-20T19:40:34+00:00","author":{"@id":"https:\/\/grandelojams.org.br\/es\/#\/schema\/person\/5da1c0de136fe7cc6dea7d22b535752b"},"breadcrumb":{"@id":"https:\/\/grandelojams.org.br\/es\/lojas-ordem-e-progresso-paz-e-uniao-e-obreiros-de-rio-brilhante-realizam-sessoes-magnas-de-elevacao-e-exaltacao\/#breadcrumb"},"inLanguage":"pt-BR","potentialAction":[{"@type":"ReadAction","target":["https:\/\/grandelojams.org.br\/es\/lojas-ordem-e-progresso-paz-e-uniao-e-obreiros-de-rio-brilhante-realizam-sessoes-magnas-de-elevacao-e-exaltacao\/"]}]},{"@type":"ImageObject","inLanguage":"pt-BR","@id":"https:\/\/grandelojams.org.br\/es\/lojas-ordem-e-progresso-paz-e-uniao-e-obreiros-de-rio-brilhante-realizam-sessoes-magnas-de-elevacao-e-exaltacao\/#primaryimage","url":"https:\/\/grandelojams.org.br\/es\/wp-content\/uploads\/2023\/06\/Iniciacao-S.G-do-Oeste-5-672x372-1.jpeg","contentUrl":"https:\/\/grandelojams.org.br\/es\/wp-content\/uploads\/2023\/06\/Iniciacao-S.G-do-Oeste-5-672x372-1.jpeg","width":672,"height":372},{"@type":"BreadcrumbList","@id":"https:\/\/grandelojams.org.br\/es\/lojas-ordem-e-progresso-paz-e-uniao-e-obreiros-de-rio-brilhante-realizam-sessoes-magnas-de-elevacao-e-exaltacao\/#breadcrumb","itemListElement":[{"@type":"ListItem","position":1,"name":"In\u00edcio","item":"https:\/\/grandelojams.org.br\/es\/"},{"@type":"ListItem","position":2,"name":"LOJAS ORDEM E PROGRESSO, PAZ E UNI\u00c3O E OBREIROS DE RIO BRILHANTE REALIZAM SESS\u00d5ES MAGNAS DE ELEVA\u00c7\u00c3O E EXALTA\u00c7\u00c3O"}]},{"@type":"WebSite","@id":"https:\/\/grandelojams.org.br\/es\/#website","url":"https:\/\/grandelojams.org.br\/es\/","name":"GLEMS","description":"Grande Loja Ma\u00e7\u00f4nica do Mato Grosso do Sul","potentialAction":[{"@type":"SearchAction","target":{"@type":"EntryPoint","urlTemplate":"https:\/\/grandelojams.org.br\/es\/?s={search_term_string}"},"query-input":{"@type":"PropertyValueSpecification","valueRequired":true,"valueName":"search_term_string"}}],"inLanguage":"pt-BR"},{"@type":"Person","@id":"https:\/\/grandelojams.org.br\/es\/#\/schema\/person\/5da1c0de136fe7cc6dea7d22b535752b","name":"admin","image":{"@type":"ImageObject","inLanguage":"pt-BR","@id":"https:\/\/grandelojams.org.br\/es\/#\/schema\/person\/image\/","url":"https:\/\/secure.gravatar.com\/avatar\/786137a0e890f9b53660f24bf8ec01ff8c644974de881f5aedc68bd0708ea113?s=96&d=mm&r=g","contentUrl":"https:\/\/secure.gravatar.com\/avatar\/786137a0e890f9b53660f24bf8ec01ff8c644974de881f5aedc68bd0708ea113?s=96&d=mm&r=g","caption":"admin"},"sameAs":["https:\/\/mondayde.com.br\/clientes\/template1"],"url":"https:\/\/grandelojams.org.br\/es\/author\/admin\/"}]}},"_links":{"self":[{"href":"https:\/\/grandelojams.org.br\/es\/wp-json\/wp\/v2\/posts\/3771","targetHints":{"allow":["GET"]}}],"collection":[{"href":"https:\/\/grandelojams.org.br\/es\/wp-json\/wp\/v2\/posts"}],"about":[{"href":"https:\/\/grandelojams.org.br\/es\/wp-json\/wp\/v2\/types\/post"}],"author":[{"embeddable":true,"href":"https:\/\/grandelojams.org.br\/es\/wp-json\/wp\/v2\/users\/1"}],"replies":[{"embeddable":true,"href":"https:\/\/grandelojams.org.br\/es\/wp-json\/wp\/v2\/comments?post=3771"}],"version-history":[{"count":1,"href":"https:\/\/grandelojams.org.br\/es\/wp-json\/wp\/v2\/posts\/3771\/revisions"}],"predecessor-version":[{"id":9527,"href":"https:\/\/grandelojams.org.br\/es\/wp-json\/wp\/v2\/posts\/3771\/revisions\/9527"}],"wp:featuredmedia":[{"embeddable":true,"href":"https:\/\/grandelojams.org.br\/es\/wp-json\/wp\/v2\/media\/9526"}],"wp:attachment":[{"href":"https:\/\/grandelojams.org.br\/es\/wp-json\/wp\/v2\/media?parent=3771"}],"wp:term":[{"taxonomy":"category","embeddable":true,"href":"https:\/\/grandelojams.org.br\/es\/wp-json\/wp\/v2\/categories?post=3771"},{"taxonomy":"post_tag","embeddable":true,"href":"https:\/\/grandelojams.org.br\/es\/wp-json\/wp\/v2\/tags?post=3771"}],"curies":[{"name":"wp","href":"https:\/\/api.w.org\/{rel}","templated":true}]}}