{"id":3759,"date":"2023-06-02T09:42:45","date_gmt":"2023-06-02T12:42:45","guid":{"rendered":"https:\/\/grandelojams.org.br\/?p=3759"},"modified":"2025-06-20T16:40:50","modified_gmt":"2025-06-20T19:40:50","slug":"grao-mestre-cumpre-agenda-com-prefeito-para-tratar-de-encontro-de-negocios-em-corumba","status":"publish","type":"post","link":"https:\/\/grandelojams.org.br\/es\/grao-mestre-cumpre-agenda-com-prefeito-para-tratar-de-encontro-de-negocios-em-corumba\/","title":{"rendered":"GR\u00c3O-MESTRE CUMPRE AGENDA COM PREFEITO PARA TRATAR DE ENCONTRO DE NEG\u00d3CIOS EM CORUMB\u00c1"},"content":{"rendered":"<p>O Seren\u00edssimo Gr\u00e3o-mestre, ir\u2234 Ademar de Souza Freitas esteve reunido nesta quinta-feira, Dia 1 de junho, com o prefeito de Corumb\u00e1 Marcelo Iunes. No encontro foi discutida a realiza\u00e7\u00e3o do 1\u00b0 Encontro de Neg\u00f3cios da Fronteira Brasil\/Bol\u00edvia, que acontecer\u00e1 no munic\u00edpio no m\u00eas de setembro. O delegado distrital, da 13\u00aa regi\u00e3o da GLEMS, ir\u2234 Milton Carlos de Melo, e o ir\u2234 Manoel Ferreira, membro da Comiss\u00e3o de Rela\u00e7\u00f5es Exteriores tamb\u00e9m participaram da reuni\u00e3o juntamente com o secret\u00e1rio Municipal de Governo, Luiz Ant\u00f4nio Pardal.<\/p>\n<p>\u201cPara Corumb\u00e1 \u00e9 muito importante a realiza\u00e7\u00e3o desse Encontro. \u00c9 uma iniciativa que fomenta o turismo, movimenta nossa cidade e gera empregos e oportunidades no munic\u00edpio. Agrade\u00e7o a Grande Loja por ter escolhido Corumb\u00e1 para sediar um evento t\u00e3o importante. Estamos \u00e0 disposi\u00e7\u00e3o para auxiliar no que estiver ao nosso alcance\u201d, ressaltou Marcelo Iunes.<\/p>\n<p>O Gr\u00e3o-mestre explicou que o Encontro de Neg\u00f3cios pretende proporcionar a integra\u00e7\u00e3o da classe empresarial nessa faixa de fronteira. Criando boas oportunidades para empreendedores de ambos os pa\u00edses. O foco \u00e9 destacar o potencial tur\u00edstico da regi\u00e3o, criar novas rela\u00e7\u00f5es comerciais e \u00a0oportunidades de neg\u00f3cios.<\/p>\n<p>\u201cN\u00e3o \u00e9 um evento ma\u00e7\u00f4nico, mas um evento organizado pela Ma\u00e7onaria e aberto \u00e0 toda classe empresarial do Brasil e da Bol\u00edvia. Ser\u00e1 uma vitrine de projetos, produtos e servi\u00e7os. Um espa\u00e7o para debatermos o desenvolvimento da regi\u00e3o como um todo. J\u00e1 contamos com o apoio do Sebrae, Fecom\u00e9rcio MS, do Governo do Estado e agora estamos recebendo o apoio do prefeito Marcelo Iunes, o que \u00e9 para n\u00f3s uma grande satisfa\u00e7\u00e3o\u201d, declarou ir\u2234 Ademar.<\/p>\n<p>O Encontro de Neg\u00f3cios da Fronteira Brasil\/Bol\u00edvia acontece nos dias 08 e 09 de setembro, em Corumb\u00e1 e em Ponta Por\u00e3 o Encontro de Neg\u00f3cios da Fronteira Brasil\/Paraguai ser\u00e1 realizado nos dias 14,15 e 16 de setembro.<\/p>\n<p style=\"text-align: center;\">\n<p style=\"text-align: center;\"><img decoding=\"async\" class=\"alignnone size-medium wp-image-3763\" src=\"https:\/\/grandelojams.org.br\/wp-content\/uploads\/2023\/06\/Corumba-300x162.jpg\" alt=\"\" width=\"300\" height=\"162\" \/><\/p>\n","protected":false},"excerpt":{"rendered":"<p>O Seren\u00edssimo Gr\u00e3o-mestre, ir\u2234 Ademar de Souza Freitas esteve reunido nesta quinta-feira, Dia 1 de junho, com o prefeito de Corumb\u00e1 Marcelo Iunes. No encontro foi discutida a realiza\u00e7\u00e3o do 1\u00b0 Encontro de Neg\u00f3cios da Fronteira Brasil\/Bol\u00edvia, que acontecer\u00e1 no munic\u00edpio no m\u00eas de setembro. O delegado distrital, da 13\u00aa regi\u00e3o da GLEMS, ir\u2234 Milton [&hellip;]<\/p>\n","protected":false},"author":1,"featured_media":9525,"comment_status":"open","ping_status":"open","sticky":false,"template":"","format":"standard","meta":{"footnotes":""},"categories":[55],"tags":[74,75,85,61,86,65,87],"class_list":["post-3759","post","type-post","status-publish","format-standard","has-post-thumbnail","hentry","category-palavra-do-s-g-m","tag-corumba","tag-encontro-de-negocios","tag-fronteira-brasil-bolivia","tag-glems","tag-governo-do-estado-ms","tag-ms","tag-prefeito-marcelo-iunes"],"yoast_head":"<!-- This site is optimized with the Yoast SEO plugin v26.3 - https:\/\/yoast.com\/wordpress\/plugins\/seo\/ -->\n<title>GR\u00c3O-MESTRE CUMPRE AGENDA COM PREFEITO PARA TRATAR DE ENCONTRO DE NEG\u00d3CIOS EM CORUMB\u00c1 - GLEMS<\/title>\n<meta name=\"robots\" content=\"index, follow, max-snippet:-1, max-image-preview:large, max-video-preview:-1\" \/>\n<link rel=\"canonical\" href=\"https:\/\/grandelojams.org.br\/es\/grao-mestre-cumpre-agenda-com-prefeito-para-tratar-de-encontro-de-negocios-em-corumba\/\" \/>\n<meta property=\"og:locale\" content=\"pt_BR\" \/>\n<meta property=\"og:type\" content=\"article\" \/>\n<meta property=\"og:title\" content=\"GR\u00c3O-MESTRE CUMPRE AGENDA COM PREFEITO PARA TRATAR DE ENCONTRO DE NEG\u00d3CIOS EM CORUMB\u00c1 - GLEMS\" \/>\n<meta property=\"og:description\" content=\"O Seren\u00edssimo Gr\u00e3o-mestre, ir\u2234 Ademar de Souza Freitas esteve reunido nesta quinta-feira, Dia 1 de junho, com o prefeito de Corumb\u00e1 Marcelo Iunes. No encontro foi discutida a realiza\u00e7\u00e3o do 1\u00b0 Encontro de Neg\u00f3cios da Fronteira Brasil\/Bol\u00edvia, que acontecer\u00e1 no munic\u00edpio no m\u00eas de setembro. O delegado distrital, da 13\u00aa regi\u00e3o da GLEMS, ir\u2234 Milton [&hellip;]\" \/>\n<meta property=\"og:url\" content=\"https:\/\/grandelojams.org.br\/es\/grao-mestre-cumpre-agenda-com-prefeito-para-tratar-de-encontro-de-negocios-em-corumba\/\" \/>\n<meta property=\"og:site_name\" content=\"GLEMS\" \/>\n<meta property=\"article:published_time\" content=\"2023-06-02T12:42:45+00:00\" \/>\n<meta property=\"article:modified_time\" content=\"2025-06-20T19:40:50+00:00\" \/>\n<meta property=\"og:image\" content=\"https:\/\/grandelojams.org.br\/es\/wp-content\/uploads\/2023\/06\/Destaque-Lojas-ok-500x372-1.png\" \/>\n\t<meta property=\"og:image:width\" content=\"500\" \/>\n\t<meta property=\"og:image:height\" content=\"372\" \/>\n\t<meta property=\"og:image:type\" content=\"image\/png\" \/>\n<meta name=\"author\" content=\"admin\" \/>\n<meta name=\"twitter:card\" content=\"summary_large_image\" \/>\n<meta name=\"twitter:label1\" content=\"Escrito por\" \/>\n\t<meta name=\"twitter:data1\" content=\"admin\" \/>\n\t<meta name=\"twitter:label2\" content=\"Est. tempo de leitura\" \/>\n\t<meta name=\"twitter:data2\" content=\"2 minutos\" \/>\n<script type=\"application\/ld+json\" class=\"yoast-schema-graph\">{\"@context\":\"https:\/\/schema.org\",\"@graph\":[{\"@type\":\"WebPage\",\"@id\":\"https:\/\/grandelojams.org.br\/es\/grao-mestre-cumpre-agenda-com-prefeito-para-tratar-de-encontro-de-negocios-em-corumba\/\",\"url\":\"https:\/\/grandelojams.org.br\/es\/grao-mestre-cumpre-agenda-com-prefeito-para-tratar-de-encontro-de-negocios-em-corumba\/\",\"name\":\"GR\u00c3O-MESTRE CUMPRE AGENDA COM PREFEITO PARA TRATAR DE ENCONTRO DE NEG\u00d3CIOS EM CORUMB\u00c1 - GLEMS\",\"isPartOf\":{\"@id\":\"https:\/\/grandelojams.org.br\/es\/#website\"},\"primaryImageOfPage\":{\"@id\":\"https:\/\/grandelojams.org.br\/es\/grao-mestre-cumpre-agenda-com-prefeito-para-tratar-de-encontro-de-negocios-em-corumba\/#primaryimage\"},\"image\":{\"@id\":\"https:\/\/grandelojams.org.br\/es\/grao-mestre-cumpre-agenda-com-prefeito-para-tratar-de-encontro-de-negocios-em-corumba\/#primaryimage\"},\"thumbnailUrl\":\"https:\/\/grandelojams.org.br\/es\/wp-content\/uploads\/2023\/06\/Destaque-Lojas-ok-500x372-1.png\",\"datePublished\":\"2023-06-02T12:42:45+00:00\",\"dateModified\":\"2025-06-20T19:40:50+00:00\",\"author\":{\"@id\":\"https:\/\/grandelojams.org.br\/es\/#\/schema\/person\/5da1c0de136fe7cc6dea7d22b535752b\"},\"breadcrumb\":{\"@id\":\"https:\/\/grandelojams.org.br\/es\/grao-mestre-cumpre-agenda-com-prefeito-para-tratar-de-encontro-de-negocios-em-corumba\/#breadcrumb\"},\"inLanguage\":\"pt-BR\",\"potentialAction\":[{\"@type\":\"ReadAction\",\"target\":[\"https:\/\/grandelojams.org.br\/es\/grao-mestre-cumpre-agenda-com-prefeito-para-tratar-de-encontro-de-negocios-em-corumba\/\"]}]},{\"@type\":\"ImageObject\",\"inLanguage\":\"pt-BR\",\"@id\":\"https:\/\/grandelojams.org.br\/es\/grao-mestre-cumpre-agenda-com-prefeito-para-tratar-de-encontro-de-negocios-em-corumba\/#primaryimage\",\"url\":\"https:\/\/grandelojams.org.br\/es\/wp-content\/uploads\/2023\/06\/Destaque-Lojas-ok-500x372-1.png\",\"contentUrl\":\"https:\/\/grandelojams.org.br\/es\/wp-content\/uploads\/2023\/06\/Destaque-Lojas-ok-500x372-1.png\",\"width\":500,\"height\":372},{\"@type\":\"BreadcrumbList\",\"@id\":\"https:\/\/grandelojams.org.br\/es\/grao-mestre-cumpre-agenda-com-prefeito-para-tratar-de-encontro-de-negocios-em-corumba\/#breadcrumb\",\"itemListElement\":[{\"@type\":\"ListItem\",\"position\":1,\"name\":\"In\u00edcio\",\"item\":\"https:\/\/grandelojams.org.br\/es\/\"},{\"@type\":\"ListItem\",\"position\":2,\"name\":\"GR\u00c3O-MESTRE CUMPRE AGENDA COM PREFEITO PARA TRATAR DE ENCONTRO DE NEG\u00d3CIOS EM CORUMB\u00c1\"}]},{\"@type\":\"WebSite\",\"@id\":\"https:\/\/grandelojams.org.br\/es\/#website\",\"url\":\"https:\/\/grandelojams.org.br\/es\/\",\"name\":\"GLEMS\",\"description\":\"Grande Loja Ma\u00e7\u00f4nica do Mato Grosso do Sul\",\"potentialAction\":[{\"@type\":\"SearchAction\",\"target\":{\"@type\":\"EntryPoint\",\"urlTemplate\":\"https:\/\/grandelojams.org.br\/es\/?s={search_term_string}\"},\"query-input\":{\"@type\":\"PropertyValueSpecification\",\"valueRequired\":true,\"valueName\":\"search_term_string\"}}],\"inLanguage\":\"pt-BR\"},{\"@type\":\"Person\",\"@id\":\"https:\/\/grandelojams.org.br\/es\/#\/schema\/person\/5da1c0de136fe7cc6dea7d22b535752b\",\"name\":\"admin\",\"image\":{\"@type\":\"ImageObject\",\"inLanguage\":\"pt-BR\",\"@id\":\"https:\/\/grandelojams.org.br\/es\/#\/schema\/person\/image\/\",\"url\":\"https:\/\/secure.gravatar.com\/avatar\/786137a0e890f9b53660f24bf8ec01ff8c644974de881f5aedc68bd0708ea113?s=96&d=mm&r=g\",\"contentUrl\":\"https:\/\/secure.gravatar.com\/avatar\/786137a0e890f9b53660f24bf8ec01ff8c644974de881f5aedc68bd0708ea113?s=96&d=mm&r=g\",\"caption\":\"admin\"},\"sameAs\":[\"https:\/\/mondayde.com.br\/clientes\/template1\"],\"url\":\"https:\/\/grandelojams.org.br\/es\/author\/admin\/\"}]}<\/script>\n<!-- \/ Yoast SEO plugin. -->","yoast_head_json":{"title":"GR\u00c3O-MESTRE CUMPRE AGENDA COM PREFEITO PARA TRATAR DE ENCONTRO DE NEG\u00d3CIOS EM CORUMB\u00c1 - GLEMS","robots":{"index":"index","follow":"follow","max-snippet":"max-snippet:-1","max-image-preview":"max-image-preview:large","max-video-preview":"max-video-preview:-1"},"canonical":"https:\/\/grandelojams.org.br\/es\/grao-mestre-cumpre-agenda-com-prefeito-para-tratar-de-encontro-de-negocios-em-corumba\/","og_locale":"pt_BR","og_type":"article","og_title":"GR\u00c3O-MESTRE CUMPRE AGENDA COM PREFEITO PARA TRATAR DE ENCONTRO DE NEG\u00d3CIOS EM CORUMB\u00c1 - GLEMS","og_description":"O Seren\u00edssimo Gr\u00e3o-mestre, ir\u2234 Ademar de Souza Freitas esteve reunido nesta quinta-feira, Dia 1 de junho, com o prefeito de Corumb\u00e1 Marcelo Iunes. No encontro foi discutida a realiza\u00e7\u00e3o do 1\u00b0 Encontro de Neg\u00f3cios da Fronteira Brasil\/Bol\u00edvia, que acontecer\u00e1 no munic\u00edpio no m\u00eas de setembro. O delegado distrital, da 13\u00aa regi\u00e3o da GLEMS, ir\u2234 Milton [&hellip;]","og_url":"https:\/\/grandelojams.org.br\/es\/grao-mestre-cumpre-agenda-com-prefeito-para-tratar-de-encontro-de-negocios-em-corumba\/","og_site_name":"GLEMS","article_published_time":"2023-06-02T12:42:45+00:00","article_modified_time":"2025-06-20T19:40:50+00:00","og_image":[{"width":500,"height":372,"url":"https:\/\/grandelojams.org.br\/es\/wp-content\/uploads\/2023\/06\/Destaque-Lojas-ok-500x372-1.png","type":"image\/png"}],"author":"admin","twitter_card":"summary_large_image","twitter_misc":{"Escrito por":"admin","Est. tempo de leitura":"2 minutos"},"schema":{"@context":"https:\/\/schema.org","@graph":[{"@type":"WebPage","@id":"https:\/\/grandelojams.org.br\/es\/grao-mestre-cumpre-agenda-com-prefeito-para-tratar-de-encontro-de-negocios-em-corumba\/","url":"https:\/\/grandelojams.org.br\/es\/grao-mestre-cumpre-agenda-com-prefeito-para-tratar-de-encontro-de-negocios-em-corumba\/","name":"GR\u00c3O-MESTRE CUMPRE AGENDA COM PREFEITO PARA TRATAR DE ENCONTRO DE NEG\u00d3CIOS EM CORUMB\u00c1 - GLEMS","isPartOf":{"@id":"https:\/\/grandelojams.org.br\/es\/#website"},"primaryImageOfPage":{"@id":"https:\/\/grandelojams.org.br\/es\/grao-mestre-cumpre-agenda-com-prefeito-para-tratar-de-encontro-de-negocios-em-corumba\/#primaryimage"},"image":{"@id":"https:\/\/grandelojams.org.br\/es\/grao-mestre-cumpre-agenda-com-prefeito-para-tratar-de-encontro-de-negocios-em-corumba\/#primaryimage"},"thumbnailUrl":"https:\/\/grandelojams.org.br\/es\/wp-content\/uploads\/2023\/06\/Destaque-Lojas-ok-500x372-1.png","datePublished":"2023-06-02T12:42:45+00:00","dateModified":"2025-06-20T19:40:50+00:00","author":{"@id":"https:\/\/grandelojams.org.br\/es\/#\/schema\/person\/5da1c0de136fe7cc6dea7d22b535752b"},"breadcrumb":{"@id":"https:\/\/grandelojams.org.br\/es\/grao-mestre-cumpre-agenda-com-prefeito-para-tratar-de-encontro-de-negocios-em-corumba\/#breadcrumb"},"inLanguage":"pt-BR","potentialAction":[{"@type":"ReadAction","target":["https:\/\/grandelojams.org.br\/es\/grao-mestre-cumpre-agenda-com-prefeito-para-tratar-de-encontro-de-negocios-em-corumba\/"]}]},{"@type":"ImageObject","inLanguage":"pt-BR","@id":"https:\/\/grandelojams.org.br\/es\/grao-mestre-cumpre-agenda-com-prefeito-para-tratar-de-encontro-de-negocios-em-corumba\/#primaryimage","url":"https:\/\/grandelojams.org.br\/es\/wp-content\/uploads\/2023\/06\/Destaque-Lojas-ok-500x372-1.png","contentUrl":"https:\/\/grandelojams.org.br\/es\/wp-content\/uploads\/2023\/06\/Destaque-Lojas-ok-500x372-1.png","width":500,"height":372},{"@type":"BreadcrumbList","@id":"https:\/\/grandelojams.org.br\/es\/grao-mestre-cumpre-agenda-com-prefeito-para-tratar-de-encontro-de-negocios-em-corumba\/#breadcrumb","itemListElement":[{"@type":"ListItem","position":1,"name":"In\u00edcio","item":"https:\/\/grandelojams.org.br\/es\/"},{"@type":"ListItem","position":2,"name":"GR\u00c3O-MESTRE CUMPRE AGENDA COM PREFEITO PARA TRATAR DE ENCONTRO DE NEG\u00d3CIOS EM CORUMB\u00c1"}]},{"@type":"WebSite","@id":"https:\/\/grandelojams.org.br\/es\/#website","url":"https:\/\/grandelojams.org.br\/es\/","name":"GLEMS","description":"Grande Loja Ma\u00e7\u00f4nica do Mato Grosso do Sul","potentialAction":[{"@type":"SearchAction","target":{"@type":"EntryPoint","urlTemplate":"https:\/\/grandelojams.org.br\/es\/?s={search_term_string}"},"query-input":{"@type":"PropertyValueSpecification","valueRequired":true,"valueName":"search_term_string"}}],"inLanguage":"pt-BR"},{"@type":"Person","@id":"https:\/\/grandelojams.org.br\/es\/#\/schema\/person\/5da1c0de136fe7cc6dea7d22b535752b","name":"admin","image":{"@type":"ImageObject","inLanguage":"pt-BR","@id":"https:\/\/grandelojams.org.br\/es\/#\/schema\/person\/image\/","url":"https:\/\/secure.gravatar.com\/avatar\/786137a0e890f9b53660f24bf8ec01ff8c644974de881f5aedc68bd0708ea113?s=96&d=mm&r=g","contentUrl":"https:\/\/secure.gravatar.com\/avatar\/786137a0e890f9b53660f24bf8ec01ff8c644974de881f5aedc68bd0708ea113?s=96&d=mm&r=g","caption":"admin"},"sameAs":["https:\/\/mondayde.com.br\/clientes\/template1"],"url":"https:\/\/grandelojams.org.br\/es\/author\/admin\/"}]}},"_links":{"self":[{"href":"https:\/\/grandelojams.org.br\/es\/wp-json\/wp\/v2\/posts\/3759","targetHints":{"allow":["GET"]}}],"collection":[{"href":"https:\/\/grandelojams.org.br\/es\/wp-json\/wp\/v2\/posts"}],"about":[{"href":"https:\/\/grandelojams.org.br\/es\/wp-json\/wp\/v2\/types\/post"}],"author":[{"embeddable":true,"href":"https:\/\/grandelojams.org.br\/es\/wp-json\/wp\/v2\/users\/1"}],"replies":[{"embeddable":true,"href":"https:\/\/grandelojams.org.br\/es\/wp-json\/wp\/v2\/comments?post=3759"}],"version-history":[{"count":1,"href":"https:\/\/grandelojams.org.br\/es\/wp-json\/wp\/v2\/posts\/3759\/revisions"}],"predecessor-version":[{"id":9528,"href":"https:\/\/grandelojams.org.br\/es\/wp-json\/wp\/v2\/posts\/3759\/revisions\/9528"}],"wp:featuredmedia":[{"embeddable":true,"href":"https:\/\/grandelojams.org.br\/es\/wp-json\/wp\/v2\/media\/9525"}],"wp:attachment":[{"href":"https:\/\/grandelojams.org.br\/es\/wp-json\/wp\/v2\/media?parent=3759"}],"wp:term":[{"taxonomy":"category","embeddable":true,"href":"https:\/\/grandelojams.org.br\/es\/wp-json\/wp\/v2\/categories?post=3759"},{"taxonomy":"post_tag","embeddable":true,"href":"https:\/\/grandelojams.org.br\/es\/wp-json\/wp\/v2\/tags?post=3759"}],"curies":[{"name":"wp","href":"https:\/\/api.w.org\/{rel}","templated":true}]}}