{"id":3754,"date":"2023-06-01T13:22:28","date_gmt":"2023-06-01T16:22:28","guid":{"rendered":"https:\/\/grandelojams.org.br\/?p=3754"},"modified":"2025-06-20T16:40:55","modified_gmt":"2025-06-20T19:40:55","slug":"comeca-a-copa-estadual-maconica-de-futebol-7-da-glems","status":"publish","type":"post","link":"https:\/\/grandelojams.org.br\/es\/comeca-a-copa-estadual-maconica-de-futebol-7-da-glems\/","title":{"rendered":"COME\u00c7A A COPA ESTADUAL MA\u00c7\u00d4NICA DE FUTEBOL 7 DA GLEMS"},"content":{"rendered":"<p>Come\u00e7ou a Copa Estadual Ma\u00e7\u00f4nica de Futebol 7, da Grande Loja do Estado de Mato Grosso do Sul. O Delegado Geral da GLEMS, ir\u2234 Ruy C\u00e9sar Barbosa esteve na cerim\u00f4nia de abertura representando o Seren\u00edssimo Gr\u00e3o-mestre, ir\u2234 Ademar de Souza Freitas.<\/p>\n<p>Ele ressaltou que uma das preocupa\u00e7\u00f5es da atual gest\u00e3o, da Grande Loja \u00e9 incentivar a pr\u00e1tica de esportes e de atividades f\u00edsicas entre os irm\u00e3os como forma de combater o sedentarismo e prevenir uma s\u00e9rie de doen\u00e7as, al\u00e9m de promover a confraterniza\u00e7\u00e3o e a aproxima\u00e7\u00e3o das lojas.<\/p>\n<p>\u201cA pandemia atrapalhou muito o relacionamento entre os irm\u00e3os. Deixamos de realizar v\u00e1rias atividades, como a Copa Ma\u00e7\u00f4nica. Geralmente nos encontramos em eventos e sess\u00f5es das lojas e o futebol oferece a oportunidade de nos reunirmos de uma forma mais descontra\u00edda. Apesar da chuva, come\u00e7amos com o p\u00e9 direito. As equipes compareceram em peso e conclu\u00edmos a primeira rodada do campeonato\u201d, ressaltou o Delegado Geral.<\/p>\n<p>Na abertura ocorreram tr\u00eas jogos da Chave Sede Campo Grande com duas goleadas hist\u00f3ricas. Uma delas aplicada pela Loja Nova Era que ganhou da Loja Raul Sans de Matos, por 16 x 03 e a outra pela Loja Ac\u00e1cia do Sul (Goms) que ganhou de 17 a 02 da Loja Oriente Maracaju.<\/p>\n<p>Os irm\u00e3os Leonardo e Walter, ambos da Loja Ac\u00e1cia do Sul, assumiram a artilharia da competi\u00e7\u00e3o, cada um com oito gols. Em terceiro aparece o irm\u00e3o Luciano, da Loja Nova Era, que balan\u00e7ou as redes por seis vezes.<\/p>\n<p>No pr\u00f3ximo domingo, dia 04 de junho, acontece a segunda rodada da chave Sede Campo Grande. Os jogos acontecer\u00e3o no espa\u00e7o do CEDESC, da FUNLEC. J\u00e1 no interior os jogos da primeira rodada acontecer\u00e3o no in\u00edcio do m\u00eas de julho.<\/p>\n<p>A semifinal e a final da Copa Ma\u00e7\u00f4nica da GLEMS, est\u00e1 prevista para acontecer nos dias 19 e 20 de agosto, no munic\u00edpio de Bonito.<\/p>\n<p style=\"text-align: center;\"><img fetchpriority=\"high\" decoding=\"async\" class=\"alignnone size-medium wp-image-3755\" src=\"https:\/\/grandelojams.org.br\/wp-content\/uploads\/2023\/06\/Copa-Maconica-RUY-2-300x225.jpeg\" alt=\"\" width=\"300\" height=\"225\" \/><\/p>\n","protected":false},"excerpt":{"rendered":"<p>Come\u00e7ou a Copa Estadual Ma\u00e7\u00f4nica de Futebol 7, da Grande Loja do Estado de Mato Grosso do Sul. O Delegado Geral da GLEMS, ir\u2234 Ruy C\u00e9sar Barbosa esteve na cerim\u00f4nia de abertura representando o Seren\u00edssimo Gr\u00e3o-mestre, ir\u2234 Ademar de Souza Freitas. Ele ressaltou que uma das preocupa\u00e7\u00f5es da atual gest\u00e3o, da Grande Loja \u00e9 incentivar [&hellip;]<\/p>\n","protected":false},"author":1,"featured_media":9524,"comment_status":"open","ping_status":"open","sticky":false,"template":"","format":"standard","meta":{"footnotes":""},"categories":[56],"tags":[81,82,83,84,61,64],"class_list":["post-3754","post","type-post","status-publish","format-standard","has-post-thumbnail","hentry","category-noticias","tag-cedesc","tag-copa-maconica","tag-funlec","tag-futebol-7","tag-glems","tag-grande-loja-ms"],"yoast_head":"<!-- This site is optimized with the Yoast SEO plugin v26.3 - https:\/\/yoast.com\/wordpress\/plugins\/seo\/ -->\n<title>COME\u00c7A A COPA ESTADUAL MA\u00c7\u00d4NICA DE FUTEBOL 7 DA GLEMS - GLEMS<\/title>\n<meta name=\"robots\" content=\"index, follow, max-snippet:-1, max-image-preview:large, max-video-preview:-1\" \/>\n<link rel=\"canonical\" href=\"https:\/\/grandelojams.org.br\/es\/comeca-a-copa-estadual-maconica-de-futebol-7-da-glems\/\" \/>\n<meta property=\"og:locale\" content=\"pt_BR\" \/>\n<meta property=\"og:type\" content=\"article\" \/>\n<meta property=\"og:title\" content=\"COME\u00c7A A COPA ESTADUAL MA\u00c7\u00d4NICA DE FUTEBOL 7 DA GLEMS - GLEMS\" \/>\n<meta property=\"og:description\" content=\"Come\u00e7ou a Copa Estadual Ma\u00e7\u00f4nica de Futebol 7, da Grande Loja do Estado de Mato Grosso do Sul. O Delegado Geral da GLEMS, ir\u2234 Ruy C\u00e9sar Barbosa esteve na cerim\u00f4nia de abertura representando o Seren\u00edssimo Gr\u00e3o-mestre, ir\u2234 Ademar de Souza Freitas. Ele ressaltou que uma das preocupa\u00e7\u00f5es da atual gest\u00e3o, da Grande Loja \u00e9 incentivar [&hellip;]\" \/>\n<meta property=\"og:url\" content=\"https:\/\/grandelojams.org.br\/es\/comeca-a-copa-estadual-maconica-de-futebol-7-da-glems\/\" \/>\n<meta property=\"og:site_name\" content=\"GLEMS\" \/>\n<meta property=\"article:published_time\" content=\"2023-06-01T16:22:28+00:00\" \/>\n<meta property=\"article:modified_time\" content=\"2025-06-20T19:40:55+00:00\" \/>\n<meta property=\"og:image\" content=\"https:\/\/grandelojams.org.br\/es\/wp-content\/uploads\/2023\/06\/Corumba-3b-570x372-1.jpg\" \/>\n\t<meta property=\"og:image:width\" content=\"570\" \/>\n\t<meta property=\"og:image:height\" content=\"372\" \/>\n\t<meta property=\"og:image:type\" content=\"image\/jpeg\" \/>\n<meta name=\"author\" content=\"admin\" \/>\n<meta name=\"twitter:card\" content=\"summary_large_image\" \/>\n<meta name=\"twitter:label1\" content=\"Escrito por\" \/>\n\t<meta name=\"twitter:data1\" content=\"admin\" \/>\n\t<meta name=\"twitter:label2\" content=\"Est. tempo de leitura\" \/>\n\t<meta name=\"twitter:data2\" content=\"2 minutos\" \/>\n<script type=\"application\/ld+json\" class=\"yoast-schema-graph\">{\"@context\":\"https:\/\/schema.org\",\"@graph\":[{\"@type\":\"WebPage\",\"@id\":\"https:\/\/grandelojams.org.br\/es\/comeca-a-copa-estadual-maconica-de-futebol-7-da-glems\/\",\"url\":\"https:\/\/grandelojams.org.br\/es\/comeca-a-copa-estadual-maconica-de-futebol-7-da-glems\/\",\"name\":\"COME\u00c7A A COPA ESTADUAL MA\u00c7\u00d4NICA DE FUTEBOL 7 DA GLEMS - GLEMS\",\"isPartOf\":{\"@id\":\"https:\/\/grandelojams.org.br\/es\/#website\"},\"primaryImageOfPage\":{\"@id\":\"https:\/\/grandelojams.org.br\/es\/comeca-a-copa-estadual-maconica-de-futebol-7-da-glems\/#primaryimage\"},\"image\":{\"@id\":\"https:\/\/grandelojams.org.br\/es\/comeca-a-copa-estadual-maconica-de-futebol-7-da-glems\/#primaryimage\"},\"thumbnailUrl\":\"https:\/\/grandelojams.org.br\/es\/wp-content\/uploads\/2023\/06\/Corumba-3b-570x372-1.jpg\",\"datePublished\":\"2023-06-01T16:22:28+00:00\",\"dateModified\":\"2025-06-20T19:40:55+00:00\",\"author\":{\"@id\":\"https:\/\/grandelojams.org.br\/es\/#\/schema\/person\/5da1c0de136fe7cc6dea7d22b535752b\"},\"breadcrumb\":{\"@id\":\"https:\/\/grandelojams.org.br\/es\/comeca-a-copa-estadual-maconica-de-futebol-7-da-glems\/#breadcrumb\"},\"inLanguage\":\"pt-BR\",\"potentialAction\":[{\"@type\":\"ReadAction\",\"target\":[\"https:\/\/grandelojams.org.br\/es\/comeca-a-copa-estadual-maconica-de-futebol-7-da-glems\/\"]}]},{\"@type\":\"ImageObject\",\"inLanguage\":\"pt-BR\",\"@id\":\"https:\/\/grandelojams.org.br\/es\/comeca-a-copa-estadual-maconica-de-futebol-7-da-glems\/#primaryimage\",\"url\":\"https:\/\/grandelojams.org.br\/es\/wp-content\/uploads\/2023\/06\/Corumba-3b-570x372-1.jpg\",\"contentUrl\":\"https:\/\/grandelojams.org.br\/es\/wp-content\/uploads\/2023\/06\/Corumba-3b-570x372-1.jpg\",\"width\":570,\"height\":372},{\"@type\":\"BreadcrumbList\",\"@id\":\"https:\/\/grandelojams.org.br\/es\/comeca-a-copa-estadual-maconica-de-futebol-7-da-glems\/#breadcrumb\",\"itemListElement\":[{\"@type\":\"ListItem\",\"position\":1,\"name\":\"In\u00edcio\",\"item\":\"https:\/\/grandelojams.org.br\/es\/\"},{\"@type\":\"ListItem\",\"position\":2,\"name\":\"COME\u00c7A A COPA ESTADUAL MA\u00c7\u00d4NICA DE FUTEBOL 7 DA GLEMS\"}]},{\"@type\":\"WebSite\",\"@id\":\"https:\/\/grandelojams.org.br\/es\/#website\",\"url\":\"https:\/\/grandelojams.org.br\/es\/\",\"name\":\"GLEMS\",\"description\":\"Grande Loja Ma\u00e7\u00f4nica do Mato Grosso do Sul\",\"potentialAction\":[{\"@type\":\"SearchAction\",\"target\":{\"@type\":\"EntryPoint\",\"urlTemplate\":\"https:\/\/grandelojams.org.br\/es\/?s={search_term_string}\"},\"query-input\":{\"@type\":\"PropertyValueSpecification\",\"valueRequired\":true,\"valueName\":\"search_term_string\"}}],\"inLanguage\":\"pt-BR\"},{\"@type\":\"Person\",\"@id\":\"https:\/\/grandelojams.org.br\/es\/#\/schema\/person\/5da1c0de136fe7cc6dea7d22b535752b\",\"name\":\"admin\",\"image\":{\"@type\":\"ImageObject\",\"inLanguage\":\"pt-BR\",\"@id\":\"https:\/\/grandelojams.org.br\/es\/#\/schema\/person\/image\/\",\"url\":\"https:\/\/secure.gravatar.com\/avatar\/786137a0e890f9b53660f24bf8ec01ff8c644974de881f5aedc68bd0708ea113?s=96&d=mm&r=g\",\"contentUrl\":\"https:\/\/secure.gravatar.com\/avatar\/786137a0e890f9b53660f24bf8ec01ff8c644974de881f5aedc68bd0708ea113?s=96&d=mm&r=g\",\"caption\":\"admin\"},\"sameAs\":[\"https:\/\/mondayde.com.br\/clientes\/template1\"],\"url\":\"https:\/\/grandelojams.org.br\/es\/author\/admin\/\"}]}<\/script>\n<!-- \/ Yoast SEO plugin. -->","yoast_head_json":{"title":"COME\u00c7A A COPA ESTADUAL MA\u00c7\u00d4NICA DE FUTEBOL 7 DA GLEMS - GLEMS","robots":{"index":"index","follow":"follow","max-snippet":"max-snippet:-1","max-image-preview":"max-image-preview:large","max-video-preview":"max-video-preview:-1"},"canonical":"https:\/\/grandelojams.org.br\/es\/comeca-a-copa-estadual-maconica-de-futebol-7-da-glems\/","og_locale":"pt_BR","og_type":"article","og_title":"COME\u00c7A A COPA ESTADUAL MA\u00c7\u00d4NICA DE FUTEBOL 7 DA GLEMS - GLEMS","og_description":"Come\u00e7ou a Copa Estadual Ma\u00e7\u00f4nica de Futebol 7, da Grande Loja do Estado de Mato Grosso do Sul. O Delegado Geral da GLEMS, ir\u2234 Ruy C\u00e9sar Barbosa esteve na cerim\u00f4nia de abertura representando o Seren\u00edssimo Gr\u00e3o-mestre, ir\u2234 Ademar de Souza Freitas. Ele ressaltou que uma das preocupa\u00e7\u00f5es da atual gest\u00e3o, da Grande Loja \u00e9 incentivar [&hellip;]","og_url":"https:\/\/grandelojams.org.br\/es\/comeca-a-copa-estadual-maconica-de-futebol-7-da-glems\/","og_site_name":"GLEMS","article_published_time":"2023-06-01T16:22:28+00:00","article_modified_time":"2025-06-20T19:40:55+00:00","og_image":[{"width":570,"height":372,"url":"https:\/\/grandelojams.org.br\/es\/wp-content\/uploads\/2023\/06\/Corumba-3b-570x372-1.jpg","type":"image\/jpeg"}],"author":"admin","twitter_card":"summary_large_image","twitter_misc":{"Escrito por":"admin","Est. tempo de leitura":"2 minutos"},"schema":{"@context":"https:\/\/schema.org","@graph":[{"@type":"WebPage","@id":"https:\/\/grandelojams.org.br\/es\/comeca-a-copa-estadual-maconica-de-futebol-7-da-glems\/","url":"https:\/\/grandelojams.org.br\/es\/comeca-a-copa-estadual-maconica-de-futebol-7-da-glems\/","name":"COME\u00c7A A COPA ESTADUAL MA\u00c7\u00d4NICA DE FUTEBOL 7 DA GLEMS - GLEMS","isPartOf":{"@id":"https:\/\/grandelojams.org.br\/es\/#website"},"primaryImageOfPage":{"@id":"https:\/\/grandelojams.org.br\/es\/comeca-a-copa-estadual-maconica-de-futebol-7-da-glems\/#primaryimage"},"image":{"@id":"https:\/\/grandelojams.org.br\/es\/comeca-a-copa-estadual-maconica-de-futebol-7-da-glems\/#primaryimage"},"thumbnailUrl":"https:\/\/grandelojams.org.br\/es\/wp-content\/uploads\/2023\/06\/Corumba-3b-570x372-1.jpg","datePublished":"2023-06-01T16:22:28+00:00","dateModified":"2025-06-20T19:40:55+00:00","author":{"@id":"https:\/\/grandelojams.org.br\/es\/#\/schema\/person\/5da1c0de136fe7cc6dea7d22b535752b"},"breadcrumb":{"@id":"https:\/\/grandelojams.org.br\/es\/comeca-a-copa-estadual-maconica-de-futebol-7-da-glems\/#breadcrumb"},"inLanguage":"pt-BR","potentialAction":[{"@type":"ReadAction","target":["https:\/\/grandelojams.org.br\/es\/comeca-a-copa-estadual-maconica-de-futebol-7-da-glems\/"]}]},{"@type":"ImageObject","inLanguage":"pt-BR","@id":"https:\/\/grandelojams.org.br\/es\/comeca-a-copa-estadual-maconica-de-futebol-7-da-glems\/#primaryimage","url":"https:\/\/grandelojams.org.br\/es\/wp-content\/uploads\/2023\/06\/Corumba-3b-570x372-1.jpg","contentUrl":"https:\/\/grandelojams.org.br\/es\/wp-content\/uploads\/2023\/06\/Corumba-3b-570x372-1.jpg","width":570,"height":372},{"@type":"BreadcrumbList","@id":"https:\/\/grandelojams.org.br\/es\/comeca-a-copa-estadual-maconica-de-futebol-7-da-glems\/#breadcrumb","itemListElement":[{"@type":"ListItem","position":1,"name":"In\u00edcio","item":"https:\/\/grandelojams.org.br\/es\/"},{"@type":"ListItem","position":2,"name":"COME\u00c7A A COPA ESTADUAL MA\u00c7\u00d4NICA DE FUTEBOL 7 DA GLEMS"}]},{"@type":"WebSite","@id":"https:\/\/grandelojams.org.br\/es\/#website","url":"https:\/\/grandelojams.org.br\/es\/","name":"GLEMS","description":"Grande Loja Ma\u00e7\u00f4nica do Mato Grosso do Sul","potentialAction":[{"@type":"SearchAction","target":{"@type":"EntryPoint","urlTemplate":"https:\/\/grandelojams.org.br\/es\/?s={search_term_string}"},"query-input":{"@type":"PropertyValueSpecification","valueRequired":true,"valueName":"search_term_string"}}],"inLanguage":"pt-BR"},{"@type":"Person","@id":"https:\/\/grandelojams.org.br\/es\/#\/schema\/person\/5da1c0de136fe7cc6dea7d22b535752b","name":"admin","image":{"@type":"ImageObject","inLanguage":"pt-BR","@id":"https:\/\/grandelojams.org.br\/es\/#\/schema\/person\/image\/","url":"https:\/\/secure.gravatar.com\/avatar\/786137a0e890f9b53660f24bf8ec01ff8c644974de881f5aedc68bd0708ea113?s=96&d=mm&r=g","contentUrl":"https:\/\/secure.gravatar.com\/avatar\/786137a0e890f9b53660f24bf8ec01ff8c644974de881f5aedc68bd0708ea113?s=96&d=mm&r=g","caption":"admin"},"sameAs":["https:\/\/mondayde.com.br\/clientes\/template1"],"url":"https:\/\/grandelojams.org.br\/es\/author\/admin\/"}]}},"_links":{"self":[{"href":"https:\/\/grandelojams.org.br\/es\/wp-json\/wp\/v2\/posts\/3754","targetHints":{"allow":["GET"]}}],"collection":[{"href":"https:\/\/grandelojams.org.br\/es\/wp-json\/wp\/v2\/posts"}],"about":[{"href":"https:\/\/grandelojams.org.br\/es\/wp-json\/wp\/v2\/types\/post"}],"author":[{"embeddable":true,"href":"https:\/\/grandelojams.org.br\/es\/wp-json\/wp\/v2\/users\/1"}],"replies":[{"embeddable":true,"href":"https:\/\/grandelojams.org.br\/es\/wp-json\/wp\/v2\/comments?post=3754"}],"version-history":[{"count":1,"href":"https:\/\/grandelojams.org.br\/es\/wp-json\/wp\/v2\/posts\/3754\/revisions"}],"predecessor-version":[{"id":9529,"href":"https:\/\/grandelojams.org.br\/es\/wp-json\/wp\/v2\/posts\/3754\/revisions\/9529"}],"wp:featuredmedia":[{"embeddable":true,"href":"https:\/\/grandelojams.org.br\/es\/wp-json\/wp\/v2\/media\/9524"}],"wp:attachment":[{"href":"https:\/\/grandelojams.org.br\/es\/wp-json\/wp\/v2\/media?parent=3754"}],"wp:term":[{"taxonomy":"category","embeddable":true,"href":"https:\/\/grandelojams.org.br\/es\/wp-json\/wp\/v2\/categories?post=3754"},{"taxonomy":"post_tag","embeddable":true,"href":"https:\/\/grandelojams.org.br\/es\/wp-json\/wp\/v2\/tags?post=3754"}],"curies":[{"name":"wp","href":"https:\/\/api.w.org\/{rel}","templated":true}]}}