{"id":225,"date":"2019-07-08T13:38:35","date_gmt":"2019-07-08T13:38:35","guid":{"rendered":"http:\/\/democontent.codex-themes.com\/sites\/agency-media\/?p=225"},"modified":"2025-06-20T16:50:17","modified_gmt":"2025-06-20T19:50:17","slug":"glems-prestigia-posse-de-veneraveis-mestres-da-regiao-norte-do-paraguai","status":"publish","type":"post","link":"https:\/\/grandelojams.org.br\/es\/glems-prestigia-posse-de-veneraveis-mestres-da-regiao-norte-do-paraguai\/","title":{"rendered":"GLEMS PRESTIGIA POSSE DE VENER\u00c1VEIS-MESTRES DA REGI\u00c3O NORTE DO PARAGUAI"},"content":{"rendered":"<p>[vc_row css=&#8221;.vc_custom_1547452732428{margin-bottom: 0px !important;}&#8221;][vc_column offset=&#8221;vc_col-md-6&#8243;][gem_divider margin_top=&#8221;50&#8243;][vc_column_text]O Seren\u00edssimo Gr\u00e3o-mestre Ir\u2234\u00a0Ademar de Souza Freitas juntamente com uma Comitiva de irm\u00e3os da Grande Loja do Estado de Mato Grosso do Sul, participou no dia 4 desse m\u00eas, no Templo Ma\u00e7\u00f4nico de Concepci\u00f3n, da Sess\u00e3o Magna de Posse dos Vener\u00e1veis-mestres da Regi\u00e3o Norte. O evento\u00a0 foi presidido pelo Seren\u00edssimo Gr\u00e3o-mestre da Grande Loja do Paraguai, o Ir\u2234\u00a0Jos\u00e9 Miguel Fernandez Zacur.<\/p>\n<p>O gr\u00e3o-mestre da Glems e o gr\u00e3o-mestre Ad Vitam Ir\u2234Jord\u00e3o Abreu Da Silva Jr. receberam o t\u00edtulo de\u00a0membro\u00a0honor\u00e1rio\u00a0da Loja Paraguaia Perfecta Harmonia.n\u00ba 129.<\/p>\n<p>Ap\u00f3s a cerim\u00f4nia foi realizado um jantar de confraterniza\u00e7\u00e3o juntamente com as cunhadas, no Sal\u00e3o de Eventos de\u00a0Concepci\u00f3n.[\/vc_column_text][\/vc_column][vc_column offset=&#8221;vc_col-md-6&#8243;][vc_column_text css=&#8221;.vc_custom_1679077016854{margin-top: -8px !important;}&#8221;]<\/p>\n<div class=\"title-h4\">\n<div class=\"col-md-12 titulo-noticia\">\n<div class=\"col-md-12 titulo-noticia\">GLEMS PRESTIGIA POSSE DE VENER\u00c1VEIS-MESTRES DA REGI\u00c3O NORTE DO PARAGUAI<\/div>\n<\/div>\n<\/div>\n<p>[\/vc_column_text][gem_divider margin_top=&#8221;30&#8243;][vc_column_text]O evento contou com a presen\u00e7a de v\u00e1rias outras autoridades ma\u00e7\u00f4nicas como o Secret\u00e1rio Executivo da CMI &#8211; Confedera\u00e7\u00e3o Ma\u00e7\u00f4nica Interamericana, Excelent\u00edssimo Ir\u2234\u00a0Geraldo Macedo, o Gr\u00e3o-Mestre da Divis\u00e3o Sul da Am\u00e9rica do Sul da Grande Loja Unida da Inglaterra, Vener\u00e1vel Ir\u2234\u00a0Richard Cooper, o Gr\u00e3o-Mestre da Grande Loja da Bol\u00edvia, Respeit\u00e1vel Ir\u2234\u00a0Rodrigo Arce Oropeza, o Gr\u00e3o-Mestre Adjunto da Grande Ma\u00e7\u00f4nica Loja do Estado de Mato Grosso, Respeit\u00e1vel Ir\u2234\u00a0Pedro Henrique Ortega De Calazans, o Ex Gr\u00e3o-Mestre da Grande Loja Ma\u00e7\u00f4nica do Estado de Mato Grosso do Sul, Vener\u00e1vel Ir\u2234Jord\u00e3o Abreu Da Silva Jr. e o Grande Representante do GLSP perante as Grandes Lojas da Calif\u00f3rnia e Filipinas, Vener\u00e1vel Ir\u2234\u00a0Lambert Yim.[\/vc_column_text][\/vc_column][\/vc_row][vc_row css=&#8221;.vc_custom_1547452732428{margin-bottom: 0px !important;}&#8221;][vc_column width=&#8221;1\/2&#8243;][gem_divider margin_top=&#8221;40&#8243;][vc_column_text]Vener\u00e1veis \u200b\u200bMestres de quase 60 Lojas regionais do Paraguai tamb\u00e9m compareceram \u00e0 festividade.<\/p>\n<p>Foram instalados no cargo de vener\u00e1vel-mestre os seguintes Irm\u00e3os:<\/p>\n<p>1. Loja de Harmonia Perfeita 129:<\/p>\n<p>VM Ricardo Anibal Paiva G\u00e1mez.<\/p>\n<p>2. Loja Irmandade Sem Fronteiras 141:<\/p>\n<p>VM Oscar Maria Lopez Romero.<\/p>\n<p>3. Verdade e Mist\u00e9rio Lodge 161:<\/p>\n<p>VM Rodrigo Zarza Bogado.<\/p>\n<p>4. Loja Filhos do Sil\u00eancio 181:<\/p>\n<p>VM Justino Adrian Ram\u00edrez Pe\u00f1a.[\/vc_column_text][\/vc_column][vc_column width=&#8221;1\/2&#8243;][gem_divider margin_top=&#8221;40&#8243;][vc_single_image image=&#8221;1890&#8243; img_size=&#8221;300&#215;500&#8243;][gem_divider margin_top=&#8221;40&#8243;][\/vc_column][\/vc_row][vc_row css=&#8221;.vc_custom_1547452732428{margin-bottom: 0px !important;}&#8221;][vc_column][gem_divider margin_top=&#8221;50&#8243;][\/vc_column][\/vc_row][vc_row css=&#8221;.vc_custom_1547452732428{margin-bottom: 0px !important;}&#8221;][vc_column][vc_column_text]El Seren\u00edsimo Gran Maestro\u00a0Ir\u2234 Ademar de Souza Freitas, junto a una delegaci\u00f3n de hermanos de la Gran Logia del Estado de Mato Grosso do Sul, participaron el d\u00eda 4 de ese mes, en el Templo Mas\u00f3nico de Concepci\u00f3n, en la Sesi\u00f3n Inaugural de los Venerables Maestros de la Regi\u00f3n Norte. El acto estuvo presidido por el Seren\u00edsimo Gran Maestro\u00a0de la Gran Logia del Paraguay, Hno. Jos\u00e9 Miguel Fernandez Zacur.<\/p>\n<p>Gran Maestro de la\u00a0Glems y Gran Maestro Ad Vitam Ir\u2234Jord\u00e3o Abreu Da Silva Jr. recibi\u00f3 el t\u00edtulo de miembro de honor de la Logia Paraguaya Perfecta Harmonia, n\u00ba 129.<\/p>\n<p>Al evento asistieron varias otras autoridades mas\u00f3nicas como el Secretario Ejecutivo de la CMI &#8211; Confederaci\u00f3n Mas\u00f3nica Interamericana, Su Excelencia el Hermano Geraldo Macedo, el Gran Maestro de la Divisi\u00f3n Sur de Am\u00e9rica del Sur de la Gran Logia Unida de Inglaterra, Venerable Hermano Richard Cooper, Gran Maestre de la Gran Logia de Bolivia, Respetable Hermano Rodrigo Arce Oropeza, Diputado Gran Maestre de la Gran Logia Mas\u00f3nica del Estado de Mato Grosso, Respetable Hermano Pedro Henrique Ortega De Calazans, Ex Gran Maestre de la Gran Logia Mas\u00f3nica de el Estado de Mato Grosso do Sul, Venerable Ir\u2234 Jord\u00e3o Abreu Da Silva Jr. y el Gran Representante de la GLSP ante las Grandes Logias de California y Filipinas, Venerable Hermano Lambert Yim.<\/p>\n<p>Venerables Maestros\u00a0e representantes de aproximadamente 60 Logias regionales de Paraguay tambi\u00e9n asistieron a la festividad.<br \/>\nEn el cargo de Venerable Maestro fueron instalados los siguientes Hermanos: 1. Perfect Harmony Tienda 129: VM Ricardo An\u00edbal Paiva G\u00e1mez. 2. Tienda Irmandade Sem Fronteiras 141: VM Oscar Mar\u00eda L\u00f3pez Romero. 3. Logia de la Verdad y el Misterio 161: VM Rodrigo Zarza Bogado. 4. Tienda Hijos del Silencio 181: VM Justino Adri\u00e1n Ram\u00edrez Pe\u00f1a.[\/vc_column_text][\/vc_column][\/vc_row]<\/p>\n","protected":false},"excerpt":{"rendered":"<p>[vc_row css=&#8221;.vc_custom_1547452732428{margin-bottom: 0px !important;}&#8221;][vc_column offset=&#8221;vc_col-md-6&#8243;][gem_divider margin_top=&#8221;50&#8243;][vc_column_text]O Seren\u00edssimo Gr\u00e3o-mestre Ir\u2234\u00a0Ademar de Souza Freitas juntamente com uma Comitiva de irm\u00e3os da Grande Loja do Estado de Mato Grosso do Sul, participou no dia 4 desse m\u00eas, no Templo Ma\u00e7\u00f4nico de Concepci\u00f3n, da Sess\u00e3o Magna de Posse dos Vener\u00e1veis-mestres da Regi\u00e3o Norte. O evento\u00a0 foi presidido pelo Seren\u00edssimo [&hellip;]<\/p>\n","protected":false},"author":1,"featured_media":9550,"comment_status":"open","ping_status":"open","sticky":false,"template":"","format":"standard","meta":{"footnotes":""},"categories":[56],"tags":[6,7,8,9,10,11,12,13,14,15],"class_list":["post-225","post","type-post","status-publish","format-standard","has-post-thumbnail","hentry","category-noticias","tag-accumsan","tag-aodio","tag-aornare","tag-auctor","tag-ipsum","tag-morbi","tag-nam","tag-tellus","tag-tincidunt","tag-velit"],"yoast_head":"<!-- This site is optimized with the Yoast SEO plugin v26.3 - https:\/\/yoast.com\/wordpress\/plugins\/seo\/ -->\n<title>GLEMS PRESTIGIA POSSE DE VENER\u00c1VEIS-MESTRES DA REGI\u00c3O NORTE DO PARAGUAI - GLEMS<\/title>\n<meta name=\"robots\" content=\"index, follow, max-snippet:-1, max-image-preview:large, max-video-preview:-1\" \/>\n<link rel=\"canonical\" href=\"https:\/\/grandelojams.org.br\/es\/glems-prestigia-posse-de-veneraveis-mestres-da-regiao-norte-do-paraguai\/\" \/>\n<meta property=\"og:locale\" content=\"pt_BR\" \/>\n<meta property=\"og:type\" content=\"article\" \/>\n<meta property=\"og:title\" content=\"GLEMS PRESTIGIA POSSE DE VENER\u00c1VEIS-MESTRES DA REGI\u00c3O NORTE DO PARAGUAI - GLEMS\" \/>\n<meta property=\"og:description\" content=\"[vc_row css=&#8221;.vc_custom_1547452732428{margin-bottom: 0px !important;}&#8221;][vc_column offset=&#8221;vc_col-md-6&#8243;][gem_divider margin_top=&#8221;50&#8243;][vc_column_text]O Seren\u00edssimo Gr\u00e3o-mestre Ir\u2234\u00a0Ademar de Souza Freitas juntamente com uma Comitiva de irm\u00e3os da Grande Loja do Estado de Mato Grosso do Sul, participou no dia 4 desse m\u00eas, no Templo Ma\u00e7\u00f4nico de Concepci\u00f3n, da Sess\u00e3o Magna de Posse dos Vener\u00e1veis-mestres da Regi\u00e3o Norte. O evento\u00a0 foi presidido pelo Seren\u00edssimo [&hellip;]\" \/>\n<meta property=\"og:url\" content=\"https:\/\/grandelojams.org.br\/es\/glems-prestigia-posse-de-veneraveis-mestres-da-regiao-norte-do-paraguai\/\" \/>\n<meta property=\"og:site_name\" content=\"GLEMS\" \/>\n<meta property=\"article:published_time\" content=\"2019-07-08T13:38:35+00:00\" \/>\n<meta property=\"article:modified_time\" content=\"2025-06-20T19:50:17+00:00\" \/>\n<meta property=\"og:image\" content=\"https:\/\/grandelojams.org.br\/es\/wp-content\/uploads\/2019\/07\/oq-ue-e-1-600x372-1.png\" \/>\n\t<meta property=\"og:image:width\" content=\"600\" \/>\n\t<meta property=\"og:image:height\" content=\"372\" \/>\n\t<meta property=\"og:image:type\" content=\"image\/png\" \/>\n<meta name=\"author\" content=\"admin\" \/>\n<meta name=\"twitter:card\" content=\"summary_large_image\" \/>\n<meta name=\"twitter:label1\" content=\"Escrito por\" \/>\n\t<meta name=\"twitter:data1\" content=\"admin\" \/>\n\t<meta name=\"twitter:label2\" content=\"Est. tempo de leitura\" \/>\n\t<meta name=\"twitter:data2\" content=\"4 minutos\" \/>\n<script type=\"application\/ld+json\" class=\"yoast-schema-graph\">{\"@context\":\"https:\/\/schema.org\",\"@graph\":[{\"@type\":\"WebPage\",\"@id\":\"https:\/\/grandelojams.org.br\/es\/glems-prestigia-posse-de-veneraveis-mestres-da-regiao-norte-do-paraguai\/\",\"url\":\"https:\/\/grandelojams.org.br\/es\/glems-prestigia-posse-de-veneraveis-mestres-da-regiao-norte-do-paraguai\/\",\"name\":\"GLEMS PRESTIGIA POSSE DE VENER\u00c1VEIS-MESTRES DA REGI\u00c3O NORTE DO PARAGUAI - GLEMS\",\"isPartOf\":{\"@id\":\"https:\/\/grandelojams.org.br\/es\/#website\"},\"primaryImageOfPage\":{\"@id\":\"https:\/\/grandelojams.org.br\/es\/glems-prestigia-posse-de-veneraveis-mestres-da-regiao-norte-do-paraguai\/#primaryimage\"},\"image\":{\"@id\":\"https:\/\/grandelojams.org.br\/es\/glems-prestigia-posse-de-veneraveis-mestres-da-regiao-norte-do-paraguai\/#primaryimage\"},\"thumbnailUrl\":\"https:\/\/grandelojams.org.br\/es\/wp-content\/uploads\/2019\/07\/oq-ue-e-1-600x372-1.png\",\"datePublished\":\"2019-07-08T13:38:35+00:00\",\"dateModified\":\"2025-06-20T19:50:17+00:00\",\"author\":{\"@id\":\"https:\/\/grandelojams.org.br\/es\/#\/schema\/person\/5da1c0de136fe7cc6dea7d22b535752b\"},\"breadcrumb\":{\"@id\":\"https:\/\/grandelojams.org.br\/es\/glems-prestigia-posse-de-veneraveis-mestres-da-regiao-norte-do-paraguai\/#breadcrumb\"},\"inLanguage\":\"pt-BR\",\"potentialAction\":[{\"@type\":\"ReadAction\",\"target\":[\"https:\/\/grandelojams.org.br\/es\/glems-prestigia-posse-de-veneraveis-mestres-da-regiao-norte-do-paraguai\/\"]}]},{\"@type\":\"ImageObject\",\"inLanguage\":\"pt-BR\",\"@id\":\"https:\/\/grandelojams.org.br\/es\/glems-prestigia-posse-de-veneraveis-mestres-da-regiao-norte-do-paraguai\/#primaryimage\",\"url\":\"https:\/\/grandelojams.org.br\/es\/wp-content\/uploads\/2019\/07\/oq-ue-e-1-600x372-1.png\",\"contentUrl\":\"https:\/\/grandelojams.org.br\/es\/wp-content\/uploads\/2019\/07\/oq-ue-e-1-600x372-1.png\",\"width\":600,\"height\":372},{\"@type\":\"BreadcrumbList\",\"@id\":\"https:\/\/grandelojams.org.br\/es\/glems-prestigia-posse-de-veneraveis-mestres-da-regiao-norte-do-paraguai\/#breadcrumb\",\"itemListElement\":[{\"@type\":\"ListItem\",\"position\":1,\"name\":\"In\u00edcio\",\"item\":\"https:\/\/grandelojams.org.br\/es\/\"},{\"@type\":\"ListItem\",\"position\":2,\"name\":\"GLEMS PRESTIGIA POSSE DE VENER\u00c1VEIS-MESTRES DA REGI\u00c3O NORTE DO PARAGUAI\"}]},{\"@type\":\"WebSite\",\"@id\":\"https:\/\/grandelojams.org.br\/es\/#website\",\"url\":\"https:\/\/grandelojams.org.br\/es\/\",\"name\":\"GLEMS\",\"description\":\"Grande Loja Ma\u00e7\u00f4nica do Mato Grosso do Sul\",\"potentialAction\":[{\"@type\":\"SearchAction\",\"target\":{\"@type\":\"EntryPoint\",\"urlTemplate\":\"https:\/\/grandelojams.org.br\/es\/?s={search_term_string}\"},\"query-input\":{\"@type\":\"PropertyValueSpecification\",\"valueRequired\":true,\"valueName\":\"search_term_string\"}}],\"inLanguage\":\"pt-BR\"},{\"@type\":\"Person\",\"@id\":\"https:\/\/grandelojams.org.br\/es\/#\/schema\/person\/5da1c0de136fe7cc6dea7d22b535752b\",\"name\":\"admin\",\"image\":{\"@type\":\"ImageObject\",\"inLanguage\":\"pt-BR\",\"@id\":\"https:\/\/grandelojams.org.br\/es\/#\/schema\/person\/image\/\",\"url\":\"https:\/\/secure.gravatar.com\/avatar\/786137a0e890f9b53660f24bf8ec01ff8c644974de881f5aedc68bd0708ea113?s=96&d=mm&r=g\",\"contentUrl\":\"https:\/\/secure.gravatar.com\/avatar\/786137a0e890f9b53660f24bf8ec01ff8c644974de881f5aedc68bd0708ea113?s=96&d=mm&r=g\",\"caption\":\"admin\"},\"sameAs\":[\"https:\/\/mondayde.com.br\/clientes\/template1\"],\"url\":\"https:\/\/grandelojams.org.br\/es\/author\/admin\/\"}]}<\/script>\n<!-- \/ Yoast SEO plugin. -->","yoast_head_json":{"title":"GLEMS PRESTIGIA POSSE DE VENER\u00c1VEIS-MESTRES DA REGI\u00c3O NORTE DO PARAGUAI - GLEMS","robots":{"index":"index","follow":"follow","max-snippet":"max-snippet:-1","max-image-preview":"max-image-preview:large","max-video-preview":"max-video-preview:-1"},"canonical":"https:\/\/grandelojams.org.br\/es\/glems-prestigia-posse-de-veneraveis-mestres-da-regiao-norte-do-paraguai\/","og_locale":"pt_BR","og_type":"article","og_title":"GLEMS PRESTIGIA POSSE DE VENER\u00c1VEIS-MESTRES DA REGI\u00c3O NORTE DO PARAGUAI - GLEMS","og_description":"[vc_row css=&#8221;.vc_custom_1547452732428{margin-bottom: 0px !important;}&#8221;][vc_column offset=&#8221;vc_col-md-6&#8243;][gem_divider margin_top=&#8221;50&#8243;][vc_column_text]O Seren\u00edssimo Gr\u00e3o-mestre Ir\u2234\u00a0Ademar de Souza Freitas juntamente com uma Comitiva de irm\u00e3os da Grande Loja do Estado de Mato Grosso do Sul, participou no dia 4 desse m\u00eas, no Templo Ma\u00e7\u00f4nico de Concepci\u00f3n, da Sess\u00e3o Magna de Posse dos Vener\u00e1veis-mestres da Regi\u00e3o Norte. O evento\u00a0 foi presidido pelo Seren\u00edssimo [&hellip;]","og_url":"https:\/\/grandelojams.org.br\/es\/glems-prestigia-posse-de-veneraveis-mestres-da-regiao-norte-do-paraguai\/","og_site_name":"GLEMS","article_published_time":"2019-07-08T13:38:35+00:00","article_modified_time":"2025-06-20T19:50:17+00:00","og_image":[{"width":600,"height":372,"url":"https:\/\/grandelojams.org.br\/es\/wp-content\/uploads\/2019\/07\/oq-ue-e-1-600x372-1.png","type":"image\/png"}],"author":"admin","twitter_card":"summary_large_image","twitter_misc":{"Escrito por":"admin","Est. tempo de leitura":"4 minutos"},"schema":{"@context":"https:\/\/schema.org","@graph":[{"@type":"WebPage","@id":"https:\/\/grandelojams.org.br\/es\/glems-prestigia-posse-de-veneraveis-mestres-da-regiao-norte-do-paraguai\/","url":"https:\/\/grandelojams.org.br\/es\/glems-prestigia-posse-de-veneraveis-mestres-da-regiao-norte-do-paraguai\/","name":"GLEMS PRESTIGIA POSSE DE VENER\u00c1VEIS-MESTRES DA REGI\u00c3O NORTE DO PARAGUAI - GLEMS","isPartOf":{"@id":"https:\/\/grandelojams.org.br\/es\/#website"},"primaryImageOfPage":{"@id":"https:\/\/grandelojams.org.br\/es\/glems-prestigia-posse-de-veneraveis-mestres-da-regiao-norte-do-paraguai\/#primaryimage"},"image":{"@id":"https:\/\/grandelojams.org.br\/es\/glems-prestigia-posse-de-veneraveis-mestres-da-regiao-norte-do-paraguai\/#primaryimage"},"thumbnailUrl":"https:\/\/grandelojams.org.br\/es\/wp-content\/uploads\/2019\/07\/oq-ue-e-1-600x372-1.png","datePublished":"2019-07-08T13:38:35+00:00","dateModified":"2025-06-20T19:50:17+00:00","author":{"@id":"https:\/\/grandelojams.org.br\/es\/#\/schema\/person\/5da1c0de136fe7cc6dea7d22b535752b"},"breadcrumb":{"@id":"https:\/\/grandelojams.org.br\/es\/glems-prestigia-posse-de-veneraveis-mestres-da-regiao-norte-do-paraguai\/#breadcrumb"},"inLanguage":"pt-BR","potentialAction":[{"@type":"ReadAction","target":["https:\/\/grandelojams.org.br\/es\/glems-prestigia-posse-de-veneraveis-mestres-da-regiao-norte-do-paraguai\/"]}]},{"@type":"ImageObject","inLanguage":"pt-BR","@id":"https:\/\/grandelojams.org.br\/es\/glems-prestigia-posse-de-veneraveis-mestres-da-regiao-norte-do-paraguai\/#primaryimage","url":"https:\/\/grandelojams.org.br\/es\/wp-content\/uploads\/2019\/07\/oq-ue-e-1-600x372-1.png","contentUrl":"https:\/\/grandelojams.org.br\/es\/wp-content\/uploads\/2019\/07\/oq-ue-e-1-600x372-1.png","width":600,"height":372},{"@type":"BreadcrumbList","@id":"https:\/\/grandelojams.org.br\/es\/glems-prestigia-posse-de-veneraveis-mestres-da-regiao-norte-do-paraguai\/#breadcrumb","itemListElement":[{"@type":"ListItem","position":1,"name":"In\u00edcio","item":"https:\/\/grandelojams.org.br\/es\/"},{"@type":"ListItem","position":2,"name":"GLEMS PRESTIGIA POSSE DE VENER\u00c1VEIS-MESTRES DA REGI\u00c3O NORTE DO PARAGUAI"}]},{"@type":"WebSite","@id":"https:\/\/grandelojams.org.br\/es\/#website","url":"https:\/\/grandelojams.org.br\/es\/","name":"GLEMS","description":"Grande Loja Ma\u00e7\u00f4nica do Mato Grosso do Sul","potentialAction":[{"@type":"SearchAction","target":{"@type":"EntryPoint","urlTemplate":"https:\/\/grandelojams.org.br\/es\/?s={search_term_string}"},"query-input":{"@type":"PropertyValueSpecification","valueRequired":true,"valueName":"search_term_string"}}],"inLanguage":"pt-BR"},{"@type":"Person","@id":"https:\/\/grandelojams.org.br\/es\/#\/schema\/person\/5da1c0de136fe7cc6dea7d22b535752b","name":"admin","image":{"@type":"ImageObject","inLanguage":"pt-BR","@id":"https:\/\/grandelojams.org.br\/es\/#\/schema\/person\/image\/","url":"https:\/\/secure.gravatar.com\/avatar\/786137a0e890f9b53660f24bf8ec01ff8c644974de881f5aedc68bd0708ea113?s=96&d=mm&r=g","contentUrl":"https:\/\/secure.gravatar.com\/avatar\/786137a0e890f9b53660f24bf8ec01ff8c644974de881f5aedc68bd0708ea113?s=96&d=mm&r=g","caption":"admin"},"sameAs":["https:\/\/mondayde.com.br\/clientes\/template1"],"url":"https:\/\/grandelojams.org.br\/es\/author\/admin\/"}]}},"_links":{"self":[{"href":"https:\/\/grandelojams.org.br\/es\/wp-json\/wp\/v2\/posts\/225","targetHints":{"allow":["GET"]}}],"collection":[{"href":"https:\/\/grandelojams.org.br\/es\/wp-json\/wp\/v2\/posts"}],"about":[{"href":"https:\/\/grandelojams.org.br\/es\/wp-json\/wp\/v2\/types\/post"}],"author":[{"embeddable":true,"href":"https:\/\/grandelojams.org.br\/es\/wp-json\/wp\/v2\/users\/1"}],"replies":[{"embeddable":true,"href":"https:\/\/grandelojams.org.br\/es\/wp-json\/wp\/v2\/comments?post=225"}],"version-history":[{"count":1,"href":"https:\/\/grandelojams.org.br\/es\/wp-json\/wp\/v2\/posts\/225\/revisions"}],"predecessor-version":[{"id":9556,"href":"https:\/\/grandelojams.org.br\/es\/wp-json\/wp\/v2\/posts\/225\/revisions\/9556"}],"wp:featuredmedia":[{"embeddable":true,"href":"https:\/\/grandelojams.org.br\/es\/wp-json\/wp\/v2\/media\/9550"}],"wp:attachment":[{"href":"https:\/\/grandelojams.org.br\/es\/wp-json\/wp\/v2\/media?parent=225"}],"wp:term":[{"taxonomy":"category","embeddable":true,"href":"https:\/\/grandelojams.org.br\/es\/wp-json\/wp\/v2\/categories?post=225"},{"taxonomy":"post_tag","embeddable":true,"href":"https:\/\/grandelojams.org.br\/es\/wp-json\/wp\/v2\/tags?post=225"}],"curies":[{"name":"wp","href":"https:\/\/api.w.org\/{rel}","templated":true}]}}